{"id":9889,"date":"2021-09-20T11:00:44","date_gmt":"2021-09-20T09:00:44","guid":{"rendered":"https:\/\/edublog.educastur.es\/ixuxu\/?p=9889"},"modified":"2021-09-21T20:56:07","modified_gmt":"2021-09-21T18:56:07","slug":"el-desfile-del-dia-damerica-nasturies","status":"publish","type":"post","link":"https:\/\/edublog.educastur.es\/ixuxu\/2021\/09\/el-desfile-del-dia-damerica-nasturies\/","title":{"rendered":"El desfile del D\u00eda d&#8217;Am\u00e9rica n&#8217;Asturies"},"content":{"rendered":"<div class=\"\" dir=\"auto\">\n<div class=\"\" dir=\"auto\">\n<div class=\"ecm0bbzt hv4rvrfc ihqw7lf3 dati1w0a\" data-ad-comet-preview=\"message\" data-ad-preview=\"message\">\n<div class=\"j83agx80 cbu4d94t ew0dbk1b irj2b8pg\">\n<div class=\"qzhwtbm6 knvmm38d\">\n<div class=\"kvgmc6g5 cxmmr5t8 oygrvhab hcukyx3x c1et5uql ii04i59q\">\n<div dir=\"auto\" style=\"text-align: center\"><a href=\"https:\/\/tinypix.top\/images\/2021\/09\/21\/vWrrX.jpg\"><img loading=\"lazy\" decoding=\"async\" class=\"alignnone\" src=\"https:\/\/tinypix.top\/images\/2021\/09\/21\/vWrrX.jpg\" alt=\"\" width=\"476\" height=\"745\" \/><\/a><\/div>\n<div dir=\"auto\"><\/div>\n<div dir=\"auto\">El desfile del <span style=\"color: #008080\"><strong>D\u00eda d&#8217;Am\u00e9rica n&#8217;Asturies<\/strong><\/span>, empez\u00f3 a celebrase n&#8217;Uvi\u00e9u\/Uvi\u00e9u en 1950, por iniciativa del dibuxante <a href=\"https:\/\/es.wikipedia.org\/wiki\/Alfonso_Iglesias\"><strong>Alfonso Iglesias.<\/strong> <\/a><\/div>\n<ul>\n<li><a href=\"https:\/\/fondos.gijon.es\/fotoweb\/\"><span style=\"color: #008080\">https:\/\/fondos.gijon.es\/fotoweb\/<\/span><\/a><\/li>\n<li><a href=\"https:\/\/www.facebook.com\/MuseudelPuebludAsturies\/photos\/a.237135646420536\/2390243141109765\/\">Fonte noticia: Facebook<\/a> \/<\/li>\n<li><a href=\"https:\/\/es.wikipedia.org\/wiki\/D%C3%ADa_de_Am%C3%A9rica_en_Asturias\">D\u00eda d&#8217; Am\u00e9rica n&#8217;Asturies<\/a> \/ <a href=\"https:\/\/www.google.com\/search?q=dia+america+en+asturias&amp;client=firefox-b-d&amp;sxsrf=AOaemvLtK00am-HnWSao4F-_iWPtoZEw-A:1632250334927&amp;source=lnms&amp;tbm=isch&amp;sa=X&amp;ved=2ahUKEwjT6Jar3pDzAhVHxhoKHW0bAzIQ_AUoAnoECAEQBA&amp;biw=1536&amp;bih=739&amp;dpr=1.25\">semeyes<\/a> \/<\/li>\n<\/ul>\n<div dir=\"auto\">El <strong>D\u00eda d&#8217;Am\u00e9rica n&#8217;Asturies<\/strong> celebrase por vegada primer en 1950, y dende ent\u00f3s la cita ye&#8217;l 19 de setiembre de cada a\u00f1u, nel marcu de les Fiestes de San Mateo.<\/div>\n<div dir=\"auto\" style=\"text-align: center\"><a href=\"https:\/\/www.turismoasturias.es\/documents\/11022\/2031626\/Dia_de_America_en_Asturias.jpg\/8d8a1563-1221-4df9-8770-388975c0a37f?t=1495532102876\"><img loading=\"lazy\" decoding=\"async\" class=\"alignnone\" src=\"https:\/\/www.turismoasturias.es\/documents\/11022\/2031626\/Dia_de_America_en_Asturias.jpg\/8d8a1563-1221-4df9-8770-388975c0a37f?t=1495532102876\" alt=\"\" width=\"708\" height=\"449\" \/><\/a><\/div>\n<div dir=\"auto\" style=\"text-align: center\">\n<!-- iframe plugin v.6.0 wordpress.org\/plugins\/iframe\/ -->\n<iframe loading=\"lazy\" width=\"100%\" height=\"523\" src=\"https:\/\/www.youtube.com\/embed\/EkY7Ig5Du4o\" 0=\"\/iframe\" scrolling=\"yes\" class=\"iframe-class\" frameborder=\"0\"><\/iframe>\n<\/div>\n<ul>\n<li><a href=\"https:\/\/asturias.com\/fiestas-de-san-mateo\/\">Visto en Asturias.com<\/a><\/li>\n<\/ul>\n<div dir=\"auto\"><\/div>\n<div dir=\"auto\">El Mus\u00e9u del Pueblu d&#8217;Asturies de Xix\u00f3n caltien no fondero del arquivu de la casa Artigot, robla editora de tarxetes postales, imaxes d&#8217;estos desfiles. Amos\u00e9mosvos una d&#8217;elles na que destaca&#8217;l trabayu de cester\u00eda de los xarr\u00e9s. La imaxe ye d&#8217;un desfile de la d\u00e9cada de 1950, si daqui\u00e9n sabe la fecha esacta, por favor, indic\u00e1ilo nos comentarios. Y si quer\u00e9is afayar m\u00e1s imaxes d&#8217;esti d\u00eda, busc\u00e1iles <a href=\"https:\/\/fondos.gijon.es\/fotoweb\/\">enfondos.gijon.es<\/a> \u00a1Os sorprender\u00e1n!<\/div>\n<div dir=\"auto\"><\/div>\n<div dir=\"auto\"><a class=\"oajrlxb2 g5ia77u1 qu0x051f esr5mh6w e9989ue4 r7d6kgcz rq0escxv nhd2j8a9 nc684nl6 p7hjln8o kvgmc6g5 cxmmr5t8 oygrvhab hcukyx3x jb3vyjys rz4wbd8a qt6c0cv9 a8nywdso i1ao9s8h esuyzwwr f1sip0of lzcic4wl q66pz984 gpro0wi8 b1v8xokw\" role=\"link\" href=\"https:\/\/www.facebook.com\/museos.gijon\/?__cft__[0]=AZXzp0En-VAPNfjnUecvQbXn9TP3jFOgLwl1LJC6txZBt6Gh8LdMWOyJPZES2yMwsSGq9hiBPm3lC0kYv9hisxf9hWvD0ZalXstPENjeMscZT2_Tdb9JetDcqTpem8IeZmtmULgBDDYE18-ddRPo6xadqW08U3tJVzDdlZz6AIk-mg&amp;__tn__=kK-y-R\"><span class=\"nc684nl6\">Museos Gij\u00f3n-Xix\u00f3n<\/span><\/a> Sociedad Ovetense De Festejos Sof @diamerica <a class=\"oajrlxb2 g5ia77u1 qu0x051f esr5mh6w e9989ue4 r7d6kgcz rq0escxv nhd2j8a9 nc684nl6 p7hjln8o kvgmc6g5 cxmmr5t8 oygrvhab hcukyx3x jb3vyjys rz4wbd8a qt6c0cv9 a8nywdso i1ao9s8h esuyzwwr f1sip0of lzcic4wl q66pz984 gpro0wi8 b1v8xokw\" role=\"link\" href=\"https:\/\/www.facebook.com\/hashtag\/d%C3%ADadeam%C3%A9ricaenasturias?__eep__=6&amp;__cft__[0]=AZXzp0En-VAPNfjnUecvQbXn9TP3jFOgLwl1LJC6txZBt6Gh8LdMWOyJPZES2yMwsSGq9hiBPm3lC0kYv9hisxf9hWvD0ZalXstPENjeMscZT2_Tdb9JetDcqTpem8IeZmtmULgBDDYE18-ddRPo6xadqW08U3tJVzDdlZz6AIk-mg&amp;__tn__=*NK-y-R\">#D\u00edadeAm\u00e9ricaenAsturias<\/a> <a class=\"oajrlxb2 g5ia77u1 qu0x051f esr5mh6w e9989ue4 r7d6kgcz rq0escxv nhd2j8a9 nc684nl6 p7hjln8o kvgmc6g5 cxmmr5t8 oygrvhab hcukyx3x jb3vyjys rz4wbd8a qt6c0cv9 a8nywdso i1ao9s8h esuyzwwr f1sip0of lzcic4wl q66pz984 gpro0wi8 b1v8xokw\" role=\"link\" href=\"https:\/\/www.facebook.com\/hashtag\/sof?__eep__=6&amp;__cft__[0]=AZXzp0En-VAPNfjnUecvQbXn9TP3jFOgLwl1LJC6txZBt6Gh8LdMWOyJPZES2yMwsSGq9hiBPm3lC0kYv9hisxf9hWvD0ZalXstPENjeMscZT2_Tdb9JetDcqTpem8IeZmtmULgBDDYE18-ddRPo6xadqW08U3tJVzDdlZz6AIk-mg&amp;__tn__=*NK-y-R\">#SOF<\/a><\/div>\n<\/div>\n<\/div>\n<\/div>\n<\/div>\n<\/div>\n<\/div>\n<p>&nbsp;<\/p>\n","protected":false},"excerpt":{"rendered":"<p>El desfile del D\u00eda d&#8217;Am\u00e9rica n&#8217;Asturies, empez\u00f3 a celebrase n&#8217;Uvi\u00e9u\/Uvi\u00e9u en 1950, por iniciativa del dibuxante Alfonso Iglesias. https:\/\/fondos.gijon.es\/fotoweb\/ Fonte noticia: Facebook \/ D\u00eda d&#8217; Am\u00e9rica n&#8217;Asturies \/ semeyes \/ El D\u00eda d&#8217;Am\u00e9rica n&#8217;Asturies celebrase por vegada primer en 1950, y dende ent\u00f3s la cita ye&#8217;l 19 de setiembre de cada a\u00f1u, nel marcu de [&hellip;]<\/p>\n","protected":false},"author":117,"featured_media":0,"comment_status":"open","ping_status":"open","sticky":false,"template":"","format":"standard","meta":{"footnotes":""},"categories":[6],"tags":[],"class_list":["post-9889","post","type-post","status-publish","format-standard","hentry","category-dia-de"],"_links":{"self":[{"href":"https:\/\/edublog.educastur.es\/ixuxu\/wp-json\/wp\/v2\/posts\/9889","targetHints":{"allow":["GET"]}}],"collection":[{"href":"https:\/\/edublog.educastur.es\/ixuxu\/wp-json\/wp\/v2\/posts"}],"about":[{"href":"https:\/\/edublog.educastur.es\/ixuxu\/wp-json\/wp\/v2\/types\/post"}],"author":[{"embeddable":true,"href":"https:\/\/edublog.educastur.es\/ixuxu\/wp-json\/wp\/v2\/users\/117"}],"replies":[{"embeddable":true,"href":"https:\/\/edublog.educastur.es\/ixuxu\/wp-json\/wp\/v2\/comments?post=9889"}],"version-history":[{"count":4,"href":"https:\/\/edublog.educastur.es\/ixuxu\/wp-json\/wp\/v2\/posts\/9889\/revisions"}],"predecessor-version":[{"id":9892,"href":"https:\/\/edublog.educastur.es\/ixuxu\/wp-json\/wp\/v2\/posts\/9889\/revisions\/9892"}],"wp:attachment":[{"href":"https:\/\/edublog.educastur.es\/ixuxu\/wp-json\/wp\/v2\/media?parent=9889"}],"wp:term":[{"taxonomy":"category","embeddable":true,"href":"https:\/\/edublog.educastur.es\/ixuxu\/wp-json\/wp\/v2\/categories?post=9889"},{"taxonomy":"post_tag","embeddable":true,"href":"https:\/\/edublog.educastur.es\/ixuxu\/wp-json\/wp\/v2\/tags?post=9889"}],"curies":[{"name":"wp","href":"https:\/\/api.w.org\/{rel}","templated":true}]}}