{"id":9899,"date":"2021-09-19T16:00:07","date_gmt":"2021-09-19T14:00:07","guid":{"rendered":"https:\/\/edublog.educastur.es\/ixuxu\/?p=9899"},"modified":"2021-09-21T21:14:44","modified_gmt":"2021-09-21T19:14:44","slug":"grau-apegu-pola-ropa-asturiana","status":"publish","type":"post","link":"https:\/\/edublog.educastur.es\/ixuxu\/2021\/09\/grau-apegu-pola-ropa-asturiana\/","title":{"rendered":"Grau, apegu pola ropa asturiana"},"content":{"rendered":"<ul>\n<li><a href=\"https:\/\/www.lne.es\/centro\/2021\/09\/19\/grado-apego-ropa-asturiana-57442515.html?fbclid=IwAR21G6hwn3cDROJ8EAzXYLmLh-TAasKE4ugzMkXtWrBhFW0Dgu_GFfamzMI\">Fonte noticia: LNE<\/a><\/li>\n<\/ul>\n<p>Les modistes forfuguen los encargos para&#8217;l D\u00eda\u2019l Traxe\u2019l Pa\u00eds, el pr\u00f3ximu domingu:<\/p>\n<blockquote><p><em><span style=\"color: #008080\">\u201cVa haber mosconos lluciendo *indumentaria calidable\u201d<\/span><\/em><\/p><\/blockquote>\n<p style=\"text-align: center\"><a href=\"https:\/\/estaticos-cdn.prensaiberica.es\/clip\/350e9183-8e13-47ae-9e61-f494ed7d7e70_21-9-aspect-ratio_default_0.jpg\"><img loading=\"lazy\" decoding=\"async\" class=\"alignnone\" src=\"https:\/\/estaticos-cdn.prensaiberica.es\/clip\/350e9183-8e13-47ae-9e61-f494ed7d7e70_21-9-aspect-ratio_default_0.jpg\" alt=\"\" width=\"1280\" height=\"548\" \/><\/a><\/p>\n<p style=\"text-align: center\"><em>Raquel Vega Raspia, preparando un pantal\u00f3n nel so taller de Xix\u00f3n, ayeri. | S. Arias<\/em><\/p>\n<p><!--more--><\/p>\n<p>Les m\u00e1quines de coser de los talleres de moda tradicional asturiana t\u00e1n que nun paran. Y tou porque Grau acueye&#8217;l pr\u00f3ximu domingu d\u00eda 26 la quinta edici\u00f3n del D\u00eda\u2019l Traxe\u2019l Pa\u00eds, una celebraci\u00f3n que, dende la so primer edici\u00f3n, consigui\u00f3 espublizar la conocencia y xenerar un apegu pola ropa asturiana. Por eso, cada a\u00f1u alleguen m\u00e1s persones a la villa moscona para participar nel<strong><span style=\"color: #008080\"> concursu \u201cIndumentaria\u201d<\/span><\/strong> o, a cencielles, a esfrutar de la xornada festiva con m\u00fasica y danza tradicional. Y los moscones nun se quedaron tras.<\/p>\n<p>\u201cV<em>ien cada vez m\u00e1s xente de Grau. Como tami\u00e9n se fixo un cursu de confecci\u00f3n influy\u00f3 en que cada vez s&#8217;interesen m\u00e1s\u201d<\/em>, esplica Raquel Vega Raspia, col so taller de Xix\u00f3n zarr\u00e1u al p\u00fablicu, ayeri, pa poder dar salida a tolos encargos. Na mesma situaci\u00f3n ta Laura Ruiz Gonz\u00e1lez, de Fitoria (Uvi\u00e9u), ensin pieces n&#8217;arriendu y cosiendo ensin parar pa cumplir con toles entregues que tien per delantre esta selmana.<\/p>\n<p style=\"text-align: center\">\n<a href=\"https:\/\/estaticos-cdn.prensaiberica.es\/clip\/2e20703e-340b-480e-828a-cef31b8882eb_source-aspect-ratio_default_0.jpg\"><img loading=\"lazy\" decoding=\"async\" class=\"aligncenter\" src=\"https:\/\/estaticos-cdn.prensaiberica.es\/clip\/2e20703e-340b-480e-828a-cef31b8882eb_source-aspect-ratio_default_0.jpg\" alt=\"\" width=\"583\" height=\"716\" \/><\/a><em>Laura Ruiz Gonz\u00e1lez, nel so taller de cordura. | S. Arias<\/em><\/p>\n<p><em>\u201cAngua\u00f1o la xente ta bien animada, porque como hubo pocos eventos aprovechen pa encargar ropa\u201d,<\/em> confirma. Y non y\u00e1 hai ganes de vistise, la modista uvieina se\u00f1ala que cada vez m\u00e1s xente ta interesada en conocer los distintos usos del traxe, les diverses pieces que lo conformen o&#8217;l simbolismu de los colores y teles. Asina, los que se faen el traxe enteru d\u00e9xense emponer por completu poles modistes, <em>\u201ccol estilu y colores que m\u00e1s-yos empresten pero siguiendo siempres una ll\u00ednea correcta nes pieces y qu\u00e9 va con qu\u00e9\u201d,<\/em> detalla.<\/p>\n<p>Per otru llau, los que y\u00e1 tienen unu o dellos conxuntos apuesten por pieces concretes, m\u00e1s especiales: <em>\u201cVienen con reproducciones de semeyes antig\u00fces y grabaos, son persones que s&#8217;interesen en buscar la informaci\u00f3n sobro la indumentaria\u201d<\/em>, apunta Vega. Ello ye que suelen ser participantes nel concursu \u201cIndumentaria\u201d, que la so inscripci\u00f3n ta abierta hasta ma\u00f1ana a les 24 hores na p\u00e1xina web @www.indumentaria.com.es. <em>\u201cVa haber ropa de muncha varied\u00e1 y va haber mosconos que van llevar grandes traxes, lluciendo indumentaria calidable\u201d,<\/em> se\u00f1ala Berto Su\u00e1rez, organizador en collaboraci\u00f3n cola Conceyal\u00eda de Cultura de Grau.<\/p>\n<p>Celebra l&#8217;impactu que tuvo&#8217;l D\u00eda\u2019l Traxe\u2019l Pa\u00eds dende la so primer edici\u00f3n,<em> \u201ccreciendo en prest\u00edu y calid\u00e1 y pol que cada vez s&#8217;interesa m\u00e1s xente de fora d&#8217;Asturies n&#8217;\u00e9l\u201d<\/em>. Revel\u00f3 que tuvieron pidimientos por que s\u00eda retresmit\u00edu en directu. Tami\u00e9n epondera qu&#8217;esa puxanza sirve pa poner en valor a los artesanos qu&#8217;ig\u00fcen les teles o faen madre\u00f1es, seg\u00fan a les modistes que los cuesen. <strong><span style=\"color: #008080\">Una puesta en valor de la indumentaria tradicional asturiana, a semeyanza de la que se vist\u00eda a met\u00e1 del sieglu XIX, que se convirti\u00f3 nuna fecha marcada en collor\u00e1u nel calendariu pa munchos asturianos.<\/span><\/strong><\/p>\n<p>Y el pr\u00f3ximu domingu, am\u00e1s de l&#8217;amuesa y concursu del traxe, va haber m\u00fasica y baille con \u201cAndecha Folclor\u201d, \u201cAmb\u00e1s y Rams\u00e9s\u201d y Leticia Baselgas. Dempu\u00e9s d&#8217;un 2020 ensin D\u00eda\u2019l Traxe\u2019l Pa\u00eds pola normativa sanitaria derivada de la pandemia, munchos asturianos volver\u00e1n llucir con arguyu la indumentaria tradicional en Grau.<\/p>\n<p>&nbsp;<\/p>\n","protected":false},"excerpt":{"rendered":"<p>Fonte noticia: LNE Les modistes forfuguen los encargos para&#8217;l D\u00eda\u2019l Traxe\u2019l Pa\u00eds, el pr\u00f3ximu domingu: \u201cVa haber mosconos lluciendo *indumentaria calidable\u201d Raquel Vega Raspia, preparando un pantal\u00f3n nel so taller de Xix\u00f3n, ayeri. | S. Arias<\/p>\n","protected":false},"author":117,"featured_media":0,"comment_status":"open","ping_status":"open","sticky":false,"template":"","format":"standard","meta":{"footnotes":""},"categories":[210],"tags":[],"class_list":["post-9899","post","type-post","status-publish","format-standard","hentry","category-indumentaria"],"_links":{"self":[{"href":"https:\/\/edublog.educastur.es\/ixuxu\/wp-json\/wp\/v2\/posts\/9899","targetHints":{"allow":["GET"]}}],"collection":[{"href":"https:\/\/edublog.educastur.es\/ixuxu\/wp-json\/wp\/v2\/posts"}],"about":[{"href":"https:\/\/edublog.educastur.es\/ixuxu\/wp-json\/wp\/v2\/types\/post"}],"author":[{"embeddable":true,"href":"https:\/\/edublog.educastur.es\/ixuxu\/wp-json\/wp\/v2\/users\/117"}],"replies":[{"embeddable":true,"href":"https:\/\/edublog.educastur.es\/ixuxu\/wp-json\/wp\/v2\/comments?post=9899"}],"version-history":[{"count":3,"href":"https:\/\/edublog.educastur.es\/ixuxu\/wp-json\/wp\/v2\/posts\/9899\/revisions"}],"predecessor-version":[{"id":9901,"href":"https:\/\/edublog.educastur.es\/ixuxu\/wp-json\/wp\/v2\/posts\/9899\/revisions\/9901"}],"wp:attachment":[{"href":"https:\/\/edublog.educastur.es\/ixuxu\/wp-json\/wp\/v2\/media?parent=9899"}],"wp:term":[{"taxonomy":"category","embeddable":true,"href":"https:\/\/edublog.educastur.es\/ixuxu\/wp-json\/wp\/v2\/categories?post=9899"},{"taxonomy":"post_tag","embeddable":true,"href":"https:\/\/edublog.educastur.es\/ixuxu\/wp-json\/wp\/v2\/tags?post=9899"}],"curies":[{"name":"wp","href":"https:\/\/api.w.org\/{rel}","templated":true}]}}