{"id":9915,"date":"2021-09-22T11:00:00","date_gmt":"2021-09-22T09:00:00","guid":{"rendered":"https:\/\/edublog.educastur.es\/ixuxu\/?p=9915"},"modified":"2021-09-23T11:57:48","modified_gmt":"2021-09-23T09:57:48","slug":"dia-mundial-ensin-coches","status":"publish","type":"post","link":"https:\/\/edublog.educastur.es\/ixuxu\/2021\/09\/dia-mundial-ensin-coches\/","title":{"rendered":"D\u00eda Mundial ensin coches"},"content":{"rendered":"<p style=\"text-align: center\"><a href=\"https:\/\/scontent-mad1-1.xx.fbcdn.net\/v\/t1.6435-9\/242558043_10158891268853705_768436913667100862_n.png?_nc_cat=101&amp;ccb=1-5&amp;_nc_sid=730e14&amp;_nc_ohc=qeqqLyxycPcAX8LhEog&amp;_nc_ht=scontent-mad1-1.xx&amp;oh=5c649875b265e0c01d090f96bd8f6dad&amp;oe=61700AD4\"><img loading=\"lazy\" decoding=\"async\" class=\"alignnone\" src=\"https:\/\/scontent-mad1-1.xx.fbcdn.net\/v\/t1.6435-9\/242558043_10158891268853705_768436913667100862_n.png?_nc_cat=101&amp;ccb=1-5&amp;_nc_sid=730e14&amp;_nc_ohc=qeqqLyxycPcAX8LhEog&amp;_nc_ht=scontent-mad1-1.xx&amp;oh=5c649875b265e0c01d090f96bd8f6dad&amp;oe=61700AD4\" alt=\"\" width=\"488\" height=\"488\" \/><\/a><\/p>\n<ul>\n<li><a href=\"https:\/\/scontent-mad1-1.xx.fbcdn.net\/v\/t1.6435-9\/242558043_10158891268853705_768436913667100862_n.png?_nc_cat=101&amp;ccb=1-5&amp;_nc_sid=730e14&amp;_nc_ohc=qeqqLyxycPcAX8LhEog&amp;_nc_ht=scontent-mad1-1.xx&amp;oh=5c649875b265e0c01d090f96bd8f6dad&amp;oe=61700AD4\">Fonte imaxe: Facebook<\/a><\/li>\n<\/ul>\n<p>Nel<span style=\"color: #008080\"><strong> D\u00eda Mundial Ensin Coches<\/strong> <\/span>mu\u00e9vite de manera sostenible ?\u200d\u2640\ufe0f?, apuesta por medios de tresporte respetuosos col mediu ambiente ?? y aparca la contaminaci\u00f3n y l&#8217;estr\u00e9s.<\/p>\n<p><!--more--><\/p>\n<p>El <a href=\"https:\/\/www.diainternacionalde.com\/ficha\/dia-mundia-sin-coche\"><span style=\"color: #008080\"><strong>D\u00eda Mundial Ensin Autom\u00f3vil (DMSA)<\/strong><\/span><\/a> foi orixinalmente una iniciativa para amenorgar l&#8217;usu del autom\u00f3vil, al ver qu&#8217;el so usu a gran escala ta naciendo da\u00f1os nel mediu ambiente. En dicha xornada fai un llam\u00e1u a los ciudadanos a dexar esti mediu de tresporte per un d\u00eda y probar nuevos medios de desplazamientu. Anque la idea y\u00e1 ven\u00eda d&#8217;a\u00f1os antes, foi na d\u00e9cada de 1990 cuando empez\u00f3 a adoptase en delles ciudaes. Cel\u00e9brase&#8217;l d\u00eda 22 de setiembre.<\/p>\n<p style=\"text-align: center\"><a href=\"https:\/\/www.viviragradecidos.org\/wp-content\/uploads\/2016\/09\/dia-mundial-sin-auto-1.jpg\"><img loading=\"lazy\" decoding=\"async\" class=\"alignnone\" src=\"https:\/\/www.viviragradecidos.org\/wp-content\/uploads\/2016\/09\/dia-mundial-sin-auto-1.jpg\" alt=\"\" width=\"900\" height=\"450\" \/><\/a><\/p>\n<p style=\"text-align: center\"><a href=\"https:\/\/www.concienciaeco.com\/wp-content\/uploads\/2013\/09\/Dia-Mundia-Sin-Automovil.jpg\"><img loading=\"lazy\" decoding=\"async\" class=\"alignnone\" src=\"https:\/\/www.concienciaeco.com\/wp-content\/uploads\/2013\/09\/Dia-Mundia-Sin-Automovil.jpg\" alt=\"\" width=\"1024\" height=\"640\" \/><\/a><\/p>\n","protected":false},"excerpt":{"rendered":"<p>Fonte imaxe: Facebook Nel D\u00eda Mundial Ensin Coches mu\u00e9vite de manera sostenible ?\u200d\u2640\ufe0f?, apuesta por medios de tresporte respetuosos col mediu ambiente ?? y aparca la contaminaci\u00f3n y l&#8217;estr\u00e9s.<\/p>\n","protected":false},"author":117,"featured_media":0,"comment_status":"open","ping_status":"open","sticky":false,"template":"","format":"standard","meta":{"footnotes":""},"categories":[6],"tags":[],"class_list":["post-9915","post","type-post","status-publish","format-standard","hentry","category-dia-de"],"_links":{"self":[{"href":"https:\/\/edublog.educastur.es\/ixuxu\/wp-json\/wp\/v2\/posts\/9915","targetHints":{"allow":["GET"]}}],"collection":[{"href":"https:\/\/edublog.educastur.es\/ixuxu\/wp-json\/wp\/v2\/posts"}],"about":[{"href":"https:\/\/edublog.educastur.es\/ixuxu\/wp-json\/wp\/v2\/types\/post"}],"author":[{"embeddable":true,"href":"https:\/\/edublog.educastur.es\/ixuxu\/wp-json\/wp\/v2\/users\/117"}],"replies":[{"embeddable":true,"href":"https:\/\/edublog.educastur.es\/ixuxu\/wp-json\/wp\/v2\/comments?post=9915"}],"version-history":[{"count":4,"href":"https:\/\/edublog.educastur.es\/ixuxu\/wp-json\/wp\/v2\/posts\/9915\/revisions"}],"predecessor-version":[{"id":9919,"href":"https:\/\/edublog.educastur.es\/ixuxu\/wp-json\/wp\/v2\/posts\/9915\/revisions\/9919"}],"wp:attachment":[{"href":"https:\/\/edublog.educastur.es\/ixuxu\/wp-json\/wp\/v2\/media?parent=9915"}],"wp:term":[{"taxonomy":"category","embeddable":true,"href":"https:\/\/edublog.educastur.es\/ixuxu\/wp-json\/wp\/v2\/categories?post=9915"},{"taxonomy":"post_tag","embeddable":true,"href":"https:\/\/edublog.educastur.es\/ixuxu\/wp-json\/wp\/v2\/tags?post=9915"}],"curies":[{"name":"wp","href":"https:\/\/api.w.org\/{rel}","templated":true}]}}