{"id":9930,"date":"2021-09-23T09:00:32","date_gmt":"2021-09-23T07:00:32","guid":{"rendered":"https:\/\/edublog.educastur.es\/ixuxu\/?p=9930"},"modified":"2021-09-25T09:32:58","modified_gmt":"2021-09-25T07:32:58","slug":"dia-internacional-de-les-llingues-de-signos","status":"publish","type":"post","link":"https:\/\/edublog.educastur.es\/ixuxu\/2021\/09\/dia-internacional-de-les-llingues-de-signos\/","title":{"rendered":"D\u00eda Internacional de les Lling\u00fces de Signos"},"content":{"rendered":"<blockquote>\n<p style=\"text-align: center\"><span style=\"color: #008080;font-size: 20px\"><em><strong>\u00a1Signamos polos derechos humanos!<\/strong><\/em><\/span><\/p>\n<\/blockquote>\n<p style=\"text-align: center\"><a href=\"https:\/\/tinypix.top\/images\/2021\/09\/25\/vEfW0.jpg\"><img loading=\"lazy\" decoding=\"async\" class=\"alignnone\" src=\"https:\/\/tinypix.top\/images\/2021\/09\/25\/vEfW0.jpg\" alt=\"\" width=\"633\" height=\"895\" \/><\/a><\/p>\n<p>Esti d\u00eda cel\u00e9brase&#8217;l 23 de setiembre y ye una oportunid\u00e1 para sofitar y protexer la identid\u00e1 lling\u00fc\u00edstica y la diversid\u00e1 cultural de toles persones sordes y otros usuarios de la llingua de signos. Foi establec\u00edu pola Asamblea Xeneral de la ONU en 2017.<\/p>\n<ul>\n<li><a href=\"https:\/\/www.facebook.com\/343871339003044\/photos\/a.343883132335198\/4465808666809270\/\">Fonte: FESOPRAS<\/a><\/li>\n<li><a href=\"https:\/\/www.educacionyfp.gob.es\/en\/mc\/sgctie\/comunicacion\/noticias\/septiembre2021\/dia-lengua-signos.html\">Ministeriu d&#8217;Educaci\u00f3n<\/a> \/<a href=\"https:\/\/www.un.org\/es\/observances\/sign-languages-day\"> D\u00eda I. de les lling\u00fces de Signos<\/a> \/<a href=\"https:\/\/vimeo.com\/485643447\">Videu Vimeo<\/a> \/<\/li>\n<\/ul>\n<p><!--more--><\/p>\n<p>Seg\u00fan la <a href=\"http:\/\/wfdeaf.org\/news\/theme-for-international-day-of-sign-languages-and-international-week-of-the-deaf-2018\/\"><span style=\"color: #008080\"><strong>Federaci\u00f3n Mundial de Sordos<\/strong><\/span><\/a>, esisten aprosimao 72 millones de persones sordes en tol mundu. M\u00e1s del 80 per cientu vive en pa\u00edses en desenvolvimientu y como colectivu, utilicen m\u00e1s de 200 distintes lling\u00fces de signos.<\/p>\n<p>La <a href=\"https:\/\/www.ohchr.org\/Documents\/Publications\/AdvocacyTool_sp.pdf\"><span style=\"text-decoration: underline\"><em><span style=\"color: #008080;text-decoration: underline\">Convenci\u00f3n sobro los derechos de les persones con discapacid\u00e1<\/span> <\/em><\/span><\/a>reconoz y promueve l&#8217;usu de les lling\u00fces de signos. Establez que tienen el mesmu estatus que les lling\u00fces falaes y afala a los estaos a que faciliten l&#8217;aprendizaxe de la llingua de se\u00f1es y promuevan la identid\u00e1 lling\u00fc\u00edstica de la comunid\u00e1 de les persones sordes.<\/p>\n<p>El lema escoy\u00edu pa 2021 ye <a href=\"https:\/\/vimeo.com\/485643447\"><em><span style=\"color: #008080\"><strong>\u00a1Signamos polos derechos humanos!<\/strong><\/span><\/em><\/a> y dende la Federaci\u00f3n Mundial de Sordos proponen xuna selmana d&#8217;actividaes y faen un llamamientu por que toos aprendamos llingua de signos.<a href=\"https:\/\/vimeo.com\/485643447\">Videu Vimeo<\/a> \/<\/p>\n\n<!-- iframe plugin v.6.0 wordpress.org\/plugins\/iframe\/ -->\n<iframe loading=\"lazy\" width=\"100%\" height=\"359\" src=\"https:\/\/www.youtube.com\/embed\/h7rXBXc8Jtg\" 0=\"\/iframe\" scrolling=\"yes\" class=\"iframe-class\" frameborder=\"0\"><\/iframe>\n\n<p>La Selmana Internacional de los Sordos celebrose por primer vegada en septiembre de 1958 y dende ent\u00f3s convirti\u00f3se nun movimientu global que promueve y crea conciencia sobro les cuestiones que les persones sordes enfrenten na so vida cotidiana.<\/p>\n","protected":false},"excerpt":{"rendered":"<p>\u00a1Signamos polos derechos humanos! Esti d\u00eda cel\u00e9brase&#8217;l 23 de setiembre y ye una oportunid\u00e1 para sofitar y protexer la identid\u00e1 lling\u00fc\u00edstica y la diversid\u00e1 cultural de toles persones sordes y otros usuarios de la llingua de signos. Foi establec\u00edu pola Asamblea Xeneral de la ONU en 2017. Fonte: FESOPRAS Ministeriu d&#8217;Educaci\u00f3n \/ D\u00eda I. de [&hellip;]<\/p>\n","protected":false},"author":117,"featured_media":0,"comment_status":"open","ping_status":"open","sticky":false,"template":"","format":"standard","meta":{"footnotes":""},"categories":[6],"tags":[],"class_list":["post-9930","post","type-post","status-publish","format-standard","hentry","category-dia-de"],"_links":{"self":[{"href":"https:\/\/edublog.educastur.es\/ixuxu\/wp-json\/wp\/v2\/posts\/9930","targetHints":{"allow":["GET"]}}],"collection":[{"href":"https:\/\/edublog.educastur.es\/ixuxu\/wp-json\/wp\/v2\/posts"}],"about":[{"href":"https:\/\/edublog.educastur.es\/ixuxu\/wp-json\/wp\/v2\/types\/post"}],"author":[{"embeddable":true,"href":"https:\/\/edublog.educastur.es\/ixuxu\/wp-json\/wp\/v2\/users\/117"}],"replies":[{"embeddable":true,"href":"https:\/\/edublog.educastur.es\/ixuxu\/wp-json\/wp\/v2\/comments?post=9930"}],"version-history":[{"count":5,"href":"https:\/\/edublog.educastur.es\/ixuxu\/wp-json\/wp\/v2\/posts\/9930\/revisions"}],"predecessor-version":[{"id":9935,"href":"https:\/\/edublog.educastur.es\/ixuxu\/wp-json\/wp\/v2\/posts\/9930\/revisions\/9935"}],"wp:attachment":[{"href":"https:\/\/edublog.educastur.es\/ixuxu\/wp-json\/wp\/v2\/media?parent=9930"}],"wp:term":[{"taxonomy":"category","embeddable":true,"href":"https:\/\/edublog.educastur.es\/ixuxu\/wp-json\/wp\/v2\/categories?post=9930"},{"taxonomy":"post_tag","embeddable":true,"href":"https:\/\/edublog.educastur.es\/ixuxu\/wp-json\/wp\/v2\/tags?post=9930"}],"curies":[{"name":"wp","href":"https:\/\/api.w.org\/{rel}","templated":true}]}}