{"id":9942,"date":"2021-09-24T09:00:11","date_gmt":"2021-09-24T07:00:11","guid":{"rendered":"https:\/\/edublog.educastur.es\/ixuxu\/?p=9942"},"modified":"2021-09-25T10:00:13","modified_gmt":"2021-09-25T08:00:13","slug":"9942","status":"publish","type":"post","link":"https:\/\/edublog.educastur.es\/ixuxu\/2021\/09\/9942\/","title":{"rendered":"Xornada \u00abXuntanza Trasatl\u00e1ntica\u00bb y \u00abEmigranes invisibles\u00bb"},"content":{"rendered":"<p style=\"text-align: center\"><a href=\"https:\/\/tinypix.top\/images\/2021\/09\/25\/vESyJ.jpg\"><img loading=\"lazy\" decoding=\"async\" class=\"alignnone\" src=\"https:\/\/tinypix.top\/images\/2021\/09\/25\/vESyJ.jpg\" alt=\"\" width=\"1640\" height=\"628\" \/><\/a><\/p>\n<p><span class=\"d2edcug0 hpfvmrgz qv66sw1b c1et5uql lr9zc1uh a8c37x1j keod5gw0 nxhoafnm aigsh9s9 d3f4x2em fe6kdd0r mau55g9w c8b282yb iv3no6db jq4qci2q a3bd9o3v b1v8xokw oo9gr5id hzawbc8m\" dir=\"auto\">El pr\u00f3ximu s\u00e1badu 25 de setiembre nel <strong><span style=\"text-decoration: underline\">Mus\u00e9u del Pueblu d&#8217;Asturies<\/span> <\/strong>vamos celebrar la<strong><span style=\"color: #008080\"> Xornada Festiva Xuntanza Trasatl\u00e1ntica<\/span><\/strong>: arquivos dom\u00e9sticos y <a href=\"https:\/\/fb.me\/e\/Mf0TLlI5\"><span style=\"color: #008080\"><strong>\u00abpiquiniqui\u00bb 2.0<\/strong><\/span><\/a>\u00a0 que&#8217;l so programa axunt\u00e1mosvos. Participa nes actividaes culturales ya infantiles d&#8217;esta xornada entamada por cuenta de la llegada de la <a href=\"https:\/\/www.facebook.com\/emigrantesinvisibleslaexpo\/?__cft__[0]=AZUEqyTVW3XXdvnGTu9dzTTPRgkNIKKY-X0vofMDmDDa7BqlOfSKNUKsV_VOo4IFQ8uunh38RxnrJZz9FwY03bxpL5-jVGarZ6pktVreYYRZoH1aPFHPLPi38TlIDLe9lJSlogMKsdTuA1OTG8fqPioKuKDqNGIjRzZeAnzPL9IwjQ&amp;__tn__=kK-y-R\"><span style=\"text-decoration: underline;color: #008080\">esposici\u00f3n Emigrantes invisibles <\/span><\/a>a Xix\u00f3n la pr\u00f3xima seronda. <\/span><\/p>\n<ul>\n<li><span class=\"d2edcug0 hpfvmrgz qv66sw1b c1et5uql lr9zc1uh a8c37x1j keod5gw0 nxhoafnm aigsh9s9 d3f4x2em fe6kdd0r mau55g9w c8b282yb iv3no6db jq4qci2q a3bd9o3v b1v8xokw oo9gr5id hzawbc8m\" dir=\"auto\"><a class=\"oajrlxb2 g5ia77u1 qu0x051f esr5mh6w e9989ue4 r7d6kgcz rq0escxv nhd2j8a9 nc684nl6 p7hjln8o kvgmc6g5 cxmmr5t8 oygrvhab hcukyx3x jb3vyjys rz4wbd8a qt6c0cv9 a8nywdso i1ao9s8h esuyzwwr f1sip0of lzcic4wl py34i1dx gpro0wi8\" role=\"link\" href=\"https:\/\/fb.me\/e\/Mf0TLlI5\" target=\"_blank\" rel=\"nofollow noopener\">https:\/\/fb.me\/e\/Mf0TLlI5<\/a> Programa<\/span><\/li>\n<li><span class=\"d2edcug0 hpfvmrgz qv66sw1b c1et5uql lr9zc1uh a8c37x1j keod5gw0 nxhoafnm aigsh9s9 d3f4x2em fe6kdd0r mau55g9w c8b282yb iv3no6db jq4qci2q a3bd9o3v b1v8xokw oo9gr5id hzawbc8m\" dir=\"auto\"><a class=\"oajrlxb2 g5ia77u1 qu0x051f esr5mh6w e9989ue4 r7d6kgcz rq0escxv nhd2j8a9 nc684nl6 p7hjln8o kvgmc6g5 cxmmr5t8 oygrvhab hcukyx3x jb3vyjys rz4wbd8a qt6c0cv9 a8nywdso i1ao9s8h esuyzwwr f1sip0of lzcic4wl q66pz984 gpro0wi8 b1v8xokw\" role=\"link\" href=\"https:\/\/www.facebook.com\/emigrantesinvisibleslaexpo\/?__cft__[0]=AZUEqyTVW3XXdvnGTu9dzTTPRgkNIKKY-X0vofMDmDDa7BqlOfSKNUKsV_VOo4IFQ8uunh38RxnrJZz9FwY03bxpL5-jVGarZ6pktVreYYRZoH1aPFHPLPi38TlIDLe9lJSlogMKsdTuA1OTG8fqPioKuKDqNGIjRzZeAnzPL9IwjQ&amp;__tn__=kK-y-R\"><span class=\"nc684nl6\">Esposici\u00f3n: Emigrantes invisibles.<br \/>\n<\/span><\/a><\/span><\/li>\n<li><a href=\"https:\/\/www.emigrantesinvisibles.com\/?fbclid=IwAR0Bxyu9cAkVd-L4BHebYk5_INtYkNkHRGRkbjTUBJyJbqnOAepL9zi92NM\">Web<\/a> \/ <a href=\"https:\/\/www.facebook.com\/emigrantesinvisibleslaexpo\/\">Facebook<\/a><\/li>\n<li><a href=\"https:\/\/www.nortes.me\/2021\/09\/23\/la-xuntanza-trasatlantica-reaviva-la-historia-compartida-entre-ee-uu-y-asturias\/?fbclid=IwAR1WA2rV_kektX2vtUm8VyuBDK3IwDT-xLgmQrSZ1X0M_bXf7BZS7gp8jyg\">Art\u00edculu Nortes.me<\/a> \/<\/li>\n<\/ul>\n<p><!--more--><\/p>\n<p style=\"text-align: center\">\n<!-- iframe plugin v.6.0 wordpress.org\/plugins\/iframe\/ -->\n<iframe loading=\"lazy\" width=\"100%\" height=\"345\" src=\"https:\/\/www.youtube.com\/embed\/0d-0xBKrz0U\" 0=\"\/iframe\" scrolling=\"yes\" class=\"iframe-class\" frameborder=\"0\"><\/iframe>\n<\/p>\n<p><span style=\"color: #008080\"><strong>\u201cEMIGRANTES INVISIBLES. Espa\u00f1oles en EE. UU. (1868-1945)\u201d<\/strong><\/span> ye la primer esposici\u00f3n dedicada a la emigraci\u00f3n espa\u00f1ola a Estaos Xun\u00edos mientres el postreru terciu del sieglu XIX y les primeres d\u00e9cades del XX, una fr\u00e1xil y disgreg\u00e1 hestoria colectiva apenes conocida hasta la fecha.<\/p>\n<p>Acomp\u00e1\u00f1anos nesti fascinante viaxe vital y emocional narr\u00e1u al travi\u00e9s de les m\u00e1s de 300 imaxes, oxetos y material audiovisual escoy\u00edos para formar parte de l&#8217;amuesa, procedentes d&#8217;\u00e1lbumes familiares y caxes d&#8217;alcordances atesoraes polos herederos d&#8217;esti leg\u00e1u: los descendientes de los protagonistes d&#8217;esta di\u00e1spora.<\/p>\n<p style=\"text-align: center\"><a href=\"https:\/\/www.nortes.me\/wp-content\/uploads\/2021\/09\/Nueva-York-1939.-Coqueteando-sobre-la-hierba.-Fotografia-cedida-por-la-familia-Cividanes-1536x1034.jpg\"><img loading=\"lazy\" decoding=\"async\" class=\"alignnone\" src=\"https:\/\/www.nortes.me\/wp-content\/uploads\/2021\/09\/Nueva-York-1939.-Coqueteando-sobre-la-hierba.-Fotografia-cedida-por-la-familia-Cividanes-1536x1034.jpg\" alt=\"\" width=\"1536\" height=\"1034\" \/><\/a><\/p>\n<p style=\"text-align: center\"><a href=\"https:\/\/www.nortes.me\/wp-content\/uploads\/2021\/09\/CARTEL.-Foto_-El-nino-Prudencio-Garcia-contaba-unos-siete-anos-cuando-le-hicieron-este-iconico-retrato-alla-por-1907-recien-llegado-a-San-Luis-Misuri-de-Salinas-Asturias-con-su-madre-y-una-hermana-1068x1391.jpg\"><img loading=\"lazy\" decoding=\"async\" class=\"alignnone\" src=\"https:\/\/www.nortes.me\/wp-content\/uploads\/2021\/09\/CARTEL.-Foto_-El-nino-Prudencio-Garcia-contaba-unos-siete-anos-cuando-le-hicieron-este-iconico-retrato-alla-por-1907-recien-llegado-a-San-Luis-Misuri-de-Salinas-Asturias-con-su-madre-y-una-hermana-1068x1391.jpg\" alt=\"\" width=\"1068\" height=\"1391\" \/><\/a><\/p>\n","protected":false},"excerpt":{"rendered":"<p>El pr\u00f3ximu s\u00e1badu 25 de setiembre nel Mus\u00e9u del Pueblu d&#8217;Asturies vamos celebrar la Xornada Festiva Xuntanza Trasatl\u00e1ntica: arquivos dom\u00e9sticos y \u00abpiquiniqui\u00bb 2.0\u00a0 que&#8217;l so programa axunt\u00e1mosvos. Participa nes actividaes culturales ya infantiles d&#8217;esta xornada entamada por cuenta de la llegada de la esposici\u00f3n Emigrantes invisibles a Xix\u00f3n la pr\u00f3xima seronda. https:\/\/fb.me\/e\/Mf0TLlI5 Programa Esposici\u00f3n: Emigrantes [&hellip;]<\/p>\n","protected":false},"author":117,"featured_media":0,"comment_status":"open","ping_status":"open","sticky":false,"template":"","format":"standard","meta":{"footnotes":""},"categories":[1,171],"tags":[],"class_list":["post-9942","post","type-post","status-publish","format-standard","hentry","category-sin-categoria","category-xornaes"],"_links":{"self":[{"href":"https:\/\/edublog.educastur.es\/ixuxu\/wp-json\/wp\/v2\/posts\/9942","targetHints":{"allow":["GET"]}}],"collection":[{"href":"https:\/\/edublog.educastur.es\/ixuxu\/wp-json\/wp\/v2\/posts"}],"about":[{"href":"https:\/\/edublog.educastur.es\/ixuxu\/wp-json\/wp\/v2\/types\/post"}],"author":[{"embeddable":true,"href":"https:\/\/edublog.educastur.es\/ixuxu\/wp-json\/wp\/v2\/users\/117"}],"replies":[{"embeddable":true,"href":"https:\/\/edublog.educastur.es\/ixuxu\/wp-json\/wp\/v2\/comments?post=9942"}],"version-history":[{"count":9,"href":"https:\/\/edublog.educastur.es\/ixuxu\/wp-json\/wp\/v2\/posts\/9942\/revisions"}],"predecessor-version":[{"id":9954,"href":"https:\/\/edublog.educastur.es\/ixuxu\/wp-json\/wp\/v2\/posts\/9942\/revisions\/9954"}],"wp:attachment":[{"href":"https:\/\/edublog.educastur.es\/ixuxu\/wp-json\/wp\/v2\/media?parent=9942"}],"wp:term":[{"taxonomy":"category","embeddable":true,"href":"https:\/\/edublog.educastur.es\/ixuxu\/wp-json\/wp\/v2\/categories?post=9942"},{"taxonomy":"post_tag","embeddable":true,"href":"https:\/\/edublog.educastur.es\/ixuxu\/wp-json\/wp\/v2\/tags?post=9942"}],"curies":[{"name":"wp","href":"https:\/\/api.w.org\/{rel}","templated":true}]}}