{"id":9955,"date":"2021-09-25T09:30:50","date_gmt":"2021-09-25T07:30:50","guid":{"rendered":"https:\/\/edublog.educastur.es\/ixuxu\/?p=9955"},"modified":"2021-09-25T10:04:03","modified_gmt":"2021-09-25T08:04:03","slug":"historia-duvieu-orixe-del-camin","status":"publish","type":"post","link":"https:\/\/edublog.educastur.es\/ixuxu\/2021\/09\/historia-duvieu-orixe-del-camin\/","title":{"rendered":"Historia d&#8217;Uvi\u00e9u: Orixe del Cam\u00edn"},"content":{"rendered":"<p style=\"text-align: center\"><a href=\"https:\/\/tinypix.top\/images\/2021\/09\/25\/vEe14.jpg\"><img loading=\"lazy\" decoding=\"async\" class=\"alignnone\" src=\"https:\/\/tinypix.top\/images\/2021\/09\/25\/vEe14.jpg\" alt=\"\" width=\"1883\" height=\"1376\" \/><\/a><\/p>\n<p>\u2714El rei <span style=\"color: #008080\">Alfonso II&#8217;l Castu foi&#8217;l 1\u00b0 pelegr\u00edn en visitar la tumba del ap\u00f3stol Santiago en Compostela<\/span>\u00a0 tres el so descubrimientu nel a\u00f1u 830.<br \/>\n\u2714Ell\u00ed fund\u00f3 una pequena ilesia que foi dest\u00edn de pelegrinaci\u00f3n dende toa Europa, nun <strong><span style=\"color: #008080\">Cam\u00edn Primitivu<\/span><\/strong> que travesaba&#8217;l norte d&#8217;Espa\u00f1a (ent\u00f3s reinu asturianu), por ser zona segura para los cristianos.<br \/>\n\u2714La pelegrinaci\u00f3n incluy\u00eda la visita obligada\u00bb a les reliquies de la C\u00e1mara Santa de la Catedral de San Salvador d&#8217;Uvi\u00e9u y adoraci\u00f3n al Salvador.<br \/>\n\u2714 Y surdi\u00f3 el dichu medieval:<\/p>\n<blockquote><p><em><span style=\"color: #008080\">\u00abQuien va a Santiago y non a San Salvador, visita al cri\u00e1u pero non al Se\u00f1or\u00bb<\/span><\/em><\/p><\/blockquote>\n<p style=\"text-align: left\">\u2714 Sieglos dempu\u00e9s (cola meyora de la Reconquista) surdieron nueves rutes segures de pelegrinaci\u00f3n, qu&#8217;evitaben la orograf\u00eda montascosa asturiana<br \/>\n\u2714 Pero l&#8217;Orixe del Cam\u00edn ye Uvi\u00e9u\u00bb con dest\u00edn Santiago de Compostela, tal como nos recuerda na imaxe&#8217;l rei Alfonso II&#8217;l Castu dende la plaza del Carbay\u00f3n.<\/p>\n","protected":false},"excerpt":{"rendered":"<p>\u2714El rei Alfonso II&#8217;l Castu foi&#8217;l 1\u00b0 pelegr\u00edn en visitar la tumba del ap\u00f3stol Santiago en Compostela\u00a0 tres el so descubrimientu nel a\u00f1u 830. \u2714Ell\u00ed fund\u00f3 una pequena ilesia que foi dest\u00edn de pelegrinaci\u00f3n dende toa Europa, nun Cam\u00edn Primitivu que travesaba&#8217;l norte d&#8217;Espa\u00f1a (ent\u00f3s reinu asturianu), por ser zona segura para los cristianos. \u2714La [&hellip;]<\/p>\n","protected":false},"author":117,"featured_media":0,"comment_status":"open","ping_status":"open","sticky":false,"template":"","format":"standard","meta":{"footnotes":""},"categories":[187,33],"tags":[],"class_list":["post-9955","post","type-post","status-publish","format-standard","hentry","category-camin-de-santiagu","category-uvieu"],"_links":{"self":[{"href":"https:\/\/edublog.educastur.es\/ixuxu\/wp-json\/wp\/v2\/posts\/9955","targetHints":{"allow":["GET"]}}],"collection":[{"href":"https:\/\/edublog.educastur.es\/ixuxu\/wp-json\/wp\/v2\/posts"}],"about":[{"href":"https:\/\/edublog.educastur.es\/ixuxu\/wp-json\/wp\/v2\/types\/post"}],"author":[{"embeddable":true,"href":"https:\/\/edublog.educastur.es\/ixuxu\/wp-json\/wp\/v2\/users\/117"}],"replies":[{"embeddable":true,"href":"https:\/\/edublog.educastur.es\/ixuxu\/wp-json\/wp\/v2\/comments?post=9955"}],"version-history":[{"count":1,"href":"https:\/\/edublog.educastur.es\/ixuxu\/wp-json\/wp\/v2\/posts\/9955\/revisions"}],"predecessor-version":[{"id":9956,"href":"https:\/\/edublog.educastur.es\/ixuxu\/wp-json\/wp\/v2\/posts\/9955\/revisions\/9956"}],"wp:attachment":[{"href":"https:\/\/edublog.educastur.es\/ixuxu\/wp-json\/wp\/v2\/media?parent=9955"}],"wp:term":[{"taxonomy":"category","embeddable":true,"href":"https:\/\/edublog.educastur.es\/ixuxu\/wp-json\/wp\/v2\/categories?post=9955"},{"taxonomy":"post_tag","embeddable":true,"href":"https:\/\/edublog.educastur.es\/ixuxu\/wp-json\/wp\/v2\/tags?post=9955"}],"curies":[{"name":"wp","href":"https:\/\/api.w.org\/{rel}","templated":true}]}}