{"id":9984,"date":"2021-09-26T09:00:44","date_gmt":"2021-09-26T07:00:44","guid":{"rendered":"https:\/\/edublog.educastur.es\/ixuxu\/?p=9984"},"modified":"2021-09-26T19:20:09","modified_gmt":"2021-09-26T17:20:09","slug":"dia-europeo-de-les-llingues","status":"publish","type":"post","link":"https:\/\/edublog.educastur.es\/ixuxu\/2021\/09\/dia-europeo-de-les-llingues\/","title":{"rendered":"D\u00eda Europ\u00e9u de les Lling\u00fces"},"content":{"rendered":"<p style=\"text-align: center\"><a href=\"https:\/\/edl.ecml.at\/portals\/33\/basic\/banner\/banner-language-journey.jpg\"><img loading=\"lazy\" decoding=\"async\" class=\"alignnone\" src=\"https:\/\/edl.ecml.at\/portals\/33\/basic\/banner\/banner-language-journey.jpg\" alt=\"\" width=\"1920\" height=\"370\" \/><\/a><\/p>\n<p style=\"text-align: center\">\n<!-- iframe plugin v.6.0 wordpress.org\/plugins\/iframe\/ -->\n<iframe loading=\"lazy\" src=\"https:\/\/drive.google.com\/file\/d\/1b7UuBSSQGgT-UrTJZyOUGUKI-MykPPs8\/preview\" width=\"640\" height=\"480\" allow=\"autoplay\" 0=\"\/iframe\" scrolling=\"yes\" class=\"iframe-class\" frameborder=\"0\"><\/iframe>\n<\/p>\n<p>Los 47 estaos miembros del Conseyu d&#8217;Europa animen a m\u00e1s de 800 millones d&#8217;europeos a aprender otres lling\u00fces a cualesquier ed\u00e1, dientro y fora de la escuela.\u00a0 Por iniciativa del Conseyu d&#8217;Europa n&#8217;Estrasburgo, el <span style=\"color: #008080\"><strong>D\u00eda Europ\u00e9u de les Lling\u00fces <\/strong><\/span>vien celebr\u00e1ndose, dende 2001, el 26 de setiembre de cada a\u00f1u.<\/p>\n<ul>\n<li><a href=\"https:\/\/edl.ecml.at\/Home\/tabid\/1455\/language\/es-ES\/Default.aspx\">Web oficial<\/a> \/ <a href=\"https:\/\/edl.ecml.at\/Home\/tabid\/1455\/language\/es-ES\/Default.aspx\">ESPA\u00d1OL<\/a> \/ <a href=\"https:\/\/edl.ecml.at\/Home\/tabid\/1455\/language\/es-ES\/Default.aspx\">m\u00e1s&#8230;<\/a><\/li>\n<li><a href=\"https:\/\/edl.ecml.at\/Activities\/languagejourney\/guideforteachers\/tabid\/3227\/Default.aspx\">Gu\u00eda profes<\/a> \/ <a href=\"https:\/\/edl.ecml.at\/Portals\/33\/documents\/language-journey\/pdf\/language-journey-ES.pdf\">P\u00f3ster<\/a> \/<\/li>\n<\/ul>\n<p><!--more--><\/p>\n<p>Convenc\u00edos de que la diversid\u00e1 lling\u00fc\u00edstica ye una ferramienta clave para llograr una mayor comprensi\u00f3n intercultural y un elementu clave nel ricu heriedu cultural del nuesu continente, el Conseyu d&#8217;Europa promueve el plurilling\u00fcismu en toa Europa.<\/p>\n<p style=\"text-align: center\">\n<!-- iframe plugin v.6.0 wordpress.org\/plugins\/iframe\/ -->\n<iframe loading=\"lazy\" src=\"https:\/\/drive.google.com\/file\/d\/1eh1Bc3lAhQgehdUqKtqMsecZNAKKTe10\/preview\" width=\"640\" height=\"480\" allow=\"autoplay\" 0=\"\/iframe\" scrolling=\"yes\" class=\"iframe-class\" frameborder=\"0\"><\/iframe>\n<\/p>\n<p>Los idiomes que vas afayar nes siguientes p\u00e1xines reflexen la diversid\u00e1 cultural y les tradiciones que conviven nel nuesu continente. Dalgunes de los barganal de 225 lling\u00fces natives d&#8217;Europa son falaes por millones de persones, ente qu&#8217;otres que nam\u00e1 son falaes por un pu\u00f1\u00e1u de persones t\u00e1n, por desgracia, a puntu de sumir\/desaparecer.<\/p>\n<p><a href=\"https:\/\/edl.ecml.at\/Portals\/33\/images\/language-journey\/lara_final_cover.png\"><img loading=\"lazy\" decoding=\"async\" class=\"alignnone\" src=\"https:\/\/edl.ecml.at\/Portals\/33\/images\/language-journey\/lara_final_cover.png\" alt=\"\" width=\"137\" height=\"246\" \/><\/a>\/<a href=\"https:\/\/edl.ecml.at\/Portals\/33\/images\/language-journey\/lara_final_DE.png\"><img loading=\"lazy\" decoding=\"async\" class=\"alignnone\" src=\"https:\/\/edl.ecml.at\/Portals\/33\/images\/language-journey\/lara_final_DE.png\" alt=\"\" width=\"158\" height=\"245\" \/><\/a>\/<a href=\"https:\/\/edl.ecml.at\/Portals\/33\/images\/language-journey\/lara_final_CY.png\"><img loading=\"lazy\" decoding=\"async\" class=\"alignnone\" src=\"https:\/\/edl.ecml.at\/Portals\/33\/images\/language-journey\/lara_final_CY.png\" alt=\"\" width=\"120\" height=\"238\" \/><\/a><\/p>\n<p>A lo llargo d&#8217;esti pequenu viaxe, vas afayar munches semeyances. Y ye que les lling\u00fces europees estremense en tr\u00e9s categor\u00edes principales: eslaves, romances y xerm\u00e1niques. Les lling\u00fces de cada grupu tienen raiga\u00f1os similares, pero a lo llargo de los sieglos ca\u00fana tom\u00f3&#8217;l so propiu cam\u00edn. Tami\u00e9n vas aprender les sos diferencies: los sos distintos alfabetos (como&#8217;l llat\u00edn, el cir\u00edlicu, el griegu, l&#8217;armeniu y el xeorxanu), que de cutiu utilicen escritures art\u00edstiques; la so forma de crear nueves palabres y les sos de cutiu misteriosos or\u00edxenes. Toes elles son \u00faniques y tienen una hestoria que cuntar.<\/p>\n<p style=\"text-align: center\">\n<p style=\"text-align: center\">\n<!-- iframe plugin v.6.0 wordpress.org\/plugins\/iframe\/ -->\n<iframe loading=\"lazy\" src=\"https:\/\/drive.google.com\/file\/d\/1qW-3eh_TGhwg8Ikq_-XBLp-kzYbtln26\/preview\" width=\"640\" height=\"900\" allow=\"autoplay\" 0=\"\/iframe\" scrolling=\"yes\" class=\"iframe-class\" frameborder=\"0\"><\/iframe>\n<\/p>\n<p>&nbsp;<\/p>\n<ul>\n<li><a href=\"https:\/\/edl.ecml.at\/Portals\/33\/documents\/language-journey\/pdf\/language-journey-ES.pdf\">Llibru n&#8217;espa\u00f1ol<\/a><\/li>\n<li><a href=\"https:\/\/edl.ecml.at\/Activities\/languagejourney\/Sounds\/tabid\/3224\/Default.aspx\">Escuchar palabras<\/a> \/<a href=\"https:\/\/edl.ecml.at\/Portals\/33\/documents\/language-journey\/pdf\/language-journey-ES.pdf#page=50\"> ESPA\u00d1OL \u00faltimo de la p\u00e1xina<\/a> \/\n<div class=\"col-12\">\n<div id=\"dnn_Content3\" class=\"s_pane\">\n<div class=\"DnnModule DnnModule-HoneyModules DnnModule-7921\">\n<div id=\"dnn_ctr7921_ContentPane\">\n<div id=\"dnn_ctr7921_ModuleContent\" class=\"DNNModuleContent ModHoneyModulesC\">\n<div class=\"HoneyModulesRoot\">\n<div>\n<div><img decoding=\"async\" src=\"https:\/\/edl.ecml.at\/Portals\/33\/basic\/icon-eye.gif\" width=\"30\" \/> <a href=\"https:\/\/edl.ecml.at\/Portals\/33\/documents\/language-journey\/pdf\/language-journey-ES.pdf#page=50\" target=\"_blank\" rel=\"noopener\">Echa un vistazo a esta p\u00e1gina del libro<\/a><\/div>\n<\/div>\n<\/div>\n<\/div>\n<\/div>\n<\/div>\n<\/div>\n<\/div>\n<div class=\"s_pane DNNEmptyPane\"><\/div>\n<\/li>\n<\/ul>\n<p style=\"text-align: center\">\n<!-- iframe plugin v.6.0 wordpress.org\/plugins\/iframe\/ -->\n<iframe loading=\"lazy\" src=\"https:\/\/drive.google.com\/file\/d\/1Q_YvA9WqJCZzBzm4h3lNabpm4CIAitMf\/preview\" width=\"640\" height=\"480\" allow=\"autoplay\" 0=\"\/iframe\" scrolling=\"yes\" class=\"iframe-class\" frameborder=\"0\"><\/iframe>\n<\/p>\n<p style=\"text-align: center\">\n<!-- iframe plugin v.6.0 wordpress.org\/plugins\/iframe\/ -->\n<iframe loading=\"lazy\" src=\"https:\/\/drive.google.com\/file\/d\/154subPF0nepJdlvQ-4fyCblUGygb8s9v\/preview\" width=\"640\" height=\"480\" allow=\"autoplay\" 0=\"\/iframe\" scrolling=\"yes\" class=\"iframe-class\" frameborder=\"0\"><\/iframe>\n<\/p>\n<p style=\"text-align: center\">\n<!-- iframe plugin v.6.0 wordpress.org\/plugins\/iframe\/ -->\n<iframe loading=\"lazy\" src=\"https:\/\/drive.google.com\/file\/d\/1cjqkRQKxxPXirgQsAS3ndsalbQi4UaLA\/preview\" width=\"640\" height=\"480\" allow=\"autoplay\" 0=\"\/iframe\" scrolling=\"yes\" class=\"iframe-class\" frameborder=\"0\"><\/iframe>\n<\/p>\n<p>&nbsp;<\/p>\n<p>&nbsp;<\/p>\n<p>&nbsp;<\/p>\n","protected":false},"excerpt":{"rendered":"<p>Los 47 estaos miembros del Conseyu d&#8217;Europa animen a m\u00e1s de 800 millones d&#8217;europeos a aprender otres lling\u00fces a cualesquier ed\u00e1, dientro y fora de la escuela.\u00a0 Por iniciativa del Conseyu d&#8217;Europa n&#8217;Estrasburgo, el D\u00eda Europ\u00e9u de les Lling\u00fces vien celebr\u00e1ndose, dende 2001, el 26 de setiembre de cada a\u00f1u. Web oficial \/ ESPA\u00d1OL \/ [&hellip;]<\/p>\n","protected":false},"author":117,"featured_media":0,"comment_status":"open","ping_status":"open","sticky":false,"template":"","format":"standard","meta":{"footnotes":""},"categories":[6],"tags":[],"class_list":["post-9984","post","type-post","status-publish","format-standard","hentry","category-dia-de"],"_links":{"self":[{"href":"https:\/\/edublog.educastur.es\/ixuxu\/wp-json\/wp\/v2\/posts\/9984","targetHints":{"allow":["GET"]}}],"collection":[{"href":"https:\/\/edublog.educastur.es\/ixuxu\/wp-json\/wp\/v2\/posts"}],"about":[{"href":"https:\/\/edublog.educastur.es\/ixuxu\/wp-json\/wp\/v2\/types\/post"}],"author":[{"embeddable":true,"href":"https:\/\/edublog.educastur.es\/ixuxu\/wp-json\/wp\/v2\/users\/117"}],"replies":[{"embeddable":true,"href":"https:\/\/edublog.educastur.es\/ixuxu\/wp-json\/wp\/v2\/comments?post=9984"}],"version-history":[{"count":9,"href":"https:\/\/edublog.educastur.es\/ixuxu\/wp-json\/wp\/v2\/posts\/9984\/revisions"}],"predecessor-version":[{"id":9986,"href":"https:\/\/edublog.educastur.es\/ixuxu\/wp-json\/wp\/v2\/posts\/9984\/revisions\/9986"}],"wp:attachment":[{"href":"https:\/\/edublog.educastur.es\/ixuxu\/wp-json\/wp\/v2\/media?parent=9984"}],"wp:term":[{"taxonomy":"category","embeddable":true,"href":"https:\/\/edublog.educastur.es\/ixuxu\/wp-json\/wp\/v2\/categories?post=9984"},{"taxonomy":"post_tag","embeddable":true,"href":"https:\/\/edublog.educastur.es\/ixuxu\/wp-json\/wp\/v2\/tags?post=9984"}],"curies":[{"name":"wp","href":"https:\/\/api.w.org\/{rel}","templated":true}]}}