{"id":9995,"date":"2021-09-29T09:00:08","date_gmt":"2021-09-29T07:00:08","guid":{"rendered":"https:\/\/edublog.educastur.es\/ixuxu\/?p=9995"},"modified":"2021-09-30T20:14:25","modified_gmt":"2021-09-30T18:14:25","slug":"dia-mundial-del-corazon-2","status":"publish","type":"post","link":"https:\/\/edublog.educastur.es\/ixuxu\/2021\/09\/dia-mundial-del-corazon-2\/","title":{"rendered":"D\u00eda Mundial del Coraz\u00f3n"},"content":{"rendered":"<p style=\"text-align: center\"><a href=\"https:\/\/www.webconsultas.com\/sites\/default\/files\/styles\/cabecera_noticia\/public\/noticias\/dia_mundial_corazon_2019.jpg\"><img loading=\"lazy\" decoding=\"async\" class=\"alignnone\" src=\"https:\/\/www.webconsultas.com\/sites\/default\/files\/styles\/cabecera_noticia\/public\/noticias\/dia_mundial_corazon_2019.jpg\" alt=\"\" width=\"720\" height=\"355\" \/><\/a><\/p>\n<p>La Federaci\u00f3n Mundial del Coraz\u00f3n col sofitu de la OMS y l&#8217;UNESCO design\u00f3 nel 2000 el d\u00eda 29 de setiembre como&#8217;l primer<strong><span style=\"color: #008080\"><a href=\"https:\/\/es.wikipedia.org\/wiki\/D%C3%ADa_Mundial_del_Coraz%C3%B3n\"> D\u00eda Mundial del Coraz\u00f3n<\/a>.<\/span><\/strong><\/p>\n<blockquote><p><strong>Use Heart To Connect<\/strong>\/<span style=\"color: #008080\"><strong>Usa\u00b4&#8217;l coraz\u00f3n pa conectate<\/strong><\/span><\/p><\/blockquote>\n<p><!--more--><\/p>\n<p style=\"text-align: center\"><a href=\"https:\/\/www.eldiario.net\/noticias\/2019\/2019_09\/nt190924\/f_2019-09-24_6.jpg\"><img loading=\"lazy\" decoding=\"async\" class=\"alignnone\" src=\"https:\/\/www.eldiario.net\/noticias\/2019\/2019_09\/nt190924\/f_2019-09-24_6.jpg\" alt=\"\" width=\"700\" height=\"483\" \/><\/a><\/p>\n<p>&nbsp;<\/p>\n<p>Les enfermedaes cardiovasculares son la principal causa de muerte en tol planeta. Tomando en cuenta eses cifres tan altes, esti d\u00eda busca conciencizar sobro la importancia de curiar esti \u00f3rganu, que ye de vital importancia pa la nuesa vida.<\/p>\n<p style=\"text-align: center\">\n<!-- iframe plugin v.6.0 wordpress.org\/plugins\/iframe\/ -->\n<iframe loading=\"lazy\" width=\"100%\" height=\"374\" src=\"https:\/\/www.youtube.com\/embed\/NYbt97a5zXQ\" 0=\"\/iframe\" scrolling=\"yes\" class=\"iframe-class\" frameborder=\"0\"><\/iframe>\n<\/p>\n<hr \/>\n<p><a href=\"https:\/\/www.semes.org\/wp-content\/uploads\/2020\/06\/Riesgo_cardiovascular_2018.png\"><img loading=\"lazy\" decoding=\"async\" class=\"alignnone\" src=\"https:\/\/www.semes.org\/wp-content\/uploads\/2020\/06\/Riesgo_cardiovascular_2018.png\" alt=\"\" width=\"183\" height=\"458\" \/><\/a> \/<a href=\"https:\/\/i.blogs.es\/6f7f64\/www.fundaciondelcorazon.com_images_stories_eventos_2013-dia-mundial-corazon-ninos-1.pdf\/450_1000.jpg\"><img loading=\"lazy\" decoding=\"async\" class=\"alignnone\" src=\"https:\/\/i.blogs.es\/6f7f64\/www.fundaciondelcorazon.com_images_stories_eventos_2013-dia-mundial-corazon-ninos-1.pdf\/450_1000.jpg\" alt=\"\" width=\"335\" height=\"466\" \/><\/a><\/p>\n<p><a href=\"https:\/\/amp.65ymas.com\/uploads\/s1\/20\/38\/49\/diamundialcorazon_6_928x621.jpeg\"><img loading=\"lazy\" decoding=\"async\" class=\"aligncenter\" src=\"https:\/\/amp.65ymas.com\/uploads\/s1\/20\/38\/49\/diamundialcorazon_6_928x621.jpeg\" alt=\"\" width=\"587\" height=\"393\" \/><\/a><\/p>\n<p>&nbsp;<\/p>\n","protected":false},"excerpt":{"rendered":"<p>La Federaci\u00f3n Mundial del Coraz\u00f3n col sofitu de la OMS y l&#8217;UNESCO design\u00f3 nel 2000 el d\u00eda 29 de setiembre como&#8217;l primer D\u00eda Mundial del Coraz\u00f3n. Use Heart To Connect\/Usa\u00b4&#8217;l coraz\u00f3n pa conectate<\/p>\n","protected":false},"author":117,"featured_media":0,"comment_status":"open","ping_status":"open","sticky":false,"template":"","format":"standard","meta":{"footnotes":""},"categories":[6],"tags":[],"class_list":["post-9995","post","type-post","status-publish","format-standard","hentry","category-dia-de"],"_links":{"self":[{"href":"https:\/\/edublog.educastur.es\/ixuxu\/wp-json\/wp\/v2\/posts\/9995","targetHints":{"allow":["GET"]}}],"collection":[{"href":"https:\/\/edublog.educastur.es\/ixuxu\/wp-json\/wp\/v2\/posts"}],"about":[{"href":"https:\/\/edublog.educastur.es\/ixuxu\/wp-json\/wp\/v2\/types\/post"}],"author":[{"embeddable":true,"href":"https:\/\/edublog.educastur.es\/ixuxu\/wp-json\/wp\/v2\/users\/117"}],"replies":[{"embeddable":true,"href":"https:\/\/edublog.educastur.es\/ixuxu\/wp-json\/wp\/v2\/comments?post=9995"}],"version-history":[{"count":2,"href":"https:\/\/edublog.educastur.es\/ixuxu\/wp-json\/wp\/v2\/posts\/9995\/revisions"}],"predecessor-version":[{"id":9997,"href":"https:\/\/edublog.educastur.es\/ixuxu\/wp-json\/wp\/v2\/posts\/9995\/revisions\/9997"}],"wp:attachment":[{"href":"https:\/\/edublog.educastur.es\/ixuxu\/wp-json\/wp\/v2\/media?parent=9995"}],"wp:term":[{"taxonomy":"category","embeddable":true,"href":"https:\/\/edublog.educastur.es\/ixuxu\/wp-json\/wp\/v2\/categories?post=9995"},{"taxonomy":"post_tag","embeddable":true,"href":"https:\/\/edublog.educastur.es\/ixuxu\/wp-json\/wp\/v2\/tags?post=9995"}],"curies":[{"name":"wp","href":"https:\/\/api.w.org\/{rel}","templated":true}]}}