{"id":3277,"date":"2022-04-24T17:45:32","date_gmt":"2022-04-24T15:45:32","guid":{"rendered":"https:\/\/edublog.educastur.es\/ixuxullingua\/?p=3277"},"modified":"2022-04-24T17:48:32","modified_gmt":"2022-04-24T15:48:32","slug":"les-madrenes-asturianes","status":"publish","type":"post","link":"https:\/\/edublog.educastur.es\/ixuxullingua\/2022\/04\/24\/les-madrenes-asturianes\/","title":{"rendered":"Les madre\u00f1es asturianes"},"content":{"rendered":"<ul>\n<li><a href=\"https:\/\/www.facebook.com\/photo\/?fbid=4979463932140087&amp;set=pcb.4979471792139301\">Fonte: Asturias Marisa D\u00edaz Facebook<\/a><\/li>\n<\/ul>\n<p style=\"text-align: center\">\n<!-- iframe plugin v.6.0 wordpress.org\/plugins\/iframe\/ -->\n<iframe loading=\"lazy\" src=\"https:\/\/www.facebook.com\/plugins\/post.php?href=https%3A%2F%2Fwww.facebook.com%2Fmarisa.diaz.549%2Fposts%2F4979471792139301&#038;show_text=true&#038;width=500\" width=\"500\" height=\"799\" style=\"border:none;overflow:hidden\" scrolling=\"no\" frameborder=\"0\" allowfullscreen=\"true\" allow=\"autoplay; clipboard-write; encrypted-media; picture-in-picture; web-share\" 0=\"\/iframe\" class=\"iframe-class\"><\/iframe>\n<\/p>\n<p><!--more--><\/p>\n<div class=\"\" dir=\"auto\">\n<div class=\"\" dir=\"auto\">\n<div class=\"ecm0bbzt hv4rvrfc ihqw7lf3 dati1w0a\" data-ad-comet-preview=\"message\" data-ad-preview=\"message\">\n<div class=\"j83agx80 cbu4d94t ew0dbk1b irj2b8pg\">\n<div class=\"qzhwtbm6 knvmm38d\">\n<div class=\"kvgmc6g5 cxmmr5t8 oygrvhab hcukyx3x c1et5uql ii04i59q\">\n<div dir=\"auto\">NUESTRA VIEJA MADRE\u00d1A<\/div>\n<blockquote>\n<div dir=\"auto\">Per los caminos y caleyes oy\u00edase el patucar de les madre\u00f1es, que sacaben fu\u00e9u al encatiase nes piedres del cam\u00edn, y dalg\u00fan ixux\u00fa retumbaba per les eres abaxo, x\u00fantandose co&#8217;l cantar recio y melgueru&#8230;<\/div>\n<\/blockquote>\n<div dir=\"auto\">(Pach\u00edn de Mel\u00e1s )<\/div>\n<blockquote>\n<div dir=\"auto\">\u00abSeg\u00fan la procedencia y seg\u00fan la forma suelen recibir distintos nombres: redondes, casines, quirosanes, alleranes\u2026 La quirosana era tosca y pesada y se usaba ordinariamente con escarpines, era pr\u00e1ctica porque ten\u00eda la boca estrecha adapt\u00e1ndose bastante bien al pie.<\/div>\n<div dir=\"auto\">Por el aspecto que representaban pod\u00edan ser: patonas, rasinas o baxinas cuando ten\u00edan los tacones gastados; lueques si est\u00e1n rajadas; ferradas si tienen clavos en los tacones. Al andar por las caleyas empedradas de la aldea produc\u00edan un cierto ruido que, lejos de ser molesto, a los usuarios les agradaba, gustando ferrarlas con gruesos clavos de espiga. Al clavarlos sol\u00edan \u201cfender\u201d, lo que evitaban iniciando el agujero con un alambre al rojo.<\/div>\n<div dir=\"auto\">La \u201ccantuesa\u201d era un alambre con la que se apretaba la puntera cuando \u00e9sta se rajaba.<\/div>\n<div dir=\"auto\">Cuando se gastaba la papera o parte inferior delantera se hojalataba con un trozo de lata sujeta con peque\u00f1os clavitos.<\/div>\n<div dir=\"auto\">En muchos pueblos se usaba un peque\u00f1o palo para adquirir la madre\u00f1a a la medida y serv\u00eda para cada vez que se adquir\u00eda un nuevo par.<\/div>\n<div dir=\"auto\">Como accesorio en \u00e9pocas de nieve es curioso ver como acoplaban en la base de las madre\u00f1as unas tablas horizontales llamadas \u201cbarayones\u201d que al ampliar la base de aquellas impiden que se hundan en la nieve.<\/div>\n<\/blockquote>\n<div dir=\"auto\">(La Artesan\u00eda Popular Asturiana)<\/div>\n<div dir=\"auto\">-Jose Manuel Feito,<\/div>\n<\/div>\n<\/div>\n<\/div>\n<\/div>\n<\/div>\n<\/div>\n","protected":false},"excerpt":{"rendered":"<p>Fonte: Asturias Marisa D\u00edaz Facebook<\/p>\n","protected":false},"author":117,"featured_media":0,"comment_status":"open","ping_status":"open","sticky":false,"template":"","format":"standard","meta":{"footnotes":""},"categories":[1],"tags":[],"class_list":["post-3277","post","type-post","status-publish","format-standard","hentry","category-sin-categoria","post-preview"],"_links":{"self":[{"href":"https:\/\/edublog.educastur.es\/ixuxullingua\/wp-json\/wp\/v2\/posts\/3277","targetHints":{"allow":["GET"]}}],"collection":[{"href":"https:\/\/edublog.educastur.es\/ixuxullingua\/wp-json\/wp\/v2\/posts"}],"about":[{"href":"https:\/\/edublog.educastur.es\/ixuxullingua\/wp-json\/wp\/v2\/types\/post"}],"author":[{"embeddable":true,"href":"https:\/\/edublog.educastur.es\/ixuxullingua\/wp-json\/wp\/v2\/users\/117"}],"replies":[{"embeddable":true,"href":"https:\/\/edublog.educastur.es\/ixuxullingua\/wp-json\/wp\/v2\/comments?post=3277"}],"version-history":[{"count":4,"href":"https:\/\/edublog.educastur.es\/ixuxullingua\/wp-json\/wp\/v2\/posts\/3277\/revisions"}],"predecessor-version":[{"id":3281,"href":"https:\/\/edublog.educastur.es\/ixuxullingua\/wp-json\/wp\/v2\/posts\/3277\/revisions\/3281"}],"wp:attachment":[{"href":"https:\/\/edublog.educastur.es\/ixuxullingua\/wp-json\/wp\/v2\/media?parent=3277"}],"wp:term":[{"taxonomy":"category","embeddable":true,"href":"https:\/\/edublog.educastur.es\/ixuxullingua\/wp-json\/wp\/v2\/categories?post=3277"},{"taxonomy":"post_tag","embeddable":true,"href":"https:\/\/edublog.educastur.es\/ixuxullingua\/wp-json\/wp\/v2\/tags?post=3277"}],"curies":[{"name":"wp","href":"https:\/\/api.w.org\/{rel}","templated":true}]}}