{"id":3302,"date":"2022-09-08T20:25:55","date_gmt":"2022-09-08T18:25:55","guid":{"rendered":"https:\/\/edublog.educastur.es\/ixuxullingua\/?p=3302"},"modified":"2022-09-08T20:25:55","modified_gmt":"2022-09-08T18:25:55","slug":"3302","status":"publish","type":"post","link":"https:\/\/edublog.educastur.es\/ixuxullingua\/2022\/09\/08\/3302\/","title":{"rendered":""},"content":{"rendered":"<div class=\"l7ghb35v kjdc1dyq kmwttqpk gh25dzvf jikcssrz n3t5jt4f\">\n<div dir=\"auto\" style=\"text-align: center\"><span style=\"color: #008080;font-size: 18pt\"><em><strong>\u00abLa pita con pitinos\u201d<br \/>\n<span style=\"font-size: 12pt\"><a href=\"https:\/\/www.facebook.com\/photo\/?fbid=2869775103275823&amp;set=gm.4631956413495854\">Autora: Carmen L\u00f3pez Glez<\/a><\/span><br \/>\n<\/strong><\/em><\/span><\/div>\n<\/div>\n<div class=\"l7ghb35v kjdc1dyq kmwttqpk gh25dzvf jikcssrz n3t5jt4f\">\n<div dir=\"auto\"><em><span style=\"font-size: 14pt\">Cerca de la praera,<\/span><\/em><\/div>\n<div dir=\"auto\"><em><span style=\"font-size: 14pt\">Vest\u00eda toa de verde,<\/span><\/em><\/div>\n<div dir=\"auto\"><em><span style=\"font-size: 14pt\">Sem\u00e1 de floriquines,<\/span><\/em><\/div>\n<div dir=\"auto\"><em><span style=\"font-size: 14pt\">metanes la caleya,<\/span><\/em><\/div>\n<div dir=\"auto\"><em><span style=\"font-size: 14pt\">al ll\u00e1u la casina<\/span><\/em><\/div>\n<div dir=\"auto\"><em><span style=\"font-size: 14pt\">onde vive mi g\u00fcela,<\/span><\/em><\/div>\n<div dir=\"auto\"><em><span style=\"font-size: 14pt\">recu\u00e9rdola movese\u2026<\/span><\/em><\/div>\n<div dir=\"auto\"><em><span style=\"font-size: 14pt\">como una bailarina:<\/span><\/em><\/div>\n<div dir=\"auto\"><em><span style=\"font-size: 14pt\">Col so \u201ctut\u00fa\u201dde plumes,<\/span><\/em><\/div>\n<div dir=\"auto\"><em><span style=\"font-size: 14pt\">da pasos piqui\u00f1inos,<\/span><\/em><\/div>\n<div dir=\"auto\"><em><span style=\"font-size: 14pt\">enchip\u00e1 y presum\u00eda&#8230;<\/span><\/em><\/div>\n<div dir=\"auto\"><em><span style=\"font-size: 14pt\">Da cuando,<\/span><\/em><\/div>\n<div dir=\"auto\"><em><span style=\"font-size: 14pt\">ap\u00e1rase un momento,<\/span><\/em><\/div>\n<div dir=\"auto\"><em><span style=\"font-size: 14pt\">y queda n\u2019equilibriu<\/span><\/em><\/div>\n<div dir=\"auto\"><em><span style=\"font-size: 14pt\">nam\u00e1s sobre una pata\u2026<\/span><\/em><\/div>\n<div dir=\"auto\"><em><span style=\"font-size: 14pt\">xinga la cabecina,<\/span><\/em><\/div>\n<div dir=\"auto\"><em><span style=\"font-size: 14pt\">igual q\u2019 un periscopiu,<\/span><\/em><\/div>\n<div dir=\"auto\"><em><span style=\"font-size: 14pt\">p\u2019ac\u00e1 y p\u2019all\u00e1 \u2026Vixila<\/span><\/em><\/div>\n<div dir=\"auto\"><em><span style=\"font-size: 14pt\">pa que deng\u00fan peligru<\/span><\/em><\/div>\n<div dir=\"auto\"><em><span style=\"font-size: 14pt\">amenace la \u201ccr\u00eda\u201d\u2026<\/span><\/em><\/div>\n<div dir=\"auto\"><em><span style=\"font-size: 14pt\">Siempre lleva delante<\/span><\/em><\/div>\n<div dir=\"auto\"><em><span style=\"font-size: 14pt\">a tolos \u201crapacinos\u201d<\/span><\/em><\/div>\n<div dir=\"auto\"><em><span style=\"font-size: 14pt\">\u00a1non los pierde de vista!<\/span><\/em><\/div>\n<div dir=\"auto\"><em><span style=\"font-size: 14pt\">Son\u20268 \u00f3 10\u2026<\/span><\/em><\/div>\n<div dir=\"auto\"><em><span style=\"font-size: 14pt\">T\u00f3os iguales,<\/span><\/em><\/div>\n<div dir=\"auto\"><em><span style=\"font-size: 14pt\">bolines de algod\u00f3n ,<\/span><\/em><\/div>\n<div dir=\"auto\"><em><span style=\"font-size: 14pt\">tex\u00edos en colores:<\/span><\/em><\/div>\n<div dir=\"auto\"><em><span style=\"font-size: 14pt\">Unu prietu, unu blancu,<\/span><\/em><\/div>\n<div dir=\"auto\"><em><span style=\"font-size: 14pt\">Y los otros,<\/span><\/em><\/div>\n<div dir=\"auto\"><em><span style=\"font-size: 14pt\">mariellos o marrones\u2026<\/span><\/em><\/div>\n<div dir=\"auto\"><em><span style=\"font-size: 14pt\">Cacarexa &#8230;<\/span><\/em><\/div>\n<div dir=\"auto\"><em><span style=\"font-size: 14pt\">Picotia con esmeru<\/span><\/em><\/div>\n<div dir=\"auto\"><em><span style=\"font-size: 14pt\">Y escargata afanosa<\/span><\/em><\/div>\n<div dir=\"auto\"><em><span style=\"font-size: 14pt\">de un ll\u00e1u pa otru&#8230;<\/span><\/em><\/div>\n<div dir=\"auto\"><em><span style=\"font-size: 14pt\">Y dimpu\u00e9s p\u2019entre\u2019l suelu&#8230;<\/span><\/em><\/div>\n<div dir=\"auto\"><em><span style=\"font-size: 14pt\">A la rebusca:<\/span><\/em><\/div>\n<div dir=\"auto\"><em><span style=\"font-size: 14pt\">Merucos, piedriquines,<\/span><\/em><\/div>\n<div dir=\"auto\"><em><span style=\"font-size: 14pt\">un granu de ma\u00edz,<\/span><\/em><\/div>\n<div dir=\"auto\"><em><span style=\"font-size: 14pt\">una yerbuca..<\/span><\/em><\/div>\n<div dir=\"auto\"><em><span style=\"font-size: 14pt\">una riestra formigues\u2026<\/span><\/em><\/div>\n<div dir=\"auto\"><em><span style=\"font-size: 14pt\">Daqu\u00e9 valioso,<\/span><\/em><\/div>\n<div dir=\"auto\"><em><span style=\"font-size: 14pt\">Pa llevar a la boca\u2026<\/span><\/em><\/div>\n<div dir=\"auto\"><em><span style=\"font-size: 14pt\">Y, como cualquier madre,<\/span><\/em><\/div>\n<div dir=\"auto\"><em><span style=\"font-size: 14pt\">cuando por f\u00edn lo atopa,<\/span><\/em><\/div>\n<div dir=\"auto\"><em><span style=\"font-size: 14pt\">otra vez cacarexa y alborota&#8230;<\/span><\/em><\/div>\n<div dir=\"auto\"><em><span style=\"font-size: 14pt\">Pero\u2026nun ye pa ella, non,<\/span><\/em><\/div>\n<div dir=\"auto\"><em><span style=\"font-size: 14pt\">pa ella nun lo atroca.<\/span><\/em><\/div>\n<div dir=\"auto\"><em><span style=\"font-size: 14pt\">siempre sacrificada,<\/span><\/em><\/div>\n<div dir=\"auto\"><em><span style=\"font-size: 14pt\">entreg\u00e1 y cari\u00f1osa,<\/span><\/em><\/div>\n<div dir=\"auto\"><em><span style=\"font-size: 14pt\">va llamando a la \u201cprole\u201d, con orgullu<\/span><\/em><\/div>\n<div dir=\"auto\"><em><span style=\"font-size: 14pt\">Y ent\u00f3s, los \u201crapacinos\u201d<\/span><\/em><\/div>\n<div dir=\"auto\"><em><span style=\"font-size: 14pt\">esnalen como llocos,<\/span><\/em><\/div>\n<div dir=\"auto\"><em><span style=\"font-size: 14pt\">Y cuerren antroxaos,<\/span><\/em><\/div>\n<div dir=\"auto\"><em><span style=\"font-size: 14pt\">dando coles patuques en el culo\u2026<\/span><\/em><\/div>\n<div dir=\"auto\"><em><span style=\"font-size: 14pt\">Tramb\u00farriense , pipiando<\/span><\/em><\/div>\n<div dir=\"auto\"><em><span style=\"font-size: 14pt\">en busca de la \u201cxinta\u201d<\/span><\/em><\/div>\n<div dir=\"auto\"><em><span style=\"font-size: 14pt\">que ye\u2026escasa pa t\u00f3os&#8230;<\/span><\/em><\/div>\n<div dir=\"auto\"><em><span style=\"font-size: 14pt\">dende un pal otru llau&#8230;<\/span><\/em><\/div>\n<div dir=\"auto\"><em><span style=\"font-size: 14pt\">\u00a1Z\u00e1mpala el que la pilla!<\/span><\/em><\/div>\n<div dir=\"auto\"><em><span style=\"font-size: 14pt\">Y qu\u00e9dense los otros<\/span><\/em><\/div>\n<div dir=\"auto\"><em><span style=\"font-size: 14pt\">allampaos, famientos,<\/span><\/em><\/div>\n<div dir=\"auto\"><em><span style=\"font-size: 14pt\">a la espera<\/span><\/em><\/div>\n<div dir=\"auto\"><em><span style=\"font-size: 14pt\">del pr\u00f3ximu \u201cbocau\u201d.<\/span><\/em><\/div>\n<\/div>\n<div class=\"l7ghb35v kjdc1dyq kmwttqpk gh25dzvf jikcssrz n3t5jt4f\">\n<div dir=\"auto\"><em><span style=\"font-size: 14pt\">Metantu que la madre,<\/span><\/em><\/div>\n<div dir=\"auto\"><em><span style=\"font-size: 14pt\">con pacencia,<\/span><\/em><\/div>\n<div dir=\"auto\"><em><span style=\"font-size: 14pt\">entama deprendelos a buscalu\u2026<\/span><\/em><\/div>\n<div dir=\"auto\"><em><span style=\"font-size: 14pt\">Per esu se preocupa<\/span><\/em><\/div>\n<div dir=\"auto\"><em><span style=\"font-size: 14pt\">de que sepan<\/span><\/em><\/div>\n<div dir=\"auto\"><em><span style=\"font-size: 14pt\">que a naide la \u201cmanduca\u201d<\/span><\/em><\/div>\n<div dir=\"auto\"><em><span style=\"font-size: 14pt\">Y la dan \u201cde regalu\u201d&#8230;<\/span><\/em><\/div>\n<div dir=\"auto\"><em><span style=\"font-size: 14pt\">Porque quier ensi\u00f1\u00e1los<\/span><\/em><\/div>\n<div dir=\"auto\"><em><span style=\"font-size: 14pt\">ya dende piqui\u00f1inos\u2026<\/span><\/em><\/div>\n<div dir=\"auto\"><em><span style=\"font-size: 14pt\">a buscase la vida\u2026<\/span><\/em><\/div>\n<div dir=\"auto\"><em><span style=\"font-size: 14pt\">a arreglase solinos&#8230;<\/span><\/em><\/div>\n<\/div>\n<div class=\"l7ghb35v kjdc1dyq kmwttqpk gh25dzvf jikcssrz n3t5jt4f\">\n<div dir=\"auto\"><em><span style=\"font-size: 14pt\">\u00a1Que guapa estampa<\/span><\/em><\/div>\n<div dir=\"auto\"><em><span style=\"font-size: 14pt\">tan familiar y tierna,<\/span><\/em><\/div>\n<div dir=\"auto\"><em><span style=\"font-size: 14pt\">\u201cLa pita con pitinos\u201d.<\/span><\/em><\/div>\n<div dir=\"auto\"><\/div>\n<\/div>\n<div class=\"l7ghb35v kjdc1dyq kmwttqpk gh25dzvf jikcssrz n3t5jt4f\">\n<div dir=\"auto\">Carmen&#8230;Junio 2020<\/div>\n<\/div>\n","protected":false},"excerpt":{"rendered":"<p>\u00abLa pita con pitinos\u201d Autora: Carmen L\u00f3pez Glez Cerca de la praera, Vest\u00eda toa de verde, Sem\u00e1 de floriquines, metanes la caleya, al ll\u00e1u la casina onde vive mi g\u00fcela, recu\u00e9rdola movese\u2026 como una bailarina: Col so \u201ctut\u00fa\u201dde plumes, da pasos piqui\u00f1inos, enchip\u00e1 y presum\u00eda&#8230; Da cuando, ap\u00e1rase un momento, y queda n\u2019equilibriu nam\u00e1s sobre [&hellip;]<\/p>\n","protected":false},"author":117,"featured_media":0,"comment_status":"open","ping_status":"open","sticky":false,"template":"","format":"standard","meta":{"footnotes":""},"categories":[1],"tags":[],"class_list":["post-3302","post","type-post","status-publish","format-standard","hentry","category-sin-categoria","post-preview"],"_links":{"self":[{"href":"https:\/\/edublog.educastur.es\/ixuxullingua\/wp-json\/wp\/v2\/posts\/3302","targetHints":{"allow":["GET"]}}],"collection":[{"href":"https:\/\/edublog.educastur.es\/ixuxullingua\/wp-json\/wp\/v2\/posts"}],"about":[{"href":"https:\/\/edublog.educastur.es\/ixuxullingua\/wp-json\/wp\/v2\/types\/post"}],"author":[{"embeddable":true,"href":"https:\/\/edublog.educastur.es\/ixuxullingua\/wp-json\/wp\/v2\/users\/117"}],"replies":[{"embeddable":true,"href":"https:\/\/edublog.educastur.es\/ixuxullingua\/wp-json\/wp\/v2\/comments?post=3302"}],"version-history":[{"count":1,"href":"https:\/\/edublog.educastur.es\/ixuxullingua\/wp-json\/wp\/v2\/posts\/3302\/revisions"}],"predecessor-version":[{"id":3303,"href":"https:\/\/edublog.educastur.es\/ixuxullingua\/wp-json\/wp\/v2\/posts\/3302\/revisions\/3303"}],"wp:attachment":[{"href":"https:\/\/edublog.educastur.es\/ixuxullingua\/wp-json\/wp\/v2\/media?parent=3302"}],"wp:term":[{"taxonomy":"category","embeddable":true,"href":"https:\/\/edublog.educastur.es\/ixuxullingua\/wp-json\/wp\/v2\/categories?post=3302"},{"taxonomy":"post_tag","embeddable":true,"href":"https:\/\/edublog.educastur.es\/ixuxullingua\/wp-json\/wp\/v2\/tags?post=3302"}],"curies":[{"name":"wp","href":"https:\/\/api.w.org\/{rel}","templated":true}]}}