{"id":3368,"date":"2022-12-22T14:45:18","date_gmt":"2022-12-22T12:45:18","guid":{"rendered":"https:\/\/edublog.educastur.es\/ixuxullingua\/?p=3368"},"modified":"2022-12-22T14:45:18","modified_gmt":"2022-12-22T12:45:18","slug":"la-madrena","status":"publish","type":"post","link":"https:\/\/edublog.educastur.es\/ixuxullingua\/2022\/12\/22\/la-madrena\/","title":{"rendered":"LA MADRE\u00d1A!"},"content":{"rendered":"<p style=\"text-align: center\">\n<p style=\"text-align: center\">\n<!-- iframe plugin v.6.0 wordpress.org\/plugins\/iframe\/ -->\n<iframe loading=\"lazy\" src=\"https:\/\/www.facebook.com\/plugins\/post.php?href=https%3A%2F%2Fwww.facebook.com%2Fphoto.php%3Ffbid%3D5674004699352670%26set%3Da.105829129503616%26type%3D3&#038;show_text=true&#038;width=500\" width=\"500\" height=\"341\" style=\"border:none;overflow:hidden\" scrolling=\"no\" frameborder=\"0\" allowfullscreen=\"true\" allow=\"autoplay; clipboard-write; encrypted-media; picture-in-picture; web-share\" 0=\"\/iframe\" class=\"iframe-class\"><\/iframe>\n<\/p>\n<p>La repercusi\u00f3n de la producci\u00f3n madre\u00f1era na econom\u00eda rural d&#8217;Asturies foi enorme en d\u00f3mines pasaes. La vienta de madre\u00f1es dex\u00f3 a munches families cuntar con unos modestos ingresos, seique los \u00fanicos.<\/p>\n<ul>\n<li><a href=\"https:\/\/www.artesaniaasturiana.com\/las-madrenas-149\">Fonte: Artesan\u00eda de Asturias<\/a> \/ <a href=\"https:\/\/www.artesaniaasturiana.com\/madrenas-39\">Modelos<\/a> \/ Facebook<\/li>\n<\/ul>\n<p><!--more--><br \/>\nLo com\u00fan yera la vienta nos mercaos de los conceyos y en menor midida en comercios especializaos, anque tami\u00e9n se practicaba&#8217;l serviciu a casa\u201d, nel que&#8217;l madre\u00f1eru, calten\u00edu y agospi\u00e1u, aprov\u00eda de madre\u00f1es al grupu familiar para una bona temporada.<\/p>\n<p style=\"text-align: center\">\n<a href=\"https:\/\/www.artesaniaasturiana.com\/udecontrol_datos\/FileManager\/1388454931.jpg\"><img loading=\"lazy\" decoding=\"async\" class=\"alignnone\" src=\"https:\/\/www.artesaniaasturiana.com\/udecontrol_datos\/FileManager\/1388454931.jpg\" alt=\"\" width=\"600\" height=\"200\" \/><\/a><\/p>\n<p style=\"text-align: left\">La madre\u00f1a representa l&#8217;\u00faltimu estadiu evolutivu de la familia del calz\u00e1u de madera, que s&#8217;estiende per amplies zones de la Europa llatina y xerm\u00e1nica.<\/p>\n<p>La diversid\u00e1 tipol\u00f3xica paez confirmar que&#8217;l cordal \u00c1stur-cant\u00e1brica foi&#8217;l n\u00facleu d&#8217;espardimientu d&#8217;esti calz\u00e1u. Les frecuentes ag\u00fces que favorecen les \u00abcaleyes\u00bb enllamorgaes\/embarraes nel mediu rural, la esistencia de \u00ablames\u00bb o praos anubiertos y una serrapatosa orograf\u00eda, con bayura de montes, que suministren la madera necesario pa la so fabricaci\u00f3n, son factores, que xun\u00edos a la tradici\u00f3n cultural influyeron na estraordinaria acoyida qu&#8217;atop\u00f3 la madre\u00f1a n&#8217;Asturies.<\/p>\n<p>Pa enllargar la vida de la madre\u00f1a apl\u00edquense barnices o pintures, pero fai ent\u00e1 cincuenta a\u00f1os yera habitual un tratamientu d&#8217;afum\u00e1u, que demostr\u00f3 ser una escelente protecci\u00f3n contra&#8217;l mugor y los insectos xil\u00f3fagos, facilitando tami\u00e9n la decoraci\u00f3n.<\/p>\n<p>Mientres en Quir\u00f3s y L.lena l&#8217;afum\u00e1u ll\u00e9vase a cabu con felechos secos que produc\u00eden una coloraci\u00f3n acoloratada, nel restu afumase con corteces d&#8217;abeduriu y escobes de monte, resultando nesti casu d&#8217;un color negru mate, que realzaba la guapura de la madre\u00f1a.\u00bb<\/p>\n","protected":false},"excerpt":{"rendered":"<p>La repercusi\u00f3n de la producci\u00f3n madre\u00f1era na econom\u00eda rural d&#8217;Asturies foi enorme en d\u00f3mines pasaes. La vienta de madre\u00f1es dex\u00f3 a munches families cuntar con unos modestos ingresos, seique los \u00fanicos. Fonte: Artesan\u00eda de Asturias \/ Modelos \/ Facebook<\/p>\n","protected":false},"author":117,"featured_media":0,"comment_status":"open","ping_status":"open","sticky":false,"template":"","format":"standard","meta":{"footnotes":""},"categories":[1],"tags":[],"class_list":["post-3368","post","type-post","status-publish","format-standard","hentry","category-sin-categoria","post-preview"],"_links":{"self":[{"href":"https:\/\/edublog.educastur.es\/ixuxullingua\/wp-json\/wp\/v2\/posts\/3368","targetHints":{"allow":["GET"]}}],"collection":[{"href":"https:\/\/edublog.educastur.es\/ixuxullingua\/wp-json\/wp\/v2\/posts"}],"about":[{"href":"https:\/\/edublog.educastur.es\/ixuxullingua\/wp-json\/wp\/v2\/types\/post"}],"author":[{"embeddable":true,"href":"https:\/\/edublog.educastur.es\/ixuxullingua\/wp-json\/wp\/v2\/users\/117"}],"replies":[{"embeddable":true,"href":"https:\/\/edublog.educastur.es\/ixuxullingua\/wp-json\/wp\/v2\/comments?post=3368"}],"version-history":[{"count":1,"href":"https:\/\/edublog.educastur.es\/ixuxullingua\/wp-json\/wp\/v2\/posts\/3368\/revisions"}],"predecessor-version":[{"id":3369,"href":"https:\/\/edublog.educastur.es\/ixuxullingua\/wp-json\/wp\/v2\/posts\/3368\/revisions\/3369"}],"wp:attachment":[{"href":"https:\/\/edublog.educastur.es\/ixuxullingua\/wp-json\/wp\/v2\/media?parent=3368"}],"wp:term":[{"taxonomy":"category","embeddable":true,"href":"https:\/\/edublog.educastur.es\/ixuxullingua\/wp-json\/wp\/v2\/categories?post=3368"},{"taxonomy":"post_tag","embeddable":true,"href":"https:\/\/edublog.educastur.es\/ixuxullingua\/wp-json\/wp\/v2\/tags?post=3368"}],"curies":[{"name":"wp","href":"https:\/\/api.w.org\/{rel}","templated":true}]}}