{"id":572,"date":"2020-05-03T08:14:18","date_gmt":"2020-05-03T08:14:18","guid":{"rendered":"https:\/\/edublog.educastur.es\/ixuxullingua\/?p=572"},"modified":"2020-08-10T15:14:57","modified_gmt":"2020-08-10T15:14:57","slug":"dia-de-la-ma","status":"publish","type":"post","link":"https:\/\/edublog.educastur.es\/ixuxullingua\/2020\/05\/03\/dia-de-la-ma\/","title":{"rendered":"D\u00eda de la m\u00e1"},"content":{"rendered":"<p>El domingu 3 de mayu ye\u00b4l<b><i> D\u00eda de la ma.<\/i><\/b><br \/>\n<u><i>Esfrut\u00e1ilu en familia&#8230;<\/i><\/u><b><i>Pa cellebralo, dos poemes perguapos:<\/i><\/b><\/p>\n<p align=\"left\">Un poema d\u00b4Aurelio Gonz\u00e1lez Ovies, espubliz\u00e1o nel so bloque: <a href=\"http:\/\/hazmemagiaotravez.blogspot.com\/\" target=\"_blank\" rel=\"noopener noreferrer\"><u><i>Hazme magia otra vez.<\/i><\/u><\/a><br \/>\nY nel llibru <b><i>\u00abVersonaxes\u00bb<\/i><\/b> de <u>Pintar-Pintar. <a href=\"http:\/\/www.digital.pintar-pintar.com\/bookcase\/combj?fbclid=IwAR2OEJDVm5n_R8SZgl6LQm39fItBQkt67czi15bKkQbE63g6XCLXRQWukck\" target=\"_blank\" rel=\"noopener noreferrer\">P\u00e1xina 24-25 <b><i>\u00abMadres\u00eda\u00bb<\/i><\/b><\/a><br \/>\n<\/u><\/p>\n<h3><i><u>Un poema a toles madres qu\u00b4esisten.<\/u><\/i><\/h3>\n<p><a href=\"https:\/\/imgbox.es\/images\/2020\/05\/03\/madre_asturianu03a547af8e9a4b06.jpg\" target=\"_blank\" rel=\"noopener noreferrer\"><img loading=\"lazy\" decoding=\"async\" class=\"\" src=\"https:\/\/imgbox.es\/images\/2020\/05\/03\/madre_ast0ec3466af1c1f611.jpg\" width=\"564\" height=\"483\" border=\"1\" \/><\/a><\/p>\n<ul>\n<li><a href=\"https:\/\/imgbox.es\/images\/2020\/05\/03\/madre_asturianu03a547af8e9a4b06.jpg\" target=\"_blank\" rel=\"noopener noreferrer\"><b><i>Calca equ\u00ed pa lleer n\u00b4asturianu<br \/>\n<\/i><\/b><\/a><\/li>\n<li><b><i><a href=\"https:\/\/imgbox.es\/images\/2020\/05\/03\/madre_castc7193b428a5c690c.jpg\" target=\"_blank\" rel=\"noopener noreferrer\">Calca equ\u00ed pa lleer en castell\u00e1n<\/a><br \/>\n<\/i><\/b><\/li>\n<\/ul>\n<p>Voz: <a href=\"https:\/\/www.youtube.com\/watch?time_continue=239&amp;v=ArE4dvUHYOQ&amp;feature=emb_logo\" target=\"_blank\" rel=\"noopener noreferrer\"><i>Mar\u00eda Garc\u00eda Esper\u00f3n <\/i><\/a><\/p>\n<p><i>[youtube]ArE4dvUHYOQ[\/youtube]<br \/>\n<\/i><\/p>\n<hr \/>\n<h4>\u00dan poema d\u00b4<a href=\"https:\/\/elguardiandelalluvia.wordpress.com\/2018\/09\/15\/336\/\" target=\"_blank\" rel=\"noopener noreferrer\">Elvira Laruelo<\/a> espubliz\u00e1o<br \/>\nnel b<a href=\"https:\/\/lunalectora.blogspot.com\/2019\/04\/como-me-hice-feminista-una-genealogia_1.html\" target=\"_blank\" rel=\"noopener noreferrer\">log \u00ab<i><b>Lluna llectora<\/b><\/i>\u00bb del Institutu.<\/a><\/h4>\n<h2><b><i><u>\u00abPavor\u00bb<\/u><\/i><\/b><\/h2>\n<h3 align=\"left\"><b> <i>Nun soi quien a escribite un poema,<br \/>\nma.<\/i><\/b><\/h3>\n<h3 align=\"left\"><b><i>Llevo tiempu intent\u00e1ndolo<br \/>\ny nun lo consigo,<br \/>\ncon toles bobaes pa les que tengo<br \/>\nunos versos ad hoc\u2026<\/i><\/b><\/h3>\n<h3 align=\"left\"><b><i>Nun soi quien a escribite un poema,<br \/>\nma.<\/i><\/b><\/h3>\n<h3 align=\"left\"><b><i>Si\u00e9ntome mal por ello,<br \/>\npero nun s\u00e9 dicite de forma<br \/>\norixinal, hiperb\u00f3lica,<br \/>\nsuperlativa y ll\u00edrica:<br \/>\nGracies.<\/i><\/b><\/h3>\n<h3 align=\"left\"><b><i>Qui\u00e9rote.<\/i><\/b><\/h3>\n<h3 align=\"left\"><b><i>Siento pavor a esconsonar un d\u00eda<br \/>\ny que nun teas.<\/i><\/b><\/h3>\n","protected":false},"excerpt":{"rendered":"<p>El domingu 3 de mayu ye\u00b4l D\u00eda de la ma. Esfrut\u00e1ilu en familia&#8230;Pa cellebralo, dos poemes perguapos: Un poema d\u00b4Aurelio Gonz\u00e1lez Ovies, espubliz\u00e1o nel so bloque: Hazme magia otra vez. Y nel llibru \u00abVersonaxes\u00bb de Pintar-Pintar. P\u00e1xina 24-25 \u00abMadres\u00eda\u00bb Un poema a toles madres qu\u00b4esisten. Calca equ\u00ed pa lleer n\u00b4asturianu Calca equ\u00ed pa lleer en [&hellip;]<\/p>\n","protected":false},"author":117,"featured_media":0,"comment_status":"open","ping_status":"open","sticky":false,"template":"","format":"standard","meta":{"footnotes":""},"categories":[5],"tags":[],"class_list":["post-572","post","type-post","status-publish","format-standard","hentry","category-dia-de","post-preview"],"_links":{"self":[{"href":"https:\/\/edublog.educastur.es\/ixuxullingua\/wp-json\/wp\/v2\/posts\/572","targetHints":{"allow":["GET"]}}],"collection":[{"href":"https:\/\/edublog.educastur.es\/ixuxullingua\/wp-json\/wp\/v2\/posts"}],"about":[{"href":"https:\/\/edublog.educastur.es\/ixuxullingua\/wp-json\/wp\/v2\/types\/post"}],"author":[{"embeddable":true,"href":"https:\/\/edublog.educastur.es\/ixuxullingua\/wp-json\/wp\/v2\/users\/117"}],"replies":[{"embeddable":true,"href":"https:\/\/edublog.educastur.es\/ixuxullingua\/wp-json\/wp\/v2\/comments?post=572"}],"version-history":[{"count":1,"href":"https:\/\/edublog.educastur.es\/ixuxullingua\/wp-json\/wp\/v2\/posts\/572\/revisions"}],"predecessor-version":[{"id":573,"href":"https:\/\/edublog.educastur.es\/ixuxullingua\/wp-json\/wp\/v2\/posts\/572\/revisions\/573"}],"wp:attachment":[{"href":"https:\/\/edublog.educastur.es\/ixuxullingua\/wp-json\/wp\/v2\/media?parent=572"}],"wp:term":[{"taxonomy":"category","embeddable":true,"href":"https:\/\/edublog.educastur.es\/ixuxullingua\/wp-json\/wp\/v2\/categories?post=572"},{"taxonomy":"post_tag","embeddable":true,"href":"https:\/\/edublog.educastur.es\/ixuxullingua\/wp-json\/wp\/v2\/tags?post=572"}],"curies":[{"name":"wp","href":"https:\/\/api.w.org\/{rel}","templated":true}]}}