{"id":1,"date":"2024-02-13T11:01:07","date_gmt":"2024-02-13T11:01:07","guid":{"rendered":"https:\/\/edublog.educastur.es\/laprofedellingua\/?p=1"},"modified":"2024-02-13T12:29:42","modified_gmt":"2024-02-13T12:29:42","slug":"hola-mundo","status":"publish","type":"post","link":"https:\/\/edublog.educastur.es\/laprofedellingua\/2024\/02\/13\/hola-mundo\/","title":{"rendered":"\u00a1Entamamos!"},"content":{"rendered":"<h1 style=\"text-align: center\"><span style=\"color: #000080\">\u00a1Hola xente!\u00a0<\/span><\/h1>\n<figure id=\"attachment_10\" aria-describedby=\"caption-attachment-10\" style=\"width: 300px\" class=\"wp-caption aligncenter\"><img loading=\"lazy\" decoding=\"async\" class=\"size-medium wp-image-10\" src=\"http:\/\/edublog.educastur.es\/laprofedellingua\/files\/2021\/03\/profesora-e1614859324209-300x250.jpg\" alt=\"&quot;profesora&quot; by Carmenxu2 is licensed under CC BY-NC-ND 2.0\" width=\"300\" height=\"250\" srcset=\"https:\/\/edublog.educastur.es\/laprofedellingua\/files\/2021\/03\/profesora-e1614859324209-300x250.jpg 300w, https:\/\/edublog.educastur.es\/laprofedellingua\/files\/2021\/03\/profesora-e1614859324209-360x300.jpg 360w, https:\/\/edublog.educastur.es\/laprofedellingua\/files\/2021\/03\/profesora-e1614859324209.jpg 657w\" sizes=\"auto, (max-width: 300px) 100vw, 300px\" \/><figcaption id=\"caption-attachment-10\" class=\"wp-caption-text\">\u00abprofesora\u00bb by Carmenxu2 is licensed under CC BY-NC-ND 2.0<\/figcaption><\/figure>\n<h2><span style=\"color: #000080\">Bienvenidos al mio blogue.<\/span><\/h2>\n<p>Pretendo que seya un espaciu na rede nel qu\u00b4atopar informaci\u00f3n, xuegos, lliteratura, enllaces d\u00b4inter\u00e9s, recursos varios&#8230;<\/p>\n<p>Pinch\u00e1i<span style=\"font-size: 18pt;color: #ff0000\"> <a style=\"color: #ff0000\" href=\"https:\/\/edublog.educastur.es\/laprofedellingua\/acerca-de\/\">equ\u00ed<\/a> <\/span>pa conoceme un poco m\u00e1s<\/p>\n<p>Ir\u00e9 poco\u00f1\u00edn a poco\u00f1\u00edn a\u00f1adi\u00e9ndolos y deprendiendo sobre la marcha. Equ\u00ed entama\u00b4l mio viaxe, \u00bfacompa\u00f1\u00e1isme?<\/p>\n<p>&nbsp;<\/p>\n","protected":false},"excerpt":{"rendered":"<p>\u00a1Hola xente!\u00a0 Bienvenidos al mio blogue. Pretendo que seya un espaciu na rede nel qu\u00b4atopar informaci\u00f3n, xuegos, lliteratura, enllaces d\u00b4inter\u00e9s, recursos varios&#8230; Pinch\u00e1i equ\u00ed pa conoceme un poco m\u00e1s Ir\u00e9 poco\u00f1\u00edn a poco\u00f1\u00edn a\u00f1adi\u00e9ndolos y deprendiendo sobre la marcha. Equ\u00ed entama\u00b4l mio viaxe, \u00bfacompa\u00f1\u00e1isme? &nbsp;<\/p>\n","protected":false},"author":910,"featured_media":0,"comment_status":"open","ping_status":"open","sticky":false,"template":"","format":"standard","meta":{"footnotes":""},"categories":[2],"tags":[3,5,6,4],"class_list":["post-1","post","type-post","status-publish","format-standard","hentry","category-presentacion","tag-bienvenida","tag-blog","tag-entradas","tag-hola"],"_links":{"self":[{"href":"https:\/\/edublog.educastur.es\/laprofedellingua\/wp-json\/wp\/v2\/posts\/1","targetHints":{"allow":["GET"]}}],"collection":[{"href":"https:\/\/edublog.educastur.es\/laprofedellingua\/wp-json\/wp\/v2\/posts"}],"about":[{"href":"https:\/\/edublog.educastur.es\/laprofedellingua\/wp-json\/wp\/v2\/types\/post"}],"author":[{"embeddable":true,"href":"https:\/\/edublog.educastur.es\/laprofedellingua\/wp-json\/wp\/v2\/users\/910"}],"replies":[{"embeddable":true,"href":"https:\/\/edublog.educastur.es\/laprofedellingua\/wp-json\/wp\/v2\/comments?post=1"}],"version-history":[{"count":3,"href":"https:\/\/edublog.educastur.es\/laprofedellingua\/wp-json\/wp\/v2\/posts\/1\/revisions"}],"predecessor-version":[{"id":48,"href":"https:\/\/edublog.educastur.es\/laprofedellingua\/wp-json\/wp\/v2\/posts\/1\/revisions\/48"}],"wp:attachment":[{"href":"https:\/\/edublog.educastur.es\/laprofedellingua\/wp-json\/wp\/v2\/media?parent=1"}],"wp:term":[{"taxonomy":"category","embeddable":true,"href":"https:\/\/edublog.educastur.es\/laprofedellingua\/wp-json\/wp\/v2\/categories?post=1"},{"taxonomy":"post_tag","embeddable":true,"href":"https:\/\/edublog.educastur.es\/laprofedellingua\/wp-json\/wp\/v2\/tags?post=1"}],"curies":[{"name":"wp","href":"https:\/\/api.w.org\/{rel}","templated":true}]}}