{"id":145,"date":"2019-11-17T16:53:00","date_gmt":"2019-11-17T16:53:00","guid":{"rendered":"https:\/\/edublog.educastur.es\/lasmestasunlugarparaaprenderjugando\/2019\/11\/17\/proyecto-del-medio-ambiente-semana-europea-de-la-prevencion-de-residuos-2019\/"},"modified":"2023-12-04T19:06:08","modified_gmt":"2023-12-04T19:06:08","slug":"proyecto-del-medio-ambiente-semana-europea-de-la-prevencion-de-residuos-2019","status":"publish","type":"post","link":"https:\/\/edublog.educastur.es\/lasmestasunlugarparaaprenderjugando\/2019\/11\/17\/proyecto-del-medio-ambiente-semana-europea-de-la-prevencion-de-residuos-2019\/","title":{"rendered":"PROYECTO DEL MEDIO AMBIENTE &#8211; SEMANA EUROPEA DE LA PREVENCI\u00d3N DE RESIDUOS 2019"},"content":{"rendered":"<div style=\"clear: both;text-align: center\">\n<\/div>\n<p><\/p>\n<div style=\"background-color: white;border: 0px;color: #201f1e;, sans-serif;font-size: 15px;line-height: inherit;margin: 0px;padding: 0px;vertical-align: baseline\">\n<div style=\"color: black;, serif;font-size: 12pt\">\n<span style=\"border: 0px;color: #1f497d;, sans-serif;font-size: inherit;font-style: inherit;font-variant: inherit;font-weight: inherit;line-height: inherit;margin: 0px;padding: 0px;vertical-align: baseline\"><\/span><\/div>\n<div style=\"color: black;, serif;font-size: 12pt\">\n<\/div>\n<\/div>\n<div style=\"background-color: white;border: 0px;color: #201f1e;, sans-serif;font-size: 15px;line-height: inherit;margin: 0px;padding: 0px;vertical-align: baseline\">\n<div style=\"border: 0px;color: inherit;font: inherit;margin: 0px;padding: 0px;vertical-align: baseline\">\n<div style=\"color: black;, serif;font-size: 12pt\">\n<span style=\"border: 0px;color: #365f91;, sans-serif;font-size: inherit;font-style: inherit;font-variant: inherit;font-weight: inherit;line-height: inherit;margin: 0px;padding: 0px;vertical-align: baseline\">&nbsp; &nbsp; &nbsp; &nbsp; &nbsp; &nbsp; &nbsp; &nbsp; &nbsp; &nbsp; &nbsp; &nbsp; &nbsp; &nbsp;&nbsp;<\/span><img decoding=\"async\" alt=\"Resultado de imagen de gifs animados de reciclaje\" src=\"http:\/\/www.canalgif.net\/Gifs-animados\/Ciencias\/Reciclaje\/Imagen-animada-Reciclaje-06.gif\" style=\"color: inherit;font-family: inherit;font-size: inherit;font-style: inherit;font-weight: inherit\" \/><\/div>\n<\/div>\n<\/div>\n<div style=\"background-color: white;font-family: Calibri;font-size: 12pt\">\n<span style=\"border: 0px;color: inherit;font-size: inherit;font-style: inherit;font-variant: inherit;line-height: inherit;margin: 0px;padding: 0px;vertical-align: baseline\"><span style=\"font-weight: inherit\"><br \/><\/span><\/span><\/div>\n<div style=\"background-color: white;font-family: Calibri;font-size: 12pt\">\n<span style=\"border: 0px;color: inherit;font-size: inherit;font-style: inherit;font-variant: inherit;line-height: inherit;margin: 0px;padding: 0px;vertical-align: baseline\"><span style=\"font-weight: inherit\"><br \/><\/span><\/span><\/div>\n<div style=\"background-color: white;font-family: Calibri;font-size: 12pt\">\n<span style=\"border: 0px;font-size: inherit;font-style: inherit;font-variant: inherit;line-height: inherit;margin: 0px;padding: 0px;vertical-align: baseline\"><span style=\"font-weight: inherit\">Con motivo de la<span>&nbsp;<\/span><\/span><span style=\"border: 0px;color: #444444;font-family: inherit;font-size: inherit;font-style: inherit;font-variant: inherit;line-height: inherit;margin: 0px;padding: 0px;vertical-align: baseline\"><b>Semana Europea de la Prevenci\u00f3n de Residuos 2019,&nbsp;<\/b><\/span><span style=\"border: 0px;color: #444444;font: inherit;margin: 0px;padding: 0px;vertical-align: baseline\">que se va a llevar a cabo en toda la Uni\u00f3n Europea, entre los d\u00edas&nbsp;<b>16 y 24 de noviembre<\/b>, uno de los proyectos presentados al <\/span><span style=\"border: 0px;color: #444444;font-family: inherit;font-size: inherit;font-style: inherit;font-variant: inherit;line-height: inherit;margin: 0px;padding: 0px;vertical-align: baseline\"><b>Concurso Europeo de Prevenci\u00f3n de Residuos: \u00abThe Language of the Sea\u00bb, <\/b><\/span><span style=\"border: 0px;color: #444444;font: inherit;margin: 0px;padding: 0px;vertical-align: baseline\">organiz\u00f3 un evento de presentaci\u00f3n de su candidatura en el Auditorio del Centro Niemeyer de Avil\u00e9s al que fuimos invitados como uno de los Centros representantes del sector medioambiental y tuvimos el gran honor de asistir como <\/span><span style=\"border: 0px;color: #444444;font-family: inherit;font-size: inherit;font-style: inherit;font-variant: inherit;line-height: inherit;margin: 0px;padding: 0px;vertical-align: baseline\"><b>colegio integrado en la Red de Escuelas por el Reciclaje.<\/b><\/span><\/span><\/div>\n<div style=\"background-color: white;font-family: Calibri;font-size: 12pt\">\n<span style=\"border: 0px;color: inherit;font-size: inherit;font-style: inherit;font-variant: inherit;line-height: inherit;margin: 0px;padding: 0px;vertical-align: baseline\"><span style=\"border: 0px;color: #444444;font-family: inherit;font-size: inherit;font-style: inherit;font-variant: inherit;line-height: inherit;margin: 0px;padding: 0px;vertical-align: baseline\"><b><br \/><\/b><\/span><\/span><\/div>\n<div style=\"background-color: white;font-family: Calibri;font-size: 12pt\">\n<span style=\"border: 0px;color: inherit;font-size: inherit;font-style: inherit;font-variant: inherit;line-height: inherit;margin: 0px;padding: 0px;vertical-align: baseline\"><span style=\"border: 0px;color: #444444;font-family: inherit;font-size: inherit;font-style: inherit;font-variant: inherit;line-height: inherit;margin: 0px;padding: 0px;vertical-align: baseline\"><b><br \/><\/b><\/span><\/span><\/div>\n<div style=\"background-color: white;font-family: Calibri;font-size: 12pt\">\n<span style=\"border: 0px;color: inherit;font-size: inherit;font-style: inherit;font-variant: inherit;font-weight: inherit;line-height: inherit;margin: 0px;padding: 0px;vertical-align: baseline\"><span style=\"border: 0px;color: #444444;font: inherit;margin: 0px;padding: 0px;vertical-align: baseline\">&nbsp; <img decoding=\"async\" alt=\"Vista previa de imagen\" src=\"https:\/\/attachments.office.net\/owa\/lasmestas@educastur.org\/service.svc\/s\/GetAttachmentThumbnail?id=AAMkAGQ1OGU0N2ZiLWNmYzItNGFkYi1hY2ZmLWEyMDY5YWM4ZjlkNQBGAAAAAABLbuVNzkMFT66P%2BWhEHSx0BwAjlegd4oGfRJvMVL0jQRSEAAKje3SNAAAjlegd4oGfRJvMVL0jQRSEAAM2mFbPAAABEgAQAH4X%2FP68uKhAvrJ9rzSTaIA%3D&amp;thumbnailType=2&amp;owa=outlook.office.com&amp;scriptVer=2019102103.10&amp;X-OWA-CANARY=oTP7UOm5SkqEC6OnBdqLZtAsv-l5a9cYW_vU4MRg5Lj2GULt-Z989N2pD817rsUSl0olTkmb7B4.&amp;token=eyJhbGciOiJSUzI1NiIsImtpZCI6IjA2MDBGOUY2NzQ2MjA3MzdFNzM0MDRFMjg3QzQ1QTgxOENCN0NFQjgiLCJ4NXQiOiJCZ0Q1OW5SaUJ6Zm5OQVRpaDhSYWdZeTN6cmciLCJ0eXAiOiJKV1QifQ.eyJvcmlnaW4iOiJodHRwczovL291dGxvb2sub2ZmaWNlLmNvbSIsInZlciI6IkV4Y2hhbmdlLkNhbGxiYWNrLlYxIiwiYXBwY3R4c2VuZGVyIjoiT3dhRG93bmxvYWRAODhhMzZlM2ItZDc5Zi00YTJiLThkYjYtNGMwNmQwOTczODIxIiwiaXNzcmluZyI6IldXIiwiYXBwY3R4Ijoie1wibXNleGNocHJvdFwiOlwib3dhXCIsXCJwcmltYXJ5c2lkXCI6XCJTLTEtNS0yMS0xMjYwMjA1MzY3LTEyNDI1OTAxMzgtMzA1NTE0MzU5LTE4NDg2NjVcIixcInB1aWRcIjpcIjExNTM3NjU5MzIwODQ3MDk0ODVcIixcIm9pZFwiOlwiMTY5N2Q5NzYtNTMwNy00M2JmLTk2ODUtZjZjYjg2MGMyNGRkXCIsXCJzY29wZVwiOlwiT3dhRG93bmxvYWRcIn0iLCJuYmYiOjE1NzQwMDc1NTQsImV4cCI6MTU3NDAwODE1NCwiaXNzIjoiMDAwMDAwMDItMDAwMC0wZmYxLWNlMDAtMDAwMDAwMDAwMDAwQDg4YTM2ZTNiLWQ3OWYtNGEyYi04ZGI2LTRjMDZkMDk3MzgyMSIsImF1ZCI6IjAwMDAwMDAyLTAwMDAtMGZmMS1jZTAwLTAwMDAwMDAwMDAwMC9hdHRhY2htZW50cy5vZmZpY2UubmV0QDg4YTM2ZTNiLWQ3OWYtNGEyYi04ZGI2LTRjMDZkMDk3MzgyMSJ9.LJawArlx8Q_5OP864f_Zs6n08ICx1lmyluQkwa88ePTMqcd2CAd4OAvgVQGqYD7WzXVRYua5iM_9Bb-LA7QChNQOm-_hUxbrYLAl6P4SK7t9tNYeZY0NUQ2xbu0XedO9VOIzr3fiy49bJPEKqA1hmVTp_4eKMPlOa3BCpf3f4XQHGp4fyYdj6AxoWiqsVeYdSDv3K_bHiyS96LicKA4f858qp67MtMdPazq3Oz4QuzCdkLFbr9Nn2c6OfbgA4OwxxDQBGKcTznx1pCDxgi3MKGZ_ZPac6gWeJkipVUW-0KBP9Y5s6Mcr6xm1sCsZfcJpIsLPHqPTyiPTy6CNYE6btg&amp;animation=true\" style=\"background-color: transparent;color: black;font-family: Calibri\" \/><\/span><\/span><\/div>\n<div style=\"background-color: white;font-family: Calibri;font-size: 12pt\">\n<span style=\"border: 0px;color: inherit;font-size: inherit;font-style: inherit;font-variant: inherit;font-weight: inherit;line-height: inherit;margin: 0px;padding: 0px;vertical-align: baseline\"><span style=\"border: 0px;color: #444444;font: inherit;margin: 0px;padding: 0px;vertical-align: baseline\"><br \/><\/span><\/span><\/div>\n<div style=\"background-color: white;font-family: Calibri;font-size: 12pt\">\n<span style=\"border: 0px;color: inherit;font-size: inherit;font-style: inherit;font-variant: inherit;font-weight: inherit;line-height: inherit;margin: 0px;padding: 0px;vertical-align: baseline\"><span style=\"border: 0px;color: #444444;font: inherit;margin: 0px;padding: 0px;vertical-align: baseline\">&nbsp; &nbsp; &nbsp;<\/span><\/span><\/div>\n<div style=\"background-color: white;font-family: Calibri;font-size: 12pt\">\n<span style=\"border: 0px;color: inherit;font-size: inherit;font-style: inherit;font-variant: inherit;font-weight: inherit;line-height: inherit;margin: 0px;padding: 0px;vertical-align: baseline\"><span style=\"border: 0px;color: #444444;font: inherit;margin: 0px;padding: 0px;vertical-align: baseline\">Dada la implicaci\u00f3n desde nuestra escuela en dicho proyecto, lanzamos una propuesta educativa en favor de la protecci\u00f3n del medio ambiente y la sostenibilidad y por ello,&nbsp; proponemos a nuestras familias participar con una acci\u00f3n conjunta para reducir los residuos de papel y pl\u00e1stico en nuestra escuela.<\/span><\/span><\/div>\n<div style=\"background-color: white;font-family: Calibri;font-size: 12pt\">\n<span style=\"border: 0px;color: inherit;font-size: inherit;font-style: inherit;font-variant: inherit;font-weight: inherit;line-height: inherit;margin: 0px;padding: 0px;vertical-align: baseline\"><span style=\"border: 0px;color: #444444;font: inherit;margin: 0px;padding: 0px;vertical-align: baseline\"><br \/><\/span><\/span><\/div>\n<div style=\"background-color: white;font-family: Calibri;font-size: 12pt\">\n<span style=\"border: 0px;color: inherit;font-size: inherit;font-style: inherit;font-variant: inherit;font-weight: inherit;line-height: inherit;margin: 0px;padding: 0px;vertical-align: baseline\"><span style=\"border: 0px;color: #444444;font: inherit;margin: 0px;padding: 0px;vertical-align: baseline\"><br \/><\/span><\/span><\/div>\n<div style=\"clear: both;text-align: center\">\n<span style=\"border: 0px;color: #444444;font: inherit;margin-left: 1em;margin-right: 1em;margin-top: 0px;padding: 0px;vertical-align: baseline\"><img loading=\"lazy\" decoding=\"async\" alt=\"Vista previa de imagen\" height=\"200\" src=\"https:\/\/attachments.office.net\/owa\/lasmestas@educastur.org\/service.svc\/s\/GetAttachmentThumbnail?id=AAMkAGQ1OGU0N2ZiLWNmYzItNGFkYi1hY2ZmLWEyMDY5YWM4ZjlkNQBGAAAAAABLbuVNzkMFT66P%2BWhEHSx0BwAjlegd4oGfRJvMVL0jQRSEAAKje3SNAAAjlegd4oGfRJvMVL0jQRSEAAM2mFbPAAABEgAQAAxE9ENSTCRIhSWcfWjENW0%3D&amp;thumbnailType=2&amp;owa=outlook.office.com&amp;scriptVer=2019102103.10&amp;X-OWA-CANARY=eNezYrCOTEeesPT-H4qBqnCAg_l5a9cYmRiRO_jN9w4ymnzna1IXy-MZjuJiUxo7wK1oqUzXMd8.&amp;token=eyJhbGciOiJSUzI1NiIsImtpZCI6IjA2MDBGOUY2NzQ2MjA3MzdFNzM0MDRFMjg3QzQ1QTgxOENCN0NFQjgiLCJ4NXQiOiJCZ0Q1OW5SaUJ6Zm5OQVRpaDhSYWdZeTN6cmciLCJ0eXAiOiJKV1QifQ.eyJvcmlnaW4iOiJodHRwczovL291dGxvb2sub2ZmaWNlLmNvbSIsInZlciI6IkV4Y2hhbmdlLkNhbGxiYWNrLlYxIiwiYXBwY3R4c2VuZGVyIjoiT3dhRG93bmxvYWRAODhhMzZlM2ItZDc5Zi00YTJiLThkYjYtNGMwNmQwOTczODIxIiwiaXNzcmluZyI6IldXIiwiYXBwY3R4Ijoie1wibXNleGNocHJvdFwiOlwib3dhXCIsXCJwcmltYXJ5c2lkXCI6XCJTLTEtNS0yMS0xMjYwMjA1MzY3LTEyNDI1OTAxMzgtMzA1NTE0MzU5LTE4NDg2NjVcIixcInB1aWRcIjpcIjExNTM3NjU5MzIwODQ3MDk0ODVcIixcIm9pZFwiOlwiMTY5N2Q5NzYtNTMwNy00M2JmLTk2ODUtZjZjYjg2MGMyNGRkXCIsXCJzY29wZVwiOlwiT3dhRG93bmxvYWRcIn0iLCJuYmYiOjE1NzQwMDc1NTQsImV4cCI6MTU3NDAwODE1NCwiaXNzIjoiMDAwMDAwMDItMDAwMC0wZmYxLWNlMDAtMDAwMDAwMDAwMDAwQDg4YTM2ZTNiLWQ3OWYtNGEyYi04ZGI2LTRjMDZkMDk3MzgyMSIsImF1ZCI6IjAwMDAwMDAyLTAwMDAtMGZmMS1jZTAwLTAwMDAwMDAwMDAwMC9hdHRhY2htZW50cy5vZmZpY2UubmV0QDg4YTM2ZTNiLWQ3OWYtNGEyYi04ZGI2LTRjMDZkMDk3MzgyMSJ9.LJawArlx8Q_5OP864f_Zs6n08ICx1lmyluQkwa88ePTMqcd2CAd4OAvgVQGqYD7WzXVRYua5iM_9Bb-LA7QChNQOm-_hUxbrYLAl6P4SK7t9tNYeZY0NUQ2xbu0XedO9VOIzr3fiy49bJPEKqA1hmVTp_4eKMPlOa3BCpf3f4XQHGp4fyYdj6AxoWiqsVeYdSDv3K_bHiyS96LicKA4f858qp67MtMdPazq3Oz4QuzCdkLFbr9Nn2c6OfbgA4OwxxDQBGKcTznx1pCDxgi3MKGZ_ZPac6gWeJkipVUW-0KBP9Y5s6Mcr6xm1sCsZfcJpIsLPHqPTyiPTy6CNYE6btg&amp;animation=true\" style=\"background-color: transparent;color: black;font-family: Calibri\" width=\"175\" \/><\/span><\/div>\n<div style=\"clear: both;text-align: center\">\n<span style=\"border: 0px;color: #444444;font: inherit;margin-left: 1em;margin-right: 1em;margin-top: 0px;padding: 0px;vertical-align: baseline\"><br \/><\/span><\/div>\n<div style=\"clear: both;text-align: center\">\n<span style=\"border: 0px;color: #444444;font: inherit;margin-left: 1em;margin-right: 1em;margin-top: 0px;padding: 0px;vertical-align: baseline\"><br \/><\/span><\/div>\n<div style=\"background-color: white;font-family: Calibri;font-size: 12pt\">\n<span style=\"border: 0px;color: inherit;font-size: inherit;font-style: inherit;font-variant: inherit;font-weight: inherit;line-height: inherit;margin: 0px;padding: 0px;vertical-align: baseline\"><\/span><\/div>\n<div style=\"background-color: white;font-family: Calibri;font-size: 12pt\">\n<span style=\"border: 0px;color: inherit;font-size: inherit;font-style: inherit;font-variant: inherit;font-weight: inherit;line-height: inherit;margin: 0px;padding: 0px;vertical-align: baseline\"><br \/><\/span><\/div>\n<div style=\"background-color: white;font-family: Calibri;font-size: 12pt\">\n<span style=\"font-size: inherit;font-style: inherit;font-weight: inherit\">Para ello pedimos que nuestros&nbsp;<\/span><b style=\"font-size: inherit;font-style: inherit\"><i>ni\u00f1os y ni\u00f1as traigan su tentempi\u00e9 en un envase-fiambrera y la utilizaci\u00f3n de servilletas de tela, nada de pl\u00e1stico ni papel de un s\u00f3lo uso<\/i>.<\/b><\/div>\n<div style=\"background-color: white;font-family: Calibri;font-size: 12pt\">\n<span style=\"border: 0px;font-size: inherit;font-style: inherit;font-variant: inherit;font-weight: inherit;line-height: inherit;margin: 0px;padding: 0px;vertical-align: baseline\"><b><br \/><\/b><\/span><\/div>\n<div style=\"background-color: white;font-family: Calibri;font-size: 12pt\">\n<span style=\"border: 0px;font-size: inherit;font-style: inherit;font-variant: inherit;font-weight: inherit;line-height: inherit;margin: 0px;padding: 0px;vertical-align: baseline\">Esta acci\u00f3n persigue uno de los objetivos del proyecto de&nbsp;<span data-markjs=\"true\" data-ogab=\"\" data-ogac=\"\" data-ogsb=\"\" data-ogsc=\"\" style=\"border: 0px;font: inherit;margin: 0px;padding: 0px;vertical-align: baseline\">Medio<\/span>ambiente que se realiza en el Centro.<\/span><\/div>\n<div style=\"background-color: white;font-family: Calibri;font-size: 12pt\">\n<\/div>\n<div style=\"background-color: white;font-family: Calibri;font-size: 12pt\">\n<span style=\"border: 0px;font-size: inherit;font-style: inherit;font-variant: inherit;font-weight: inherit;line-height: inherit;margin: 0px;padding: 0px;vertical-align: baseline\"><span style=\"border: 0px;font: inherit;margin: 0px;padding: 0px;vertical-align: baseline\">&nbsp;<\/span>En colaboraci\u00f3n con Cogersa educamos a nuestro alumnado en&nbsp;<span style=\"border: 0px;font: inherit;margin: 0px;padding: 0px;vertical-align: baseline\"><span style=\"border: 0px;font: inherit;margin: 0px;padding: 0px;vertical-align: baseline\">&nbsp;<\/span>fomentar la cultura de las&nbsp;Tres Erres&nbsp;<b>:<\/b><\/span><\/span><br \/>\n<span style=\"border: 0px;font-size: inherit;font-style: inherit;font-variant: inherit;font-weight: inherit;line-height: inherit;margin: 0px;padding: 0px;vertical-align: baseline\"><span style=\"border: 0px;font: inherit;margin: 0px;padding: 0px;vertical-align: baseline\"><b><br \/><\/b><\/span><\/span><\/div>\n<div style=\"background-color: white;font-family: Calibri;font-size: 12pt\">\n<b><span style=\"border: 0px;color: #444444;font-size: inherit;font-style: inherit;font-variant: inherit;font-weight: inherit;line-height: inherit;margin: 0px;padding: 0px;vertical-align: baseline\">&nbsp; &nbsp; &nbsp; &nbsp; 1. &#8211; REDUCIR.<\/span><\/b><br \/>\n<b style=\"font-size: 12pt\"><span style=\"border: 0px;color: #444444;font-size: inherit;font-style: inherit;font-variant: inherit;font-weight: inherit;line-height: inherit;margin: 0px;padding: 0px;vertical-align: baseline\">&nbsp; &nbsp; &nbsp; &nbsp; 2. &#8211; REUTILIZAR.<\/span><\/b><br \/>\n<b style=\"font-size: 12pt\"><span style=\"border: 0px;color: #444444;font-size: inherit;font-style: inherit;font-variant: inherit;font-weight: inherit;line-height: inherit;margin: 0px;padding: 0px;vertical-align: baseline\">&nbsp; &nbsp; &nbsp; &nbsp; 3. &#8211; RECICLAR.<\/span><\/b><br \/>\n<span style=\"border: 0px;color: inherit;font-size: inherit;font-style: inherit;font-variant: inherit;font-weight: inherit;line-height: inherit;margin: 0px;padding: 0px;vertical-align: baseline\"><\/span><\/div>\n<div style=\"background-color: white;font-family: Calibri;font-size: 12pt\">\n<b><span style=\"border: 0px;color: #444444;font-size: inherit;font-style: inherit;font-variant: inherit;font-weight: inherit;line-height: inherit;margin: 0px;padding: 0px;vertical-align: baseline\"><br \/><\/span><\/b><\/div>\n<div style=\"background-color: white;font-family: Calibri;font-size: 12pt\">\n<b><span style=\"border: 0px;color: #444444;font-size: inherit;font-style: inherit;font-variant: inherit;font-weight: inherit;line-height: inherit;margin: 0px;padding: 0px;vertical-align: baseline\"><br \/><\/span><\/b><\/div>\n<div style=\"background-color: white;font-family: Calibri;font-size: 12pt\">\n<span style=\"border: 0px;color: inherit;font-size: inherit;font-style: inherit;font-variant: inherit;font-weight: inherit;line-height: inherit;margin: 0px;padding: 0px;vertical-align: baseline\">&nbsp; &nbsp; &nbsp; &nbsp; &nbsp; &nbsp; &nbsp; &nbsp; &nbsp; &nbsp; &nbsp; &nbsp; &nbsp; &nbsp;<\/span><img decoding=\"async\" alt=\"Resultado de imagen de gifs animados de reciclaje\" src=\"https:\/\/enlazateporlajusticia.org\/_files\/200001166-88e9189e3a\/450\/cuidadoo4.gif\" style=\"background-color: transparent\" \/><\/div>\n<div style=\"background-color: white;font-family: Calibri;font-size: 12pt\">\n<span style=\"color: inherit;font-size: inherit;font-style: inherit;font-weight: inherit\"><br \/><\/span><\/div>\n<div style=\"background-color: white;font-family: Calibri;font-size: 12pt\">\n<span style=\"font-size: inherit;font-style: inherit;font-weight: inherit\">Agradecemos a todas las familias vuestra colaboraci\u00f3n e implicaci\u00f3n en nuestro proyecto del Medio Ambiente.<\/span><\/div>\n<div style=\"background-color: white;font-family: Calibri;font-size: 12pt\">\n<span style=\"border: 0px;color: inherit;font-size: inherit;font-style: inherit;font-variant: inherit;font-weight: inherit;line-height: inherit;margin: 0px;padding: 0px;vertical-align: baseline\"><br \/><\/span><\/div>\n<div style=\"background-color: white;font-family: Calibri;font-size: 12pt\">\n<span style=\"border: 0px;color: inherit;font-size: inherit;font-style: inherit;font-variant: inherit;font-weight: inherit;line-height: inherit;margin: 0px;padding: 0px;vertical-align: baseline\">&nbsp; &nbsp; &nbsp; &nbsp; &nbsp; &nbsp; &nbsp; &nbsp; &nbsp; &nbsp; &nbsp; &nbsp; &nbsp;<\/span><img loading=\"lazy\" decoding=\"async\" alt=\"Resultado de imagen de gifs animados de reciclaje\" height=\"300\" src=\"https:\/\/todoimagenesde.com\/wp-content\/uploads\/2016\/05\/reciclajefrase.jpg23.jpg\" style=\"background-color: transparent\" width=\"400\" \/><\/div>\n<div style=\"background-color: white;font-family: Calibri;font-size: 12pt\">\n<span style=\"border: 0px;color: inherit;font-size: inherit;font-style: inherit;font-variant: inherit;font-weight: inherit;line-height: inherit;margin: 0px;padding: 0px;vertical-align: baseline\">&nbsp; &nbsp; &nbsp; &nbsp; &nbsp; &nbsp; &nbsp; &nbsp;&nbsp;<\/span><\/div>\n","protected":false},"excerpt":{"rendered":"<p>&nbsp; &nbsp; &nbsp; &nbsp; &nbsp; &nbsp; &nbsp; &nbsp; &nbsp; &nbsp; &nbsp; &nbsp; &nbsp; &nbsp;&nbsp; Con motivo de la&nbsp;Semana Europea de la Prevenci\u00f3n de Residuos 2019,&nbsp;que se va a llevar a cabo en toda la Uni\u00f3n Europea, entre los d\u00edas&nbsp;16 y 24 de noviembre, uno de los proyectos presentados al Concurso Europeo de Prevenci\u00f3n de Residuos: &hellip; <a href=\"https:\/\/edublog.educastur.es\/lasmestasunlugarparaaprenderjugando\/2019\/11\/17\/proyecto-del-medio-ambiente-semana-europea-de-la-prevencion-de-residuos-2019\/\" class=\"more-link\">Contin\u00faa leyendo <span class=\"screen-reader-text\">PROYECTO DEL MEDIO AMBIENTE &#8211; SEMANA EUROPEA DE LA PREVENCI\u00d3N DE RESIDUOS 2019<\/span><\/a><\/p>\n","protected":false},"author":1355,"featured_media":0,"comment_status":"closed","ping_status":"closed","sticky":false,"template":"","format":"standard","meta":{"footnotes":""},"categories":[17,20],"tags":[155],"class_list":["post-145","post","type-post","status-publish","format-standard","hentry","category-proyecto-del-medio-ambiente","category-proyectos","tag-curso-2019-20"],"_links":{"self":[{"href":"https:\/\/edublog.educastur.es\/lasmestasunlugarparaaprenderjugando\/wp-json\/wp\/v2\/posts\/145","targetHints":{"allow":["GET"]}}],"collection":[{"href":"https:\/\/edublog.educastur.es\/lasmestasunlugarparaaprenderjugando\/wp-json\/wp\/v2\/posts"}],"about":[{"href":"https:\/\/edublog.educastur.es\/lasmestasunlugarparaaprenderjugando\/wp-json\/wp\/v2\/types\/post"}],"author":[{"embeddable":true,"href":"https:\/\/edublog.educastur.es\/lasmestasunlugarparaaprenderjugando\/wp-json\/wp\/v2\/users\/1355"}],"replies":[{"embeddable":true,"href":"https:\/\/edublog.educastur.es\/lasmestasunlugarparaaprenderjugando\/wp-json\/wp\/v2\/comments?post=145"}],"version-history":[{"count":1,"href":"https:\/\/edublog.educastur.es\/lasmestasunlugarparaaprenderjugando\/wp-json\/wp\/v2\/posts\/145\/revisions"}],"predecessor-version":[{"id":533,"href":"https:\/\/edublog.educastur.es\/lasmestasunlugarparaaprenderjugando\/wp-json\/wp\/v2\/posts\/145\/revisions\/533"}],"wp:attachment":[{"href":"https:\/\/edublog.educastur.es\/lasmestasunlugarparaaprenderjugando\/wp-json\/wp\/v2\/media?parent=145"}],"wp:term":[{"taxonomy":"category","embeddable":true,"href":"https:\/\/edublog.educastur.es\/lasmestasunlugarparaaprenderjugando\/wp-json\/wp\/v2\/categories?post=145"},{"taxonomy":"post_tag","embeddable":true,"href":"https:\/\/edublog.educastur.es\/lasmestasunlugarparaaprenderjugando\/wp-json\/wp\/v2\/tags?post=145"}],"curies":[{"name":"wp","href":"https:\/\/api.w.org\/{rel}","templated":true}]}}