{"id":43,"date":"2022-12-25T20:59:00","date_gmt":"2022-12-25T20:59:00","guid":{"rendered":"https:\/\/edublog.educastur.es\/lasmestasunlugarparaaprenderjugando\/2022\/12\/25\/su-alteza-el-principe-aliatar-2022\/"},"modified":"2023-12-04T17:00:53","modified_gmt":"2023-12-04T17:00:53","slug":"su-alteza-el-principe-aliatar-2022","status":"publish","type":"post","link":"https:\/\/edublog.educastur.es\/lasmestasunlugarparaaprenderjugando\/2022\/12\/25\/su-alteza-el-principe-aliatar-2022\/","title":{"rendered":"SU ALTEZA EL PR\u00cdNCIPE ALIATAR 2022"},"content":{"rendered":"<p style=\"text-align: center\">&nbsp;<a href=\"https:\/\/blogger.googleusercontent.com\/img\/a\/AVvXsEi0bewNWW95cEkahzFiCaLiny54m7KGVs9FZ04YMrWWjQkx_50iYzPvwv-UNnusczBErDBBeEjmjVtmxHIeS7idfy-j_OcU5yhhjDIv-LyZM1AtwASfkhqUzBs8ui0E4Kysb2wvnCoJO4-ZsQgVbjnc3oZ-1OD_9_ZQXcL3MKzBj7fDBE9Izx_2WfDItA=s1241\" style=\"margin-left: 1em;margin-right: 1em\"><img loading=\"lazy\" decoding=\"async\" border=\"0\" data-original-height=\"712\" data-original-width=\"1241\" height=\"230\" src=\"https:\/\/blogger.googleusercontent.com\/img\/a\/AVvXsEi0bewNWW95cEkahzFiCaLiny54m7KGVs9FZ04YMrWWjQkx_50iYzPvwv-UNnusczBErDBBeEjmjVtmxHIeS7idfy-j_OcU5yhhjDIv-LyZM1AtwASfkhqUzBs8ui0E4Kysb2wvnCoJO4-ZsQgVbjnc3oZ-1OD_9_ZQXcL3MKzBj7fDBE9Izx_2WfDItA=w400-h230\" width=\"400\" \/><\/a><\/p>\n<p><span style=\"font-family: verdana\">El \u00faltimo d\u00eda del primer trimestre, en la E.E.I. Las Mestas, se mantiene la tradici\u00f3n de recibir la llegada de Su Alteza el Pr\u00edncipe Aliatar.<\/span><\/p>\n<p><span style=\"font-family: verdana\">Con mucha ilusi\u00f3n, nervios y alegr\u00eda esperamos el sonido de esas sirenas del furg\u00f3n y de las motos de la Polic\u00eda Nacional de Gij\u00f3n que nos hacen el gran favor de traernos al Pr\u00edncipe para recibirlos a todos\/as con fuertes aplausos, mucha ilusi\u00f3n y emoci\u00f3n.<\/span><\/p>\n<p style=\"text-align: center\"><span style=\"color: red;font-family: verdana;font-size: medium\"><b>\u00a1Gracias a todos y todas por vuestra colaboraci\u00f3n!<\/b><\/span><\/p>\n<p><span style=\"color: #2b00fe\"><span style=\"font-family: verdana\">#Polic\u00edaNacionaldeGij\u00f3n#Pr\u00edncipeAliatar#AMPAdelasMestas#Familias#Alumnado#<\/span><span style=\"font-family: verdana\">Profesorado#ytodoelpersonaldelaEscuela#C.P.Clar\u00edn#<\/span><\/span><\/p>\n<div><span style=\"font-family: verdana\"><\/p>\n<p style=\"text-align: center\"><span style=\"font-family: verdana\">Finalmente, como resumen, pod\u00e9is disfrutar viendo el v\u00eddeo:<\/span><span style=\"font-family: verdana\">&nbsp;<\/span><\/p>\n<p style=\"text-align: center\"><span style=\"font-family: verdana\">?VER V\u00cdDEO?<\/span><a href=\"https:\/\/drive.google.com\/file\/d\/1AScP6hFfOesf0BXg82ncAxh3AK8Gi-LM\/view?usp=share_link\" style=\"margin-left: 1em;margin-right: 1em\" target=\"_blank\" rel=\"noopener\"><img loading=\"lazy\" decoding=\"async\" border=\"0\" data-original-height=\"157\" data-original-width=\"337\" height=\"93\" src=\"https:\/\/blogger.googleusercontent.com\/img\/a\/AVvXsEiE23e3K2jcm3aQEPCshcnaWQVIGSpgxerV23SE-NvqELMDkx7wWtTGtBrdmAMPybyBVlGfQSmcEimUMEHqYgVme2mPM0sDgFWBIivFfP-ypC6uVlIadbvjwAQHiK9yTy8eHrUFBUKXP2kbw4AIa9TQRIF_CSPRoygeP8uthWaTz6u8wf8TQrZQr7cBug=w200-h93\" width=\"200\" \/><\/a><\/p>\n<p style=\"text-align: left\"><i>Su Alteza el Pr\u00edncipe Aliatar les hace siempre entrega de un regalo a cada aula para que todos puedan compartir jugando y les ha dado un importante MENSAJE<\/i><\/p>\n<div style=\"clear: both;text-align: center\"><a href=\"https:\/\/blogger.googleusercontent.com\/img\/b\/R29vZ2xl\/AVvXsEg9sV_bFo-wr549ZcBUs2DDe1iAHA8qROtb6NVntA05Mnm7b0MjKqo9qu8wjLTMZHhO1LXqVztNY2OYdXyP0311wU8tG-WFJom6AhaxDqS5jy5mDqkp7zQIfr1eHsrs6xzW8vGJUAmt-6CiGrD7ZJF4-mv4Ap0Ner7s-LP9pC5Ubg8Ft2u3rPsLEkGAMA\/s79\/image.png\" style=\"margin-left: 1em;margin-right: 1em\"><img loading=\"lazy\" decoding=\"async\" border=\"0\" data-original-height=\"44\" data-original-width=\"79\" height=\"44\" src=\"https:\/\/blogger.googleusercontent.com\/img\/b\/R29vZ2xl\/AVvXsEg9sV_bFo-wr549ZcBUs2DDe1iAHA8qROtb6NVntA05Mnm7b0MjKqo9qu8wjLTMZHhO1LXqVztNY2OYdXyP0311wU8tG-WFJom6AhaxDqS5jy5mDqkp7zQIfr1eHsrs6xzW8vGJUAmt-6CiGrD7ZJF4-mv4Ap0Ner7s-LP9pC5Ubg8Ft2u3rPsLEkGAMA\/s1600\/image.png\" width=\"79\" \/><\/a><\/div>\n<div style=\"clear: both;text-align: center\"><\/div>\n<p><i>El primer d\u00eda del cole (9 de enero) los Reyes Magos les dejar\u00e1n un peque\u00f1ito regalo para que vengan con mucha m\u00e1s alegr\u00eda <span style=\"font-size: x-small\">(como siempre vienen o un poquito m\u00e1s).<\/span><\/i><\/p>\n<p style=\"text-align: center\"><span style=\"background-color: #fcff01;font-family: verdana\">S.S.M.M. LOS REYES MAGOS DE ORIENTE<\/span><span style=\"font-family: verdana\">&nbsp;ENV\u00cdAN UN SALUDO MUY ESPECIAL? PARA TODOS LOS NI\u00d1OS Y NI\u00d1AS DE LA E.E.I. LAS MESTAS DE GIJ\u00d3N<\/span><\/p>\n<p style=\"text-align: center\">\n<div style=\"clear: both;text-align: center\"><a href=\"https:\/\/blogger.googleusercontent.com\/img\/b\/R29vZ2xl\/AVvXsEhPgBCSKof_j-lmYo-SaiYJVpSsPP2RqjRTfCcapYgStke9oMqIv06evYbxBGPu3PQPjn8ftYOLj5x_gx-dUem4g1B3yZRyfOE9sR02GgZLNIDFD9LeswYGC4I8vWzeBw7Jm7d1bgYeqKt9MCpIu4VT0eJZsqDIadYNGrv11Zb_cJhgNMwmXq7QvxVHBA\/s810\/SSMM%20REYES.png\" style=\"margin-left: 1em;margin-right: 1em\"><img loading=\"lazy\" decoding=\"async\" border=\"0\" data-original-height=\"522\" data-original-width=\"810\" height=\"258\" src=\"https:\/\/blogger.googleusercontent.com\/img\/b\/R29vZ2xl\/AVvXsEhPgBCSKof_j-lmYo-SaiYJVpSsPP2RqjRTfCcapYgStke9oMqIv06evYbxBGPu3PQPjn8ftYOLj5x_gx-dUem4g1B3yZRyfOE9sR02GgZLNIDFD9LeswYGC4I8vWzeBw7Jm7d1bgYeqKt9MCpIu4VT0eJZsqDIadYNGrv11Zb_cJhgNMwmXq7QvxVHBA\/w400-h258\/SSMM%20REYES.png\" width=\"400\" \/><\/a><\/div>\n<p><\/p>\n<div style=\"clear: both;text-align: center\"><\/div>\n<\/p>\n<p><\/span><\/div>\n","protected":false},"excerpt":{"rendered":"<p>&nbsp; El \u00faltimo d\u00eda del primer trimestre, en la E.E.I. Las Mestas, se mantiene la tradici\u00f3n de recibir la llegada de Su Alteza el Pr\u00edncipe Aliatar. Con mucha ilusi\u00f3n, nervios y alegr\u00eda esperamos el sonido de esas sirenas del furg\u00f3n y de las motos de la Polic\u00eda Nacional de Gij\u00f3n que nos hacen el gran &hellip; <a href=\"https:\/\/edublog.educastur.es\/lasmestasunlugarparaaprenderjugando\/2022\/12\/25\/su-alteza-el-principe-aliatar-2022\/\" class=\"more-link\">Contin\u00faa leyendo <span class=\"screen-reader-text\">SU ALTEZA EL PR\u00cdNCIPE ALIATAR 2022<\/span><\/a><\/p>\n","protected":false},"author":1355,"featured_media":0,"comment_status":"closed","ping_status":"closed","sticky":false,"template":"","format":"standard","meta":{"footnotes":""},"categories":[1],"tags":[62,61,60],"class_list":["post-43","post","type-post","status-publish","format-standard","hentry","category-noticias","tag-62","tag-aliatar","tag-principe"],"_links":{"self":[{"href":"https:\/\/edublog.educastur.es\/lasmestasunlugarparaaprenderjugando\/wp-json\/wp\/v2\/posts\/43","targetHints":{"allow":["GET"]}}],"collection":[{"href":"https:\/\/edublog.educastur.es\/lasmestasunlugarparaaprenderjugando\/wp-json\/wp\/v2\/posts"}],"about":[{"href":"https:\/\/edublog.educastur.es\/lasmestasunlugarparaaprenderjugando\/wp-json\/wp\/v2\/types\/post"}],"author":[{"embeddable":true,"href":"https:\/\/edublog.educastur.es\/lasmestasunlugarparaaprenderjugando\/wp-json\/wp\/v2\/users\/1355"}],"replies":[{"embeddable":true,"href":"https:\/\/edublog.educastur.es\/lasmestasunlugarparaaprenderjugando\/wp-json\/wp\/v2\/comments?post=43"}],"version-history":[{"count":1,"href":"https:\/\/edublog.educastur.es\/lasmestasunlugarparaaprenderjugando\/wp-json\/wp\/v2\/posts\/43\/revisions"}],"predecessor-version":[{"id":444,"href":"https:\/\/edublog.educastur.es\/lasmestasunlugarparaaprenderjugando\/wp-json\/wp\/v2\/posts\/43\/revisions\/444"}],"wp:attachment":[{"href":"https:\/\/edublog.educastur.es\/lasmestasunlugarparaaprenderjugando\/wp-json\/wp\/v2\/media?parent=43"}],"wp:term":[{"taxonomy":"category","embeddable":true,"href":"https:\/\/edublog.educastur.es\/lasmestasunlugarparaaprenderjugando\/wp-json\/wp\/v2\/categories?post=43"},{"taxonomy":"post_tag","embeddable":true,"href":"https:\/\/edublog.educastur.es\/lasmestasunlugarparaaprenderjugando\/wp-json\/wp\/v2\/tags?post=43"}],"curies":[{"name":"wp","href":"https:\/\/api.w.org\/{rel}","templated":true}]}}