{"id":58,"date":"2021-12-24T18:49:00","date_gmt":"2021-12-24T18:49:00","guid":{"rendered":"https:\/\/edublog.educastur.es\/lasmestasunlugarparaaprenderjugando\/2021\/12\/24\/su-alteza-el-principe-aliatar\/"},"modified":"2023-12-04T17:00:54","modified_gmt":"2023-12-04T17:00:54","slug":"su-alteza-el-principe-aliatar","status":"publish","type":"post","link":"https:\/\/edublog.educastur.es\/lasmestasunlugarparaaprenderjugando\/2021\/12\/24\/su-alteza-el-principe-aliatar\/","title":{"rendered":"SU ALTEZA EL PR\u00cdNCIPE ALIATAR"},"content":{"rendered":"<p><span style=\"font-family: verdana\"><br \/><\/span><\/p>\n<\/p>\n<div style=\"clear: both;text-align: center\"><a href=\"https:\/\/blogger.googleusercontent.com\/img\/a\/AVvXsEi0bewNWW95cEkahzFiCaLiny54m7KGVs9FZ04YMrWWjQkx_50iYzPvwv-UNnusczBErDBBeEjmjVtmxHIeS7idfy-j_OcU5yhhjDIv-LyZM1AtwASfkhqUzBs8ui0E4Kysb2wvnCoJO4-ZsQgVbjnc3oZ-1OD_9_ZQXcL3MKzBj7fDBE9Izx_2WfDItA=s1241\" style=\"margin-left: 1em;margin-right: 1em\"><img loading=\"lazy\" decoding=\"async\" border=\"0\" data-original-height=\"712\" data-original-width=\"1241\" height=\"184\" src=\"https:\/\/blogger.googleusercontent.com\/img\/a\/AVvXsEi0bewNWW95cEkahzFiCaLiny54m7KGVs9FZ04YMrWWjQkx_50iYzPvwv-UNnusczBErDBBeEjmjVtmxHIeS7idfy-j_OcU5yhhjDIv-LyZM1AtwASfkhqUzBs8ui0E4Kysb2wvnCoJO4-ZsQgVbjnc3oZ-1OD_9_ZQXcL3MKzBj7fDBE9Izx_2WfDItA=s320\" width=\"320\" \/><\/a><\/div>\n<\/p>\n<p><span style=\"font-family: verdana\">El \u00faltimo d\u00eda del primer trimestre, en la E.E.I. Las Mestas, se mantiene la tradici\u00f3n de recibir la llegada de Su Alteza el Pr\u00edncipe Aliatar.<\/span><\/p>\n<p><span style=\"font-family: verdana\">Con mucha ilusi\u00f3n, nervios y alegr\u00eda esperamos el sonido de esas sirenas del furg\u00f3n y de las motos de la Polic\u00eda Nacional de Gij\u00f3n que nos hacen el gran favor de traernos para recibirlos a todos con un fuerte aplauso y mucha emoci\u00f3n.<\/span><\/p>\n<p style=\"text-align: center\"><span style=\"color: red;font-family: verdana\"><b>\u00a1Gracias a todos por vuestra colaboraci\u00f3n!<\/b><\/span><\/p>\n<p><span style=\"font-family: verdana\">#Polic\u00edaNacionaldeGij\u00f3n#Pr\u00edncipeAliatar#AMPAdelasMestas#Familias#Alumnado#Profesorado#ytodoelpersonaldelaEscuela#<\/span><\/p>\n<p><span style=\"font-family: verdana\"><br \/><\/span><\/p>\n<p><span style=\"font-family: verdana\">El Pr\u00edncipe Aliatar ha querido enviar unas palabras al Aula de las Cerezas I-4-C que no ha podido asistir por su confinamiento (y ya casi estaba&#8230;pero al final no pudo ser, s\u00f3lo faltaba saber el resultado?).<\/span><\/p>\n<p><b style=\"font-family: verdana;text-align: center\">&nbsp; &nbsp; &nbsp; &nbsp; &nbsp; &nbsp; &nbsp; &nbsp; &nbsp; &nbsp; &nbsp; &nbsp; &nbsp; &nbsp; &nbsp; &nbsp; &nbsp; &nbsp; &nbsp;<a href=\"https:\/\/drive.google.com\/file\/d\/1dkCL_HTNwW490CYRL3XtKl9m6ND1CZ_Z\/view?usp=sharing\" target=\"_blank\" rel=\"noopener\">??MENSAJE PARA LAS CEREZAS<\/a><\/b><span style=\"margin-left: 1em;margin-right: 1em;text-align: center\"><a href=\"https:\/\/drive.google.com\/file\/d\/1dkCL_HTNwW490CYRL3XtKl9m6ND1CZ_Z\/view?usp=sharing\" target=\"_blank\" rel=\"noopener\"><img loading=\"lazy\" decoding=\"async\" border=\"0\" data-original-height=\"450\" data-original-width=\"450\" height=\"58\" src=\"https:\/\/blogger.googleusercontent.com\/img\/a\/AVvXsEinLfpNBjH32xLUcvHcCqswI15SdGMe-BTnNmCmyKeNu-5lkvOXoza1k92qbZEb_zq9yoJijhghK_6MXP0id5colsnL_nkj5LJC8ZDXIPFHCCzf2EwYpFxzuyBRCSvClY4-17S6iqTCW7i0YTH0w2GbiDwv4eNbDtwbL0PPRFUts6Xv79SSXO9HTqb4zQ=w58-h58\" width=\"58\" \/><\/a><\/span><\/p>\n<div style=\"clear: both;text-align: center\"><span style=\"font-family: verdana\"><b><a href=\"https:\/\/drive.google.com\/file\/d\/1dkCL_HTNwW490CYRL3XtKl9m6ND1CZ_Z\/view?usp=sharing\" style=\"margin-left: 1em;margin-right: 1em\" target=\"_blank\" rel=\"noopener\"><img loading=\"lazy\" decoding=\"async\" border=\"0\" data-original-height=\"168\" data-original-width=\"299\" height=\"64\" src=\"https:\/\/blogger.googleusercontent.com\/img\/a\/AVvXsEhYmUqbkVJi1XujUVc2zy_3McGBCYmgjcBe8iXfr-iPa9l_gXjK6SFwn0NXX3MWjpgqWP8POfHeqfv7yhiCkfl6qeqIMrrIGVpdzWa8PEGysWAblNdJawHqR695-dB1BZEG3_Lwz5VGVHnZEsekr6Mzbcsp9l6kw7q-tz60Y89Pc_ukYSJFRyMaJR85fw=w113-h64\" width=\"113\" \/><\/a><\/b><\/span><\/div>\n<p><span style=\"font-family: verdana\"><b><\/p>\n<div style=\"text-align: center\"><\/div>\n<p><\/b><\/span><\/p>\n<p style=\"text-align: center\"><\/p>\n<p style=\"text-align: left\"><span style=\"font-family: verdana\">Tambi\u00e9n ha dejado un mensaje para todos aquellos ni\u00f1os y ni\u00f1as que por otras circunstancias personales y justificadas u otras circunstancias, no han podido asistir.<\/span><\/p>\n<p style=\"text-align: center\"><span style=\"font-family: verdana\"><a href=\"https:\/\/drive.google.com\/file\/d\/1e-nQMaYr3g4JDhQ9SPTEVm4hrBPD8ko8\/view?usp=sharing\" target=\"_blank\" rel=\"noopener\"><b><br \/>??MENSAJE PARA ALUMNADO AUSENTE<\/b><\/a><\/span><\/p>\n<div style=\"clear: both;text-align: center\"><a href=\"https:\/\/drive.google.com\/file\/d\/1e-nQMaYr3g4JDhQ9SPTEVm4hrBPD8ko8\/view?usp=sharing\" style=\"margin-left: 1em;margin-right: 1em\" target=\"_blank\" rel=\"noopener\"><img loading=\"lazy\" decoding=\"async\" data-original-height=\"63\" data-original-width=\"113\" height=\"44\" src=\"https:\/\/lh3.googleusercontent.com\/-zVuUFU4X23o\/YcbsEKxykJI\/AAAAAAAAZQw\/Yms3A2iUeFwl2eXlL_mCbyOsTUowApSEQCNcBGAsYHQ\/w79-h44\/image.png\" width=\"79\" \/><\/a><\/div>\n<\/p>\n<p style=\"text-align: center\"><\/p>\n<p style=\"text-align: center\"><span style=\"font-family: verdana\">Finalmente, como resumen, pod\u00e9is disfrutar viendo el v\u00eddeo:<\/span><\/p>\n<p style=\"text-align: center\"><span style=\"font-family: verdana\"><br \/><\/span><\/p>\n<div style=\"clear: both;text-align: center\"><span style=\"font-family: verdana\">&nbsp; ?VER V\u00cdDEO?<\/span><a href=\"https:\/\/drive.google.com\/file\/d\/1_u_jvogY10YyL3oYS0T_L7Pq89cv_jEb\/view?usp=sharing\" style=\"margin-left: 1em;margin-right: 1em\" target=\"_blank\" rel=\"noopener\"><img loading=\"lazy\" decoding=\"async\" border=\"0\" data-original-height=\"157\" data-original-width=\"337\" height=\"93\" src=\"https:\/\/blogger.googleusercontent.com\/img\/a\/AVvXsEiE23e3K2jcm3aQEPCshcnaWQVIGSpgxerV23SE-NvqELMDkx7wWtTGtBrdmAMPybyBVlGfQSmcEimUMEHqYgVme2mPM0sDgFWBIivFfP-ypC6uVlIadbvjwAQHiK9yTy8eHrUFBUKXP2kbw4AIa9TQRIF_CSPRoygeP8uthWaTz6u8wf8TQrZQr7cBug=w200-h93\" width=\"200\" \/><\/a><\/div>\n<\/p>\n<p style=\"text-align: center\"><span style=\"font-family: verdana\">&nbsp;&nbsp;<\/span><\/p>\n<p style=\"text-align: center\"><span style=\"font-family: verdana\"><span style=\"background-color: #fcff01\">S.S.M.M. LOS REYES MAGOS DE ORIENTE<\/span> ENV\u00cdAN UN SALUDO MUY ESPECIAL? PARA TODOS LOS NI\u00d1OS Y NI\u00d1AS DE LA E.E.I. LAS MESTAS DE GIJ\u00d3N<\/span><\/p>\n<div style=\"clear: both;text-align: center\"><span style=\"font-family: verdana\"><a href=\"https:\/\/blogger.googleusercontent.com\/img\/a\/AVvXsEgK0F0EIznCm1Omu0sN7XxXdKjIj8DltTz8Z6Uv1FCtmK7nt0vuJeHg-rr8OmKbRrnYUh8iERE_sf9zcAYmprPu7igcCtdKC6qUb5J0acX6_HGZ1kmVn3W7amq8itjOiVcOsP1DkBbZVJCAbctbUAqAXg3ovHiAeB00WTxLi0RiQXiPr70VVK3XdO3s3Q=s540\" style=\"margin-left: 1em;margin-right: 1em\"><img loading=\"lazy\" decoding=\"async\" border=\"0\" data-original-height=\"405\" data-original-width=\"540\" height=\"196\" src=\"https:\/\/blogger.googleusercontent.com\/img\/a\/AVvXsEgK0F0EIznCm1Omu0sN7XxXdKjIj8DltTz8Z6Uv1FCtmK7nt0vuJeHg-rr8OmKbRrnYUh8iERE_sf9zcAYmprPu7igcCtdKC6qUb5J0acX6_HGZ1kmVn3W7amq8itjOiVcOsP1DkBbZVJCAbctbUAqAXg3ovHiAeB00WTxLi0RiQXiPr70VVK3XdO3s3Q=w261-h196\" width=\"261\" \/><\/a><\/span><\/div>\n<p><span style=\"font-family: verdana\"><br \/><\/span><\/p>\n","protected":false},"excerpt":{"rendered":"<p>El \u00faltimo d\u00eda del primer trimestre, en la E.E.I. Las Mestas, se mantiene la tradici\u00f3n de recibir la llegada de Su Alteza el Pr\u00edncipe Aliatar. Con mucha ilusi\u00f3n, nervios y alegr\u00eda esperamos el sonido de esas sirenas del furg\u00f3n y de las motos de la Polic\u00eda Nacional de Gij\u00f3n que nos hacen el gran favor &hellip; <a href=\"https:\/\/edublog.educastur.es\/lasmestasunlugarparaaprenderjugando\/2021\/12\/24\/su-alteza-el-principe-aliatar\/\" class=\"more-link\">Contin\u00faa leyendo <span class=\"screen-reader-text\">SU ALTEZA EL PR\u00cdNCIPE ALIATAR<\/span><\/a><\/p>\n","protected":false},"author":1355,"featured_media":0,"comment_status":"closed","ping_status":"closed","sticky":false,"template":"","format":"standard","meta":{"footnotes":""},"categories":[183],"tags":[61],"class_list":["post-58","post","type-post","status-publish","format-standard","hentry","category-celebraciones","tag-aliatar"],"_links":{"self":[{"href":"https:\/\/edublog.educastur.es\/lasmestasunlugarparaaprenderjugando\/wp-json\/wp\/v2\/posts\/58","targetHints":{"allow":["GET"]}}],"collection":[{"href":"https:\/\/edublog.educastur.es\/lasmestasunlugarparaaprenderjugando\/wp-json\/wp\/v2\/posts"}],"about":[{"href":"https:\/\/edublog.educastur.es\/lasmestasunlugarparaaprenderjugando\/wp-json\/wp\/v2\/types\/post"}],"author":[{"embeddable":true,"href":"https:\/\/edublog.educastur.es\/lasmestasunlugarparaaprenderjugando\/wp-json\/wp\/v2\/users\/1355"}],"replies":[{"embeddable":true,"href":"https:\/\/edublog.educastur.es\/lasmestasunlugarparaaprenderjugando\/wp-json\/wp\/v2\/comments?post=58"}],"version-history":[{"count":1,"href":"https:\/\/edublog.educastur.es\/lasmestasunlugarparaaprenderjugando\/wp-json\/wp\/v2\/posts\/58\/revisions"}],"predecessor-version":[{"id":424,"href":"https:\/\/edublog.educastur.es\/lasmestasunlugarparaaprenderjugando\/wp-json\/wp\/v2\/posts\/58\/revisions\/424"}],"wp:attachment":[{"href":"https:\/\/edublog.educastur.es\/lasmestasunlugarparaaprenderjugando\/wp-json\/wp\/v2\/media?parent=58"}],"wp:term":[{"taxonomy":"category","embeddable":true,"href":"https:\/\/edublog.educastur.es\/lasmestasunlugarparaaprenderjugando\/wp-json\/wp\/v2\/categories?post=58"},{"taxonomy":"post_tag","embeddable":true,"href":"https:\/\/edublog.educastur.es\/lasmestasunlugarparaaprenderjugando\/wp-json\/wp\/v2\/tags?post=58"}],"curies":[{"name":"wp","href":"https:\/\/api.w.org\/{rel}","templated":true}]}}