{"id":73,"date":"2021-06-11T07:24:00","date_gmt":"2021-06-11T07:24:00","guid":{"rendered":"https:\/\/edublog.educastur.es\/lasmestasunlugarparaaprenderjugando\/2021\/06\/11\/relacion-definitiva-del-alumnado-admitido-en-el-proceso-libre\/"},"modified":"2023-12-04T17:00:56","modified_gmt":"2023-12-04T17:00:56","slug":"relacion-definitiva-del-alumnado-admitido-en-el-proceso-libre","status":"publish","type":"post","link":"https:\/\/edublog.educastur.es\/lasmestasunlugarparaaprenderjugando\/2021\/06\/11\/relacion-definitiva-del-alumnado-admitido-en-el-proceso-libre\/","title":{"rendered":"RELACI\u00d3N DEFINITIVA DEL ALUMNADO ADMITIDO EN EL PROCESO LIBRE"},"content":{"rendered":"<p style=\"text-align: center\"><span style=\"color: #ff00fe;font-family: verdana\">Publicaci\u00f3n de las listas definitivas de solicitudes admitidas en el Centro.&nbsp;<\/span><\/p>\n<p style=\"text-align: center\">\n<div style=\"clear: both;text-align: center\"><a href=\"https:\/\/1.bp.blogspot.com\/-_M7u-kVzcOA\/YLXgQXcncnI\/AAAAAAAAY1Y\/GJ5f5cQ_K90SaJHNziObKNH51u-_LVQcQCLcBGAsYHQ\/s285\/images.jpg\" style=\"margin-left: 1em;margin-right: 1em\"><img decoding=\"async\" border=\"0\" data-original-height=\"132\" data-original-width=\"285\" src=\"https:\/\/1.bp.blogspot.com\/-_M7u-kVzcOA\/YLXgQXcncnI\/AAAAAAAAY1Y\/GJ5f5cQ_K90SaJHNziObKNH51u-_LVQcQCLcBGAsYHQ\/s0\/images.jpg\" \/><\/a><\/div>\n<p><span style=\"font-family: verdana\"><br \/><\/span><\/p>\n<p><span style=\"font-family: verdana\">En este curso escolar, no ha hecho falta baremar porque el n\u00famero de solicitudes, ha sido menor, que el n\u00famero de plazas ofertadas.<\/span><\/p>\n<p><span style=\"color: #45818e;font-family: verdana\"><i>Por lo que en el apartado de puntos aparecer\u00e1n TODAS las solicitudes con un&nbsp;<\/i><\/span><i style=\"color: #45818e;font-family: verdana\">TOTAL de 0 puntos.<\/i><\/p>\n<p><span style=\"color: #ff00fe;font-family: verdana\"><b><a href=\"https:\/\/drive.google.com\/file\/d\/13NJeg8AukQisVqH_jPuGDY-TZwxPaWnL\/view?usp=sharing\" target=\"_blank\" rel=\"noopener\">VER O DESCARGAR CURSO 3 A\u00d1OS<\/a><\/b><\/span><\/p>\n<p style=\"text-align: right\"><span style=\"color: #2b00fe;font-family: verdana\"><br \/><\/span><\/p>\n<p style=\"text-align: right\"><span style=\"color: #2b00fe;font-family: verdana\"><b><a href=\"https:\/\/drive.google.com\/file\/d\/1V3sThXLVs_sW4QCN93BKVr5rUfzo7NZq\/view?usp=sharing\" target=\"_blank\" rel=\"noopener\">VER O DESCARGAR CURSO 4 A\u00d1OS<\/a><\/b><\/span><\/p>\n<div>\n<p><span style=\"color: red;font-family: verdana\"><b><br \/><\/b><\/span><\/p>\n<p><span style=\"color: red;font-family: verdana\"><b><a href=\"https:\/\/drive.google.com\/file\/d\/1yNUdOGNhYkWsOJUlVcM7ap7a1DXvzKrZ\/view?usp=sharing\" target=\"_blank\" rel=\"noopener\">VER O DESCARGAR CURSO 5 A\u00d1OS<\/a><\/b><\/span><\/p>\n<p><span style=\"color: red;font-family: verdana\"><br \/><\/span><\/p>\n<p style=\"text-align: center\"><span style=\"color: red;font-family: verdana\"><b>Del 22 al 28 de junio<\/b> formalizaci\u00f3n de la MATR\u00cdCULA en el centro con&nbsp;<\/span><\/p>\n<p style=\"text-align: center\"><span style=\"color: red;font-family: verdana\"><b>?<a href=\"https:\/\/form.jotform.com\/211316058563351\" target=\"_blank\" rel=\"noopener\">CITA PREVIA<\/a><\/b>&nbsp;<\/span><\/p>\n<p style=\"text-align: justify\"><span style=\"color: red;font-family: verdana\"><b style=\"color: #2b00fe;text-align: left\"><br \/><\/b><\/span><\/p>\n<p style=\"text-align: justify\"><span style=\"color: red;font-family: verdana\"><b style=\"color: #2b00fe;text-align: left\">Para el alumnado nuevo<\/b><span style=\"color: #2b00fe;text-align: left\">&nbsp;si est\u00e1is interesados en becas o ayudas de comedor, conciliaci\u00f3n familiar o Atenci\u00f3n Temprana ya han salido publicadas (plazos:&nbsp;<\/span><\/span><u style=\"background-color: white;color: #4c4c4c;font-family: Calibri, Arial, Helvetica, sans-serif;font-size: 16px;text-align: left\"><strong>1 al 20 de junio de 2021<\/strong><\/u><span style=\"color: #2b00fe;font-family: verdana;text-align: left\">)las pod\u00e9is ver en nuestra web&nbsp; &nbsp;?<\/span><a href=\"https:\/\/alojaweb.educastur.es\/en\/web\/eeilasmestas\/documentos\/becas-y-ayudas\" style=\"font-family: verdana;text-align: left\" target=\"_blank\" rel=\"noopener\"><b>Becas-y-ayudas<\/b><\/a><\/p>\n<p style=\"text-align: justify\"><\/p>\n<\/div>\n<div><span style=\"color: #2b00fe;font-family: verdana\"><\/p>\n<div style=\"clear: both;text-align: left\">\n<div style=\"clear: both;text-align: center\"><a href=\"https:\/\/1.bp.blogspot.com\/-XIfqKWhpK_s\/YLXgWYCtcmI\/AAAAAAAAY1c\/A4bOzTIchNsXikgXsch7Vu5_1YXDGGvyACLcBGAsYHQ\/s289\/descarga.jpg\" style=\"margin-left: 1em;margin-right: 1em\"><img decoding=\"async\" border=\"0\" data-original-height=\"161\" data-original-width=\"289\" src=\"https:\/\/1.bp.blogspot.com\/-XIfqKWhpK_s\/YLXgWYCtcmI\/AAAAAAAAY1c\/A4bOzTIchNsXikgXsch7Vu5_1YXDGGvyACLcBGAsYHQ\/s0\/descarga.jpg\" \/><\/a><a href=\"https:\/\/1.bp.blogspot.com\/-Qw_qrTiANEU\/YLXgX6p7JwI\/AAAAAAAAY1g\/-ZNE4WylgMMtmZyImqBqdUboLfvNSdvCACLcBGAsYHQ\/s259\/images%2B%25281%2529.jpg\" style=\"margin-left: 1em;margin-right: 1em\"><img decoding=\"async\" border=\"0\" data-original-height=\"194\" data-original-width=\"259\" src=\"https:\/\/1.bp.blogspot.com\/-Qw_qrTiANEU\/YLXgX6p7JwI\/AAAAAAAAY1g\/-ZNE4WylgMMtmZyImqBqdUboLfvNSdvCACLcBGAsYHQ\/s0\/images%2B%25281%2529.jpg\" \/><\/a><\/div>\n<\/div>\n<p><b><br \/><\/b><\/span><\/div>\n","protected":false},"excerpt":{"rendered":"<p>Publicaci\u00f3n de las listas definitivas de solicitudes admitidas en el Centro.&nbsp; En este curso escolar, no ha hecho falta baremar porque el n\u00famero de solicitudes, ha sido menor, que el n\u00famero de plazas ofertadas. Por lo que en el apartado de puntos aparecer\u00e1n TODAS las solicitudes con un&nbsp;TOTAL de 0 puntos. VER O DESCARGAR CURSO &hellip; <a href=\"https:\/\/edublog.educastur.es\/lasmestasunlugarparaaprenderjugando\/2021\/06\/11\/relacion-definitiva-del-alumnado-admitido-en-el-proceso-libre\/\" class=\"more-link\">Contin\u00faa leyendo <span class=\"screen-reader-text\">RELACI\u00d3N DEFINITIVA DEL ALUMNADO ADMITIDO EN EL PROCESO LIBRE<\/span><\/a><\/p>\n","protected":false},"author":1355,"featured_media":0,"comment_status":"closed","ping_status":"closed","sticky":false,"template":"","format":"standard","meta":{"footnotes":""},"categories":[47,1],"tags":[174,77],"class_list":["post-73","post","type-post","status-publish","format-standard","hentry","category-admision","category-noticias","tag-admision","tag-listas-definitivas"],"_links":{"self":[{"href":"https:\/\/edublog.educastur.es\/lasmestasunlugarparaaprenderjugando\/wp-json\/wp\/v2\/posts\/73","targetHints":{"allow":["GET"]}}],"collection":[{"href":"https:\/\/edublog.educastur.es\/lasmestasunlugarparaaprenderjugando\/wp-json\/wp\/v2\/posts"}],"about":[{"href":"https:\/\/edublog.educastur.es\/lasmestasunlugarparaaprenderjugando\/wp-json\/wp\/v2\/types\/post"}],"author":[{"embeddable":true,"href":"https:\/\/edublog.educastur.es\/lasmestasunlugarparaaprenderjugando\/wp-json\/wp\/v2\/users\/1355"}],"replies":[{"embeddable":true,"href":"https:\/\/edublog.educastur.es\/lasmestasunlugarparaaprenderjugando\/wp-json\/wp\/v2\/comments?post=73"}],"version-history":[{"count":1,"href":"https:\/\/edublog.educastur.es\/lasmestasunlugarparaaprenderjugando\/wp-json\/wp\/v2\/posts\/73\/revisions"}],"predecessor-version":[{"id":418,"href":"https:\/\/edublog.educastur.es\/lasmestasunlugarparaaprenderjugando\/wp-json\/wp\/v2\/posts\/73\/revisions\/418"}],"wp:attachment":[{"href":"https:\/\/edublog.educastur.es\/lasmestasunlugarparaaprenderjugando\/wp-json\/wp\/v2\/media?parent=73"}],"wp:term":[{"taxonomy":"category","embeddable":true,"href":"https:\/\/edublog.educastur.es\/lasmestasunlugarparaaprenderjugando\/wp-json\/wp\/v2\/categories?post=73"},{"taxonomy":"post_tag","embeddable":true,"href":"https:\/\/edublog.educastur.es\/lasmestasunlugarparaaprenderjugando\/wp-json\/wp\/v2\/tags?post=73"}],"curies":[{"name":"wp","href":"https:\/\/api.w.org\/{rel}","templated":true}]}}