{"id":85,"date":"2022-01-26T16:04:25","date_gmt":"2022-01-26T16:04:25","guid":{"rendered":"https:\/\/edublog.educastur.es\/lleronclarin\/?p=85"},"modified":"2022-01-26T16:04:25","modified_gmt":"2022-01-26T16:04:25","slug":"tic-tac-se-acerca-el-dia-de-la-paz","status":"publish","type":"post","link":"https:\/\/edublog.educastur.es\/lleronclarin\/2022\/01\/26\/tic-tac-se-acerca-el-dia-de-la-paz\/","title":{"rendered":"Tic, tac&#8230; \u00a1se acerca el D\u00eda de La Paz!"},"content":{"rendered":"<p>Los ni\u00f1os de 4 a\u00f1os ya estamos listos y por eso hemos decidido hacer entre todos uno de los elementos que mejor representan el D\u00eda de La Paz, hemos creado una original paloma. Hemos trabajado juntos, nos hemos ayudado y recordado la importancia de querernos y respetarnos no solo un d\u00eda, todos.<\/p>\n<p>\u00a1Esperamos que os guste!<\/p>\n<p><img loading=\"lazy\" decoding=\"async\" class=\"alignnone size-medium wp-image-87\" src=\"http:\/\/edublog.educastur.es\/lleronclarin\/files\/2022\/01\/IMG-8006-2-compressed-4-300x225.jpg\" alt=\"\" width=\"300\" height=\"225\" srcset=\"https:\/\/edublog.educastur.es\/lleronclarin\/files\/2022\/01\/IMG-8006-2-compressed-4-300x225.jpg 300w, https:\/\/edublog.educastur.es\/lleronclarin\/files\/2022\/01\/IMG-8006-2-compressed-4-1024x768.jpg 1024w, https:\/\/edublog.educastur.es\/lleronclarin\/files\/2022\/01\/IMG-8006-2-compressed-4-768x576.jpg 768w, https:\/\/edublog.educastur.es\/lleronclarin\/files\/2022\/01\/IMG-8006-2-compressed-4-1536x1152.jpg 1536w, https:\/\/edublog.educastur.es\/lleronclarin\/files\/2022\/01\/IMG-8006-2-compressed-4-2048x1536.jpg 2048w\" sizes=\"auto, (max-width: 300px) 100vw, 300px\" \/> <img loading=\"lazy\" decoding=\"async\" class=\"alignnone size-medium wp-image-88\" src=\"http:\/\/edublog.educastur.es\/lleronclarin\/files\/2022\/01\/IMG-8025-2-300x225.jpg\" alt=\"\" width=\"300\" height=\"225\" srcset=\"https:\/\/edublog.educastur.es\/lleronclarin\/files\/2022\/01\/IMG-8025-2-300x225.jpg 300w, https:\/\/edublog.educastur.es\/lleronclarin\/files\/2022\/01\/IMG-8025-2-1024x768.jpg 1024w, https:\/\/edublog.educastur.es\/lleronclarin\/files\/2022\/01\/IMG-8025-2-768x576.jpg 768w, https:\/\/edublog.educastur.es\/lleronclarin\/files\/2022\/01\/IMG-8025-2-1536x1152.jpg 1536w, https:\/\/edublog.educastur.es\/lleronclarin\/files\/2022\/01\/IMG-8025-2-2048x1536.jpg 2048w\" sizes=\"auto, (max-width: 300px) 100vw, 300px\" \/><\/p>\n","protected":false},"excerpt":{"rendered":"<p>Los ni\u00f1os de 4 a\u00f1os ya estamos listos y por eso hemos decidido hacer entre todos uno de los elementos que mejor representan el D\u00eda de La Paz, hemos creado una original paloma. Hemos trabajado juntos, nos hemos ayudado y recordado la importancia de querernos y respetarnos no solo un d\u00eda, todos. \u00a1Esperamos que os&hellip; <a href=\"https:\/\/edublog.educastur.es\/lleronclarin\/2022\/01\/26\/tic-tac-se-acerca-el-dia-de-la-paz\/\" class=\"more-link\">Seguir leyendo <span class=\"screen-reader-text\">Tic, tac&#8230; \u00a1se acerca el D\u00eda de La Paz!<\/span><\/a><\/p>\n","protected":false},"author":1243,"featured_media":0,"comment_status":"open","ping_status":"open","sticky":false,"template":"","format":"standard","meta":{"footnotes":""},"categories":[1],"tags":[],"class_list":["post-85","post","type-post","status-publish","format-standard","hentry","category-sin-categoria","without-featured-image"],"_links":{"self":[{"href":"https:\/\/edublog.educastur.es\/lleronclarin\/wp-json\/wp\/v2\/posts\/85","targetHints":{"allow":["GET"]}}],"collection":[{"href":"https:\/\/edublog.educastur.es\/lleronclarin\/wp-json\/wp\/v2\/posts"}],"about":[{"href":"https:\/\/edublog.educastur.es\/lleronclarin\/wp-json\/wp\/v2\/types\/post"}],"author":[{"embeddable":true,"href":"https:\/\/edublog.educastur.es\/lleronclarin\/wp-json\/wp\/v2\/users\/1243"}],"replies":[{"embeddable":true,"href":"https:\/\/edublog.educastur.es\/lleronclarin\/wp-json\/wp\/v2\/comments?post=85"}],"version-history":[{"count":1,"href":"https:\/\/edublog.educastur.es\/lleronclarin\/wp-json\/wp\/v2\/posts\/85\/revisions"}],"predecessor-version":[{"id":89,"href":"https:\/\/edublog.educastur.es\/lleronclarin\/wp-json\/wp\/v2\/posts\/85\/revisions\/89"}],"wp:attachment":[{"href":"https:\/\/edublog.educastur.es\/lleronclarin\/wp-json\/wp\/v2\/media?parent=85"}],"wp:term":[{"taxonomy":"category","embeddable":true,"href":"https:\/\/edublog.educastur.es\/lleronclarin\/wp-json\/wp\/v2\/categories?post=85"},{"taxonomy":"post_tag","embeddable":true,"href":"https:\/\/edublog.educastur.es\/lleronclarin\/wp-json\/wp\/v2\/tags?post=85"}],"curies":[{"name":"wp","href":"https:\/\/api.w.org\/{rel}","templated":true}]}}