{"id":91,"date":"2022-02-11T15:25:01","date_gmt":"2022-02-11T15:25:01","guid":{"rendered":"https:\/\/edublog.educastur.es\/lleronclarin\/?p=91"},"modified":"2022-02-11T15:25:01","modified_gmt":"2022-02-11T15:25:01","slug":"van-gogh","status":"publish","type":"post","link":"https:\/\/edublog.educastur.es\/lleronclarin\/2022\/02\/11\/van-gogh\/","title":{"rendered":"Van Gogh"},"content":{"rendered":"<p>Los ni\u00f1os de Infantil han comenzado un proyecto que lleva por nombre \u00abEmocionArte\u00bb en el que relacionan diferentes obras de arte con sus emociones. La primera que han trabajado ha sido la alegr\u00eda y no hay mejor forma de ilustrarla que con \u00abLos girasoles\u00bb de Van Gogh.<\/p>\n<p>Los ni\u00f1os de 4 a\u00f1os quieren ense\u00f1aros su versi\u00f3n del cuadro para alegraros a todos el fin de semana. \u00a1Hora de descansar y a por el siguiente!<\/p>\n<p>&nbsp;<\/p>\n<p><img loading=\"lazy\" decoding=\"async\" class=\"alignnone size-medium wp-image-92\" src=\"http:\/\/edublog.educastur.es\/lleronclarin\/files\/2022\/02\/IMG-8477-min-300x225.jpg\" alt=\"\" width=\"300\" height=\"225\" srcset=\"https:\/\/edublog.educastur.es\/lleronclarin\/files\/2022\/02\/IMG-8477-min-300x225.jpg 300w, https:\/\/edublog.educastur.es\/lleronclarin\/files\/2022\/02\/IMG-8477-min-1024x768.jpg 1024w, https:\/\/edublog.educastur.es\/lleronclarin\/files\/2022\/02\/IMG-8477-min-768x576.jpg 768w, https:\/\/edublog.educastur.es\/lleronclarin\/files\/2022\/02\/IMG-8477-min-1536x1152.jpg 1536w, https:\/\/edublog.educastur.es\/lleronclarin\/files\/2022\/02\/IMG-8477-min-2048x1536.jpg 2048w\" sizes=\"auto, (max-width: 300px) 100vw, 300px\" \/> <img loading=\"lazy\" decoding=\"async\" class=\"alignnone size-medium wp-image-93\" src=\"http:\/\/edublog.educastur.es\/lleronclarin\/files\/2022\/02\/IMG-8572-min-300x225.jpg\" alt=\"\" width=\"300\" height=\"225\" srcset=\"https:\/\/edublog.educastur.es\/lleronclarin\/files\/2022\/02\/IMG-8572-min-300x225.jpg 300w, https:\/\/edublog.educastur.es\/lleronclarin\/files\/2022\/02\/IMG-8572-min-1024x768.jpg 1024w, https:\/\/edublog.educastur.es\/lleronclarin\/files\/2022\/02\/IMG-8572-min-768x576.jpg 768w, https:\/\/edublog.educastur.es\/lleronclarin\/files\/2022\/02\/IMG-8572-min-1536x1152.jpg 1536w, https:\/\/edublog.educastur.es\/lleronclarin\/files\/2022\/02\/IMG-8572-min-2048x1536.jpg 2048w\" sizes=\"auto, (max-width: 300px) 100vw, 300px\" \/><\/p>\n","protected":false},"excerpt":{"rendered":"<p>Los ni\u00f1os de Infantil han comenzado un proyecto que lleva por nombre \u00abEmocionArte\u00bb en el que relacionan diferentes obras de arte con sus emociones. La primera que han trabajado ha sido la alegr\u00eda y no hay mejor forma de ilustrarla que con \u00abLos girasoles\u00bb de Van Gogh. Los ni\u00f1os de 4 a\u00f1os quieren ense\u00f1aros su&hellip; <a href=\"https:\/\/edublog.educastur.es\/lleronclarin\/2022\/02\/11\/van-gogh\/\" class=\"more-link\">Seguir leyendo <span class=\"screen-reader-text\">Van Gogh<\/span><\/a><\/p>\n","protected":false},"author":1243,"featured_media":0,"comment_status":"open","ping_status":"open","sticky":false,"template":"","format":"standard","meta":{"footnotes":""},"categories":[1],"tags":[],"class_list":["post-91","post","type-post","status-publish","format-standard","hentry","category-sin-categoria","without-featured-image"],"_links":{"self":[{"href":"https:\/\/edublog.educastur.es\/lleronclarin\/wp-json\/wp\/v2\/posts\/91","targetHints":{"allow":["GET"]}}],"collection":[{"href":"https:\/\/edublog.educastur.es\/lleronclarin\/wp-json\/wp\/v2\/posts"}],"about":[{"href":"https:\/\/edublog.educastur.es\/lleronclarin\/wp-json\/wp\/v2\/types\/post"}],"author":[{"embeddable":true,"href":"https:\/\/edublog.educastur.es\/lleronclarin\/wp-json\/wp\/v2\/users\/1243"}],"replies":[{"embeddable":true,"href":"https:\/\/edublog.educastur.es\/lleronclarin\/wp-json\/wp\/v2\/comments?post=91"}],"version-history":[{"count":2,"href":"https:\/\/edublog.educastur.es\/lleronclarin\/wp-json\/wp\/v2\/posts\/91\/revisions"}],"predecessor-version":[{"id":95,"href":"https:\/\/edublog.educastur.es\/lleronclarin\/wp-json\/wp\/v2\/posts\/91\/revisions\/95"}],"wp:attachment":[{"href":"https:\/\/edublog.educastur.es\/lleronclarin\/wp-json\/wp\/v2\/media?parent=91"}],"wp:term":[{"taxonomy":"category","embeddable":true,"href":"https:\/\/edublog.educastur.es\/lleronclarin\/wp-json\/wp\/v2\/categories?post=91"},{"taxonomy":"post_tag","embeddable":true,"href":"https:\/\/edublog.educastur.es\/lleronclarin\/wp-json\/wp\/v2\/tags?post=91"}],"curies":[{"name":"wp","href":"https:\/\/api.w.org\/{rel}","templated":true}]}}