{"id":97,"date":"2022-03-10T16:23:14","date_gmt":"2022-03-10T16:23:14","guid":{"rendered":"https:\/\/edublog.educastur.es\/lleronclarin\/?p=97"},"modified":"2022-03-10T16:23:14","modified_gmt":"2022-03-10T16:23:14","slug":"8-de-marzo","status":"publish","type":"post","link":"https:\/\/edublog.educastur.es\/lleronclarin\/2022\/03\/10\/8-de-marzo\/","title":{"rendered":"8 de marzo"},"content":{"rendered":"<p>Con motivo de la celebraci\u00f3n del D\u00eda Internacional de la Mujer, los peques del cole hemos decidido poner nuestro granito de arena.<\/p>\n<p>Os ense\u00f1amos los trabajos que adornan nuestro pasillo y de los que estamos muy orgullosos. Hemos conocido a la artista Frida Kahlo, hemos representado a las mujeres de nuestra vida y buscado los calificativos m\u00e1s adecuados para describirlas.<\/p>\n<p>Esperamos que os gusten<\/p>\n<p>.<img loading=\"lazy\" decoding=\"async\" class=\"alignnone size-medium wp-image-98\" src=\"http:\/\/edublog.educastur.es\/lleronclarin\/files\/2022\/03\/IMG_9972-compressed-300x225.jpg\" alt=\"\" width=\"300\" height=\"225\" srcset=\"https:\/\/edublog.educastur.es\/lleronclarin\/files\/2022\/03\/IMG_9972-compressed-300x225.jpg 300w, https:\/\/edublog.educastur.es\/lleronclarin\/files\/2022\/03\/IMG_9972-compressed-1024x768.jpg 1024w, https:\/\/edublog.educastur.es\/lleronclarin\/files\/2022\/03\/IMG_9972-compressed-768x576.jpg 768w, https:\/\/edublog.educastur.es\/lleronclarin\/files\/2022\/03\/IMG_9972-compressed-1536x1152.jpg 1536w, https:\/\/edublog.educastur.es\/lleronclarin\/files\/2022\/03\/IMG_9972-compressed-2048x1536.jpg 2048w\" sizes=\"auto, (max-width: 300px) 100vw, 300px\" \/> <img loading=\"lazy\" decoding=\"async\" class=\"alignnone size-medium wp-image-99\" src=\"http:\/\/edublog.educastur.es\/lleronclarin\/files\/2022\/03\/IMG_9986-compressed-300x225.jpg\" alt=\"\" width=\"300\" height=\"225\" srcset=\"https:\/\/edublog.educastur.es\/lleronclarin\/files\/2022\/03\/IMG_9986-compressed-300x225.jpg 300w, https:\/\/edublog.educastur.es\/lleronclarin\/files\/2022\/03\/IMG_9986-compressed-1024x768.jpg 1024w, https:\/\/edublog.educastur.es\/lleronclarin\/files\/2022\/03\/IMG_9986-compressed-768x576.jpg 768w, https:\/\/edublog.educastur.es\/lleronclarin\/files\/2022\/03\/IMG_9986-compressed-1536x1152.jpg 1536w, https:\/\/edublog.educastur.es\/lleronclarin\/files\/2022\/03\/IMG_9986-compressed-2048x1536.jpg 2048w\" sizes=\"auto, (max-width: 300px) 100vw, 300px\" \/> <img loading=\"lazy\" decoding=\"async\" class=\"alignnone size-medium wp-image-100\" src=\"http:\/\/edublog.educastur.es\/lleronclarin\/files\/2022\/03\/IMG-9980-compressed-300x225.jpg\" alt=\"\" width=\"300\" height=\"225\" srcset=\"https:\/\/edublog.educastur.es\/lleronclarin\/files\/2022\/03\/IMG-9980-compressed-300x225.jpg 300w, https:\/\/edublog.educastur.es\/lleronclarin\/files\/2022\/03\/IMG-9980-compressed-1024x768.jpg 1024w, https:\/\/edublog.educastur.es\/lleronclarin\/files\/2022\/03\/IMG-9980-compressed-768x576.jpg 768w, https:\/\/edublog.educastur.es\/lleronclarin\/files\/2022\/03\/IMG-9980-compressed-1536x1152.jpg 1536w, https:\/\/edublog.educastur.es\/lleronclarin\/files\/2022\/03\/IMG-9980-compressed-2048x1536.jpg 2048w\" sizes=\"auto, (max-width: 300px) 100vw, 300px\" \/><\/p>\n","protected":false},"excerpt":{"rendered":"<p>Con motivo de la celebraci\u00f3n del D\u00eda Internacional de la Mujer, los peques del cole hemos decidido poner nuestro granito de arena. Os ense\u00f1amos los trabajos que adornan nuestro pasillo y de los que estamos muy orgullosos. Hemos conocido a la artista Frida Kahlo, hemos representado a las mujeres de nuestra vida y buscado los&hellip; <a href=\"https:\/\/edublog.educastur.es\/lleronclarin\/2022\/03\/10\/8-de-marzo\/\" class=\"more-link\">Seguir leyendo <span class=\"screen-reader-text\">8 de marzo<\/span><\/a><\/p>\n","protected":false},"author":1243,"featured_media":0,"comment_status":"open","ping_status":"open","sticky":false,"template":"","format":"standard","meta":{"footnotes":""},"categories":[1],"tags":[],"class_list":["post-97","post","type-post","status-publish","format-standard","hentry","category-sin-categoria","without-featured-image"],"_links":{"self":[{"href":"https:\/\/edublog.educastur.es\/lleronclarin\/wp-json\/wp\/v2\/posts\/97","targetHints":{"allow":["GET"]}}],"collection":[{"href":"https:\/\/edublog.educastur.es\/lleronclarin\/wp-json\/wp\/v2\/posts"}],"about":[{"href":"https:\/\/edublog.educastur.es\/lleronclarin\/wp-json\/wp\/v2\/types\/post"}],"author":[{"embeddable":true,"href":"https:\/\/edublog.educastur.es\/lleronclarin\/wp-json\/wp\/v2\/users\/1243"}],"replies":[{"embeddable":true,"href":"https:\/\/edublog.educastur.es\/lleronclarin\/wp-json\/wp\/v2\/comments?post=97"}],"version-history":[{"count":1,"href":"https:\/\/edublog.educastur.es\/lleronclarin\/wp-json\/wp\/v2\/posts\/97\/revisions"}],"predecessor-version":[{"id":101,"href":"https:\/\/edublog.educastur.es\/lleronclarin\/wp-json\/wp\/v2\/posts\/97\/revisions\/101"}],"wp:attachment":[{"href":"https:\/\/edublog.educastur.es\/lleronclarin\/wp-json\/wp\/v2\/media?parent=97"}],"wp:term":[{"taxonomy":"category","embeddable":true,"href":"https:\/\/edublog.educastur.es\/lleronclarin\/wp-json\/wp\/v2\/categories?post=97"},{"taxonomy":"post_tag","embeddable":true,"href":"https:\/\/edublog.educastur.es\/lleronclarin\/wp-json\/wp\/v2\/tags?post=97"}],"curies":[{"name":"wp","href":"https:\/\/api.w.org\/{rel}","templated":true}]}}