{"id":185,"date":"2020-07-23T17:11:02","date_gmt":"2020-07-23T17:11:02","guid":{"rendered":"https:\/\/edublog.educastur.es\/llingua\/?p=185"},"modified":"2020-07-23T17:11:02","modified_gmt":"2020-07-23T17:11:02","slug":"abrel-plazu-de-matricula-pa-la-materia-de-llingua-asturiana","status":"publish","type":"post","link":"https:\/\/edublog.educastur.es\/llingua\/abrel-plazu-de-matricula-pa-la-materia-de-llingua-asturiana\/","title":{"rendered":"Abre\u2019l plazu de matr\u00edcula pa la materia de Llingua Asturiana"},"content":{"rendered":"<div class=\"field field-name-field-noticies-rellacionaes field-type-node-reference field-label-hidden\">\n<ul>\n<li><a href=\"https:\/\/asturies.com\/noticies\/la-campana-de-matriculacion-nasturianu-y-gallego-asturiano-apuntate-va-llegar-a-la-radio-y\">La campa\u00f1a de matriculaci\u00f3n n&#8217;asturianu y gallego-asturiano #Ap\u00fantate va llegar a la radio y la televisi\u00f3n<\/a><\/li>\n<\/ul>\n<\/div>\n<div class=\"field field-name-taxonomy-vocabulary-2 field-type-taxonomy-term-reference field-label-hidden\">\n<div class=\"field-items\"><\/div>\n<\/div>\n<ul class=\"links inline\">\n<li class=\"comment_forbidden last\">\n<table class=\"sticky-enabled tableheader-processed sticky-table\">\n<tbody>\n<tr class=\"odd\">\n<td><span class=\"file\"><img decoding=\"async\" class=\"file-icon\" title=\"application\/pdf\" src=\"https:\/\/asturies.com\/modules\/file\/icons\/application-pdf.png\" alt=\"PDF icon\" \/> <a title=\"cartelu_apuntate_matriculacion_asturianu.pdf\" href=\"https:\/\/asturies.com\/sites\/default\/files\/cartelu_apuntate_matriculacion_asturianu.pdf\">Cartelu #Ap\u00fantate matriculaci\u00f3n asturianu<\/a><\/span><\/td>\n<td>1.32 MB<\/td>\n<\/tr>\n<tr class=\"even\">\n<td><span class=\"file\"><img decoding=\"async\" class=\"file-icon\" title=\"application\/pdf\" src=\"https:\/\/asturies.com\/modules\/file\/icons\/application-pdf.png\" alt=\"PDF icon\" \/> <a title=\"cartelu_apuntate_matriculacion_gallego-asturiano.pdf\" href=\"https:\/\/asturies.com\/sites\/default\/files\/cartelu_apuntate_matriculacion_gallego-asturiano.pdf\">Cartelu #Ap\u00fantate matriculaci\u00f3n gallego-asturiano<\/a><\/span><\/td>\n<td>1.33 MB<\/td>\n<\/tr>\n<\/tbody>\n<\/table>\n<\/li>\n<\/ul>\n<div class=\"content clearfix\">\n<div class=\"field field-name-field-semeya2 field-type-image field-label-hidden\">\n<div class=\"field-items\">\n<div class=\"field-item even\"><\/div>\n<div><a href=\"https:\/\/www.educastur.es\/documents\/10531\/40452\/CARTEL+FINAL+asturiano+WEB.jpg\/afacd51a-4032-4483-83ab-d9c369bbe0b8\"><img loading=\"lazy\" decoding=\"async\" class=\"alignnone \" src=\"https:\/\/www.educastur.es\/documents\/10531\/40452\/CARTEL+FINAL+asturiano+WEB.jpg\/afacd51a-4032-4483-83ab-d9c369bbe0b8\" width=\"577\" height=\"811\" \/><\/a><\/div>\n<div><a href=\"https:\/\/asturies.com\/sites\/default\/files\/cartelu_apuntate_matriculacion_asturianu.pdf\">Calca pa descargar<\/a><\/div>\n<\/div>\n<\/div>\n<div class=\"field field-name-body field-type-text-with-summary field-label-hidden\">\n<div class=\"field-items\">\n<div class=\"field-item even\">\n<p><strong>Dende esti xueves ta abiertu\u2019l plazu d\u2019inscripci\u00f3n pa la materia de Llingua Asturiana y de Gallego-asturiano en toles etapes educatives.<\/strong> La campa\u00f1a<strong> #Ap\u00fantate<\/strong> ta teniendo espaciu na televisi\u00f3n y na radio p\u00fablica asturiana cola fin de promover la matriculaci\u00f3n na asignatura y llegar a la socied\u00e1.\u00a0 Na mesma tienen presencia les dos lling\u00fces propies d\u2019Asturies con mensaxes como <strong>\u201cva prestate\u201d<\/strong> o \u201cvaiche prestar\u201d. Nel casu de fecha pa televisi\u00f3n, tr\u00e1tase d\u2019un videu d\u2019animaci\u00f3n.<\/p>\n<p><strong>El plazu de matriculaci\u00f3n va dende g\u00fcei hasta\u2019l d\u00eda 31 pa Primaria.<\/strong> Nel casu de los escolinos de Secundaria y Bachilleratu, el plazu all\u00e1rgase hasta\u2019l 7 de setiembre. Ap\u00fantate!<\/p>\n<p>&nbsp;<\/p>\n<ul>\n<li><a href=\"https:\/\/www.facebook.com\/201390920299231\/videos\/193276801995279\">Ver videu<\/a><\/li>\n<li><a href=\"https:\/\/www.educastur.es\/-\/campana-de-matriculacion-n-asturianu-y-gallego-asturianu-2020-2021\">Ver n\u00b4Educastur<\/a><\/li>\n<li><a href=\"https:\/\/asturies.com\/noticies\/abrel-plazu-de-matricula-pa-la-materia-de-llingua-asturiana-y-de-gallego-asturiano-en-toles\">Ver noticia n\u00b4Asturies.com<\/a><\/li>\n<\/ul>\n<p>&nbsp;<\/p>\n<p><!--more--><\/p>\n<p><a href=\"https:\/\/scontent.fmad7-1.fna.fbcdn.net\/v\/t1.0-9\/104114964_4260671620640166_4703803114804307108_o.jpg?_nc_cat=102&amp;_nc_sid=730e14&amp;_nc_ohc=URPNbmgQCMIAX8umv0S&amp;_nc_ht=scontent.fmad7-1.fna&amp;oh=3908e82a0fb7aa0f02ac9664812073c8&amp;oe=5F3D922C\"><img loading=\"lazy\" decoding=\"async\" class=\"alignnone size-medium\" src=\"https:\/\/scontent.fmad7-1.fna.fbcdn.net\/v\/t1.0-9\/104114964_4260671620640166_4703803114804307108_o.jpg?_nc_cat=102&amp;_nc_sid=730e14&amp;_nc_ohc=URPNbmgQCMIAX8umv0S&amp;_nc_ht=scontent.fmad7-1.fna&amp;oh=3908e82a0fb7aa0f02ac9664812073c8&amp;oe=5F3D922C\" width=\"1441\" height=\"1080\" \/><\/a><\/p>\n<p><a href=\"https:\/\/scontent.fmad7-1.fna.fbcdn.net\/v\/t1.0-9\/104122856_4260672837306711_5514722276222187038_o.jpg?_nc_cat=100&amp;_nc_sid=730e14&amp;_nc_ohc=r0lC6an7ezgAX-mIe2t&amp;_nc_ht=scontent.fmad7-1.fna&amp;oh=a52c765295a0d324908f586673935c8c&amp;oe=5F3DFA38\"><img loading=\"lazy\" decoding=\"async\" class=\"alignnone size-medium\" src=\"https:\/\/scontent.fmad7-1.fna.fbcdn.net\/v\/t1.0-9\/104122856_4260672837306711_5514722276222187038_o.jpg?_nc_cat=100&amp;_nc_sid=730e14&amp;_nc_ohc=r0lC6an7ezgAX-mIe2t&amp;_nc_ht=scontent.fmad7-1.fna&amp;oh=a52c765295a0d324908f586673935c8c&amp;oe=5F3DFA38\" width=\"1440\" height=\"1080\" \/><\/a><\/p>\n<\/div>\n<\/div>\n<\/div>\n<\/div>\n<p>&nbsp;<\/p>\n","protected":false},"excerpt":{"rendered":"<p>La campa\u00f1a de matriculaci\u00f3n n&#8217;asturianu y gallego-asturiano #Ap\u00fantate va llegar a la radio y la televisi\u00f3n Cartelu #Ap\u00fantate matriculaci\u00f3n asturianu 1.32 MB Cartelu #Ap\u00fantate matriculaci\u00f3n gallego-asturiano 1.33 MB Calca pa descargar Dende esti xueves ta abiertu\u2019l plazu d\u2019inscripci\u00f3n pa la materia de Llingua Asturiana y de Gallego-asturiano en toles etapes educatives. La campa\u00f1a #Ap\u00fantate ta [&hellip;]<\/p>\n","protected":false},"author":117,"featured_media":0,"comment_status":"open","ping_status":"open","sticky":false,"template":"","format":"standard","meta":{"footnotes":""},"categories":[2],"tags":[],"class_list":["post-185","post","type-post","status-publish","format-standard","hentry","category-campanes","post-preview"],"_links":{"self":[{"href":"https:\/\/edublog.educastur.es\/llingua\/wp-json\/wp\/v2\/posts\/185","targetHints":{"allow":["GET"]}}],"collection":[{"href":"https:\/\/edublog.educastur.es\/llingua\/wp-json\/wp\/v2\/posts"}],"about":[{"href":"https:\/\/edublog.educastur.es\/llingua\/wp-json\/wp\/v2\/types\/post"}],"author":[{"embeddable":true,"href":"https:\/\/edublog.educastur.es\/llingua\/wp-json\/wp\/v2\/users\/117"}],"replies":[{"embeddable":true,"href":"https:\/\/edublog.educastur.es\/llingua\/wp-json\/wp\/v2\/comments?post=185"}],"version-history":[{"count":1,"href":"https:\/\/edublog.educastur.es\/llingua\/wp-json\/wp\/v2\/posts\/185\/revisions"}],"predecessor-version":[{"id":186,"href":"https:\/\/edublog.educastur.es\/llingua\/wp-json\/wp\/v2\/posts\/185\/revisions\/186"}],"wp:attachment":[{"href":"https:\/\/edublog.educastur.es\/llingua\/wp-json\/wp\/v2\/media?parent=185"}],"wp:term":[{"taxonomy":"category","embeddable":true,"href":"https:\/\/edublog.educastur.es\/llingua\/wp-json\/wp\/v2\/categories?post=185"},{"taxonomy":"post_tag","embeddable":true,"href":"https:\/\/edublog.educastur.es\/llingua\/wp-json\/wp\/v2\/tags?post=185"}],"curies":[{"name":"wp","href":"https:\/\/api.w.org\/{rel}","templated":true}]}}