{"id":415,"date":"2020-09-21T07:10:26","date_gmt":"2020-09-21T05:10:26","guid":{"rendered":"https:\/\/edublog.educastur.es\/llingua\/?p=415"},"modified":"2020-09-21T07:10:26","modified_gmt":"2020-09-21T05:10:26","slug":"41-selmana-de-les-lletres","status":"publish","type":"post","link":"https:\/\/edublog.educastur.es\/llingua\/41-selmana-de-les-lletres\/","title":{"rendered":"41 Selmana de les Lletres"},"content":{"rendered":"<p>La 41 Selmana de les Lletres va abrise&#8217;l d\u00eda 28 col <strong>homenaxe a la escritora Mar\u00eda Teresa Villaverde, Tuxa, y un conciertu de la OSPA baxo la direcci\u00f3n d&#8217;\u00d3liver D\u00edaz<\/strong>. La programaci\u00f3n va incluyir un documental sobre la vida y obra de Tuxa.<\/p>\n<div id=\"TEXTO_DETALLE_ad_RobapaginasDesktop\" class=\"adblock ad_RobapaginasDesktop normal\" data-url=\"\/125952410\/LVDA.Desktop\/agora\" data-mapping=\"VOZ_ROBA_DESKTOP\" data-sizes=\"[[300,250],[300,300],[300,600],'fluid']\" data-param=\"pos\" data-format=\"normal\" data-targeting=\"robapaginas\">\n<p><img loading=\"lazy\" decoding=\"async\" class=\"wp-image-412 alignleft\" src=\"http:\/\/edublog.educastur.es\/llingua\/files\/2020\/09\/TUXA.jpg\" alt=\"\" width=\"343\" height=\"486\" srcset=\"https:\/\/edublog.educastur.es\/llingua\/files\/2020\/09\/TUXA.jpg 1238w, https:\/\/edublog.educastur.es\/llingua\/files\/2020\/09\/TUXA-212x300.jpg 212w, https:\/\/edublog.educastur.es\/llingua\/files\/2020\/09\/TUXA-723x1024.jpg 723w, https:\/\/edublog.educastur.es\/llingua\/files\/2020\/09\/TUXA-768x1088.jpg 768w, https:\/\/edublog.educastur.es\/llingua\/files\/2020\/09\/TUXA-1084x1536.jpg 1084w, https:\/\/edublog.educastur.es\/llingua\/files\/2020\/09\/TUXA-676x958.jpg 676w\" sizes=\"auto, (max-width: 343px) 100vw, 343px\" \/><\/p>\n<\/div>\n<p>La <strong>Conseyer\u00eda de Cultura, Pol\u00edtica Lling\u00fc\u00edstica y Turismu<\/strong> public\u00f3&#8217;l programa de la <strong>Selmana de les Lletres Asturianes, l&#8217;eventu m\u00e1s importante alredor de la lliteratura n&#8217;asturianu y gallego-asturianu que se convoca n&#8217;Asturies<\/strong>. La cita, programada pal mes de mayu pas\u00e1u, aplaz\u00f3se pola crisis provocada pola covid-19 y va celebrase la selmana del llunes 28 de setiembre al vienes 2 d&#8217;ochobre.<\/p>\n<p>&nbsp;<\/p>\n<p>Na so 41 edici\u00f3n, la Selmana de les Lletres recupera la figura de la escritora Mar\u00eda Teresa Villaverde, Tuxa (1882-1934), a quien <strong>homenaxa cola edici\u00f3n del llibru &#8216;Postrer adi\u00f3s. Prosa, poes\u00eda y teatru&#8217;, y el documental &#8216;Tuxa, tradici\u00f3n y sentimientu&#8217;.<\/strong><\/p>\n<p><strong>El llibru, con una edici\u00f3n al cargu de Lluis Portal, y el documental van presentase&#8217;l llunes, d\u00eda 28, na Casa de los Hevia, en Villaviciosa<\/strong>. <strong>Tuxa foi una escritora del Rexonalismu de la primer met\u00e1 del sieglu XX qu&#8217;escribi\u00f3 poes\u00eda y narrativa, y firm\u00f3 obres de teatru.<\/strong><\/p>\n<p>&nbsp;<\/p>\n<p>Al D\u00eda del Llibru Asturianu, que se celebra&#8217;l vienres 2 d&#8217;ochobre, van sumase angua\u00f1o 47 llibrer\u00edes de toa Asturies, que <strong>van sacar los sos puestos a la cai y aplicar un 10 % de descuentu na compra de llibros y discos n&#8217;asturianu<\/strong>, am\u00e1s de regalar un exemplar del ment\u00e1u Postrer adi\u00f3s. Prosa, poes\u00eda y teatru, hasta fin d&#8217;existencies.<\/p>\n<p><span class=\"d2edcug0 hpfvmrgz qv66sw1b c1et5uql rrkovp55 a8c37x1j keod5gw0 nxhoafnm aigsh9s9 d3f4x2em fe6kdd0r mau55g9w c8b282yb iv3no6db jq4qci2q a3bd9o3v knj5qynh oo9gr5id hzawbc8m\" dir=\"auto\">\u00a0<\/span><\/p>\n<p>&nbsp;<\/p>\n<p>&nbsp;<\/p>\n<p>&nbsp;<\/p>\n<p>&nbsp;<\/p>\n<p>&nbsp;<\/p>\n<p>&nbsp;<\/p>\n","protected":false},"excerpt":{"rendered":"<p>La 41 Selmana de les Lletres va abrise&#8217;l d\u00eda 28 col homenaxe a la escritora Mar\u00eda Teresa Villaverde, Tuxa, y un conciertu de la OSPA baxo la direcci\u00f3n d&#8217;\u00d3liver D\u00edaz. La programaci\u00f3n va incluyir un documental sobre la vida y obra de Tuxa. La Conseyer\u00eda de Cultura, Pol\u00edtica Lling\u00fc\u00edstica y Turismu public\u00f3&#8217;l programa de la [&hellip;]<\/p>\n","protected":false},"author":117,"featured_media":0,"comment_status":"open","ping_status":"open","sticky":false,"template":"","format":"standard","meta":{"footnotes":""},"categories":[3],"tags":[],"class_list":["post-415","post","type-post","status-publish","format-standard","hentry","category-selmana-de-les-lletres","post-preview"],"_links":{"self":[{"href":"https:\/\/edublog.educastur.es\/llingua\/wp-json\/wp\/v2\/posts\/415","targetHints":{"allow":["GET"]}}],"collection":[{"href":"https:\/\/edublog.educastur.es\/llingua\/wp-json\/wp\/v2\/posts"}],"about":[{"href":"https:\/\/edublog.educastur.es\/llingua\/wp-json\/wp\/v2\/types\/post"}],"author":[{"embeddable":true,"href":"https:\/\/edublog.educastur.es\/llingua\/wp-json\/wp\/v2\/users\/117"}],"replies":[{"embeddable":true,"href":"https:\/\/edublog.educastur.es\/llingua\/wp-json\/wp\/v2\/comments?post=415"}],"version-history":[{"count":1,"href":"https:\/\/edublog.educastur.es\/llingua\/wp-json\/wp\/v2\/posts\/415\/revisions"}],"predecessor-version":[{"id":416,"href":"https:\/\/edublog.educastur.es\/llingua\/wp-json\/wp\/v2\/posts\/415\/revisions\/416"}],"wp:attachment":[{"href":"https:\/\/edublog.educastur.es\/llingua\/wp-json\/wp\/v2\/media?parent=415"}],"wp:term":[{"taxonomy":"category","embeddable":true,"href":"https:\/\/edublog.educastur.es\/llingua\/wp-json\/wp\/v2\/categories?post=415"},{"taxonomy":"post_tag","embeddable":true,"href":"https:\/\/edublog.educastur.es\/llingua\/wp-json\/wp\/v2\/tags?post=415"}],"curies":[{"name":"wp","href":"https:\/\/api.w.org\/{rel}","templated":true}]}}