{"id":454,"date":"2021-01-09T21:11:34","date_gmt":"2021-01-09T19:11:34","guid":{"rendered":"https:\/\/edublog.educastur.es\/llingua\/?p=454"},"modified":"2021-01-09T21:11:34","modified_gmt":"2021-01-09T19:11:34","slug":"numberu-19-de-la-revista-astor","status":"publish","type":"post","link":"https:\/\/edublog.educastur.es\/llingua\/numberu-19-de-la-revista-astor\/","title":{"rendered":"N\u00famberu 19 de la revista \u00abAstor\u00bb"},"content":{"rendered":"<div class=\"oi9244e8 do00u71z j83agx80\">\n<div class=\"nc684nl6\">\n<div class=\"q676j6op qypqp5cg\"><\/div>\n<\/div>\n<\/div>\n<div class=\"buofh1pr\">\n<div class=\"j83agx80 cbu4d94t ew0dbk1b irj2b8pg\">\n<div class=\"qzhwtbm6 knvmm38d\">\n<div class=\"nc684nl6\"><em><img loading=\"lazy\" decoding=\"async\" class=\"alignnone aligncenter\" src=\"https:\/\/lligaceltadasturies.files.wordpress.com\/2019\/07\/llogu_final.jpg?w=600\" width=\"139\" height=\"134\" \/><\/em><\/div>\n<div class=\"nc684nl6\" style=\"text-align: center\"><em><span style=\"color: #008080\"><strong><span style=\"font-size: 18pt\">Lliga Celta d&#8217;Asturies<\/span><\/strong><\/span>. <a href=\"https:\/\/lligaceltadasturies.wordpress.com\/author\/lligacelta\/\">Blogue<\/a><\/em><\/div>\n<\/div>\n<\/div>\n<\/div>\n<div class=\"nqmvxvec j83agx80 jnigpg78 cxgpxx05 dflh9lhu sj5x9vvc scb9dxdr odw8uiq3\"><\/div>\n<div class=\"\" dir=\"auto\">\n<div id=\"jsc_c_hj\" class=\"ecm0bbzt hv4rvrfc ihqw7lf3 dati1w0a\" data-ad-comet-preview=\"message\" data-ad-preview=\"message\">\n<div class=\"j83agx80 cbu4d94t ew0dbk1b irj2b8pg\">\n<div class=\"qzhwtbm6 knvmm38d\">\n<div class=\"kvgmc6g5 cxmmr5t8 oygrvhab hcukyx3x c1et5uql ii04i59q\">\n<div dir=\"auto\">Dende la Lliga Celta d&#8217;Asturies tenemos el preste de presentavos el <a href=\"https:\/\/l.facebook.com\/l.php?u=https%3A%2F%2Flookaside.fbsbx.com%2Ffile%2FASTOR%252019%252C%2520A%25C3%2591U%25202021.pdf%3Ftoken%3DAWy8PSsV0K_6ddKqgWoiaWRfxNOXXQYvgZSQbFavZ_xxeRjA1ONg54FDI6pmuuZeA2RQxBjPZ05uJMwd0J8cjsWHC9s3qwusWhtp2my8v0FinZ6Vg5-AyjBA5pRbotSZqt75YfBzZ1htxYUUcyDXtzV3zdzoDcrdUewXCG9flgOXxB-726vz5UeG2xde-2WpolhGGu3NaWgnzluxswXvS4O6q0C07hSZiomlzpYRT2_a3jpjVzwTlxlfkYqIAtH5cCq-_wPGI_rly-F4n9zMAc0bZgUFyL8B2729guBZPe6GA6BwNVKTV9Rhf5NLEBJUuvpAm8XytxD0L0vCBuzfhqMpgOAUyqkKw12ZgXLAzqBOeZIFyWNUlqhmuilY4LgfX6qu2um4ecTJmlOb9orhqvhxtrGexsI11Nf9Va_B1JjZQZT7U2FApPwk5ta1Niv23g8mudKnqqQntezft24RE3Hw7QVsgoGwGmqVTimPS17lIeColcRksLlPZ5VcXQHGl2CWIVKsWp_bmkE0lhIeJqXPc1iCRxkWWRLfEDX1BLyY_f9aEwEm0iaPwo08zDrGBaB46ny0tn7r_zHrg-IG2g30qVpPlKo1E8nrxKYAnXg-_A&amp;h=AT1wAi03HvITmg9IATKj30ILYDWZ7oKFso4-vnLnoCiXGMe_GQAJyGJt9ap5ca5pIheBMwYv44UQvP0b3VDxxRSellXjhhG9M7niewApNjH4kugqL6qdBeujqA6sOzQgoSWAtk55oHhSDdo&amp;__tn__=H-R&amp;c[0]=AT3O915XoA9HbaMCzkz4qOMwaUVIJwF_SqeucntoEq_bdvUMJSJGm_yN7yDfGThoDjZrvCwRjNfsajuwpCPzjHsBU9Qng0J19u-wSv0H5AUVrqrKBA4MaGrz3jZJLPOMCboqWrHSNuK-SVvaodb_3yBnB-u6s_KHe0tkgmsqegV3oQ8Cx_5hc6pPlGJINAEEDIA8AVJkfUrTUdPS6KLiNKojS5rrt2vk\"><strong><em>n\u00famberu 19 de la revista ASTOR<\/em><\/strong><\/a>. El costu de la revista ye de 0,00\u20ac, nam\u00e1 ten\u00e9is que<a href=\"https:\/\/l.facebook.com\/l.php?u=https%3A%2F%2Flookaside.fbsbx.com%2Ffile%2FASTOR%252019%252C%2520A%25C3%2591U%25202021.pdf%3Ftoken%3DAWy8PSsV0K_6ddKqgWoiaWRfxNOXXQYvgZSQbFavZ_xxeRjA1ONg54FDI6pmuuZeA2RQxBjPZ05uJMwd0J8cjsWHC9s3qwusWhtp2my8v0FinZ6Vg5-AyjBA5pRbotSZqt75YfBzZ1htxYUUcyDXtzV3zdzoDcrdUewXCG9flgOXxB-726vz5UeG2xde-2WpolhGGu3NaWgnzluxswXvS4O6q0C07hSZiomlzpYRT2_a3jpjVzwTlxlfkYqIAtH5cCq-_wPGI_rly-F4n9zMAc0bZgUFyL8B2729guBZPe6GA6BwNVKTV9Rhf5NLEBJUuvpAm8XytxD0L0vCBuzfhqMpgOAUyqkKw12ZgXLAzqBOeZIFyWNUlqhmuilY4LgfX6qu2um4ecTJmlOb9orhqvhxtrGexsI11Nf9Va_B1JjZQZT7U2FApPwk5ta1Niv23g8mudKnqqQntezft24RE3Hw7QVsgoGwGmqVTimPS17lIeColcRksLlPZ5VcXQHGl2CWIVKsWp_bmkE0lhIeJqXPc1iCRxkWWRLfEDX1BLyY_f9aEwEm0iaPwo08zDrGBaB46ny0tn7r_zHrg-IG2g30qVpPlKo1E8nrxKYAnXg-_A&amp;h=AT1wAi03HvITmg9IATKj30ILYDWZ7oKFso4-vnLnoCiXGMe_GQAJyGJt9ap5ca5pIheBMwYv44UQvP0b3VDxxRSellXjhhG9M7niewApNjH4kugqL6qdBeujqA6sOzQgoSWAtk55oHhSDdo&amp;__tn__=H-R&amp;c[0]=AT3O915XoA9HbaMCzkz4qOMwaUVIJwF_SqeucntoEq_bdvUMJSJGm_yN7yDfGThoDjZrvCwRjNfsajuwpCPzjHsBU9Qng0J19u-wSv0H5AUVrqrKBA4MaGrz3jZJLPOMCboqWrHSNuK-SVvaodb_3yBnB-u6s_KHe0tkgmsqegV3oQ8Cx_5hc6pPlGJINAEEDIA8AVJkfUrTUdPS6KLiNKojS5rrt2vk\"><strong><em> descargala equ\u00ed (pdf)<\/em><\/strong>,<\/a> lleela y esfrutala y, si gust\u00f3vos&#8230; compartila!<\/div>\n<div dir=\"auto\"><\/div>\n<div dir=\"auto\">Nesti exemplar vais atopar 7 escelentes art\u00edculos ilustraos con 97 ilustraciones y escritos en 3 idiomes: asturianu, espa\u00f1ol ya ingl\u00e9s.<\/div>\n<div dir=\"auto\">Los art\u00edculos son los siguientes:<\/div>\n<ul>\n<li><em>Los pe\u00f1es de la Ed\u00e1 del Fierro<\/em><\/li>\n<li><em>El harpa celta en Asturies<\/em><\/li>\n<li><em>Antecedentes del celtismu asturianu nes fontes escrites sieglos XVI-XIX<\/em><\/li>\n<li><em>L&#8217;Home Verde en Asturies. Reportaxe fotogrt\u00e1fico<br \/>\n<\/em><\/li>\n<li><em>La llingua celta irlandesa<\/em><\/li>\n<li><em>Los \u00e1stures seg\u00fan les fontes grecorromanes<\/em><\/li>\n<li><em>La mio madre ll\u00e1mame<\/em><\/li>\n<\/ul>\n<\/div>\n<\/div>\n<\/div>\n<\/div>\n<\/div>\n<p><!--more--><\/p>\n<p><strong><em>\u00a0<\/em><\/strong>\n<!-- iframe plugin v.6.0 wordpress.org\/plugins\/iframe\/ -->\n<iframe loading=\"lazy\" src=\"https:\/\/drive.google.com\/file\/d\/169fWdLkaUJK-cPKGNinpQ0fk-GCW2YeV\/preview\" width=\"640\" height=\"900\" 0=\"\/iframe\" scrolling=\"yes\" class=\"iframe-class\" frameborder=\"0\"><\/iframe>\n<\/p>\n<div class=\"\" dir=\"auto\">\n<div id=\"jsc_c_hj\" class=\"ecm0bbzt hv4rvrfc ihqw7lf3 dati1w0a\" data-ad-comet-preview=\"message\" data-ad-preview=\"message\">\n<div class=\"j83agx80 cbu4d94t ew0dbk1b irj2b8pg\">\n<div class=\"qzhwtbm6 knvmm38d\">\n<div class=\"kvgmc6g5 cxmmr5t8 oygrvhab hcukyx3x c1et5uql ii04i59q\">\n<div dir=\"auto\"><em><strong>Los art\u00edculos son los siguientes:<\/strong><\/em><\/div>\n<ul>\n<li><em>Los pe\u00f1es de la Ed\u00e1 del Fierro, escritu pol doctor en arqueolog\u00eda Alfonso Fanjul Peraza.<\/em><\/li>\n<li><em>El harpa celta en Asturies, escritu pol m\u00fasicu y music\u00f3logu, Daniel Garc\u00eda de la Cuesta.<\/em><\/li>\n<li><em>Antecedentes del celtismu asturianu nes fontes escrites sieglos XVI-XIX, escritu por Fonsu S\u00e1nchez, director de la revista Celtica.<\/em><\/li>\n<li><em>L&#8217;Home Verde en Asturies. Reportaxe fotogrt\u00e1fico realiz\u00e1u por Carmen Mor\u00e1n, investigadora etnogr\u00e1fica y miembru de la Lliga Celta d&#8217;Asturies.<\/em><\/li>\n<li><em>La llingua celta irlandesa, escritu pol doctor Ciar\u00e1n Mac D\u00e1bh\u00ed, profesor d&#8217;irland\u00e9s na universid\u00e1 de Cork, Irlanda.<\/em><\/li>\n<li><em>Los \u00e1stures seg\u00fan les fontes grecorromanes, escritu por Fern\u00e1n Mor\u00e1n, presidente de la Lliga Celta d&#8217;Asturies.<\/em><\/li>\n<li><em>La mio madre ll\u00e1mame, escritu por Cristobo de Milio Carr\u00edn, investigador etnogr\u00e1ficu de la Fundaci\u00f3n Belenos.<\/em><\/li>\n<\/ul>\n<\/div>\n<\/div>\n<\/div>\n<\/div>\n<\/div>\n<p>&nbsp;<\/p>\n","protected":false},"excerpt":{"rendered":"<p>Lliga Celta d&#8217;Asturies. Blogue Dende la Lliga Celta d&#8217;Asturies tenemos el preste de presentavos el n\u00famberu 19 de la revista ASTOR. El costu de la revista ye de 0,00\u20ac, nam\u00e1 ten\u00e9is que descargala equ\u00ed (pdf), lleela y esfrutala y, si gust\u00f3vos&#8230; compartila! Nesti exemplar vais atopar 7 escelentes art\u00edculos ilustraos con 97 ilustraciones y escritos [&hellip;]<\/p>\n","protected":false},"author":117,"featured_media":0,"comment_status":"open","ping_status":"open","sticky":false,"template":"","format":"standard","meta":{"footnotes":""},"categories":[5],"tags":[],"class_list":["post-454","post","type-post","status-publish","format-standard","hentry","category-revistes","post-preview"],"_links":{"self":[{"href":"https:\/\/edublog.educastur.es\/llingua\/wp-json\/wp\/v2\/posts\/454","targetHints":{"allow":["GET"]}}],"collection":[{"href":"https:\/\/edublog.educastur.es\/llingua\/wp-json\/wp\/v2\/posts"}],"about":[{"href":"https:\/\/edublog.educastur.es\/llingua\/wp-json\/wp\/v2\/types\/post"}],"author":[{"embeddable":true,"href":"https:\/\/edublog.educastur.es\/llingua\/wp-json\/wp\/v2\/users\/117"}],"replies":[{"embeddable":true,"href":"https:\/\/edublog.educastur.es\/llingua\/wp-json\/wp\/v2\/comments?post=454"}],"version-history":[{"count":2,"href":"https:\/\/edublog.educastur.es\/llingua\/wp-json\/wp\/v2\/posts\/454\/revisions"}],"predecessor-version":[{"id":456,"href":"https:\/\/edublog.educastur.es\/llingua\/wp-json\/wp\/v2\/posts\/454\/revisions\/456"}],"wp:attachment":[{"href":"https:\/\/edublog.educastur.es\/llingua\/wp-json\/wp\/v2\/media?parent=454"}],"wp:term":[{"taxonomy":"category","embeddable":true,"href":"https:\/\/edublog.educastur.es\/llingua\/wp-json\/wp\/v2\/categories?post=454"},{"taxonomy":"post_tag","embeddable":true,"href":"https:\/\/edublog.educastur.es\/llingua\/wp-json\/wp\/v2\/tags?post=454"}],"curies":[{"name":"wp","href":"https:\/\/api.w.org\/{rel}","templated":true}]}}