{"id":494,"date":"2021-03-05T10:40:17","date_gmt":"2021-03-05T08:40:17","guid":{"rendered":"https:\/\/edublog.educastur.es\/llingua\/?p=494"},"modified":"2021-03-07T20:48:57","modified_gmt":"2021-03-07T18:48:57","slug":"selmana-de-les-lletres","status":"publish","type":"post","link":"https:\/\/edublog.educastur.es\/llingua\/selmana-de-les-lletres\/","title":{"rendered":"42 SELMANA DE LES LLETRES ASTURIANES: NEL AMAROS"},"content":{"rendered":"<ul>\n<li><strong><em>Fonte: <a href=\"https:\/\/www.facebook.com\/politicallinguistica\/\"><span style=\"color: #800000\">Pol\u00edtica lling\u00fc\u00edstica del Princip\u00e1u d\u00b4Asturies<\/span><\/a><\/em><\/strong><\/li>\n<\/ul>\n<div class=\"o9v6fnle cxmmr5t8 oygrvhab hcukyx3x c1et5uql ii04i59q\">\n<div dir=\"auto\">La programaci\u00f3n de la Selmana de les Lletres, prevista pa la primer selmana de mayu de 2021, va incluyir dos esposiciones y la presentaci\u00f3n de dos llibros y un documental sobre la vida y la obra de Nel Amaro. La Conseyer\u00eda de Cultura, Pol\u00edtica Lling\u00fc\u00edstica y Turismu fai homenaxe al escritor de Mieres coincidiendo colos diez a\u00f1os de la so muerte y los 75 del so nacimientu. Les actividaes van tar coordinaes pol escritor y profesor <strong>Xandru Fern\u00e1ndez.<\/strong><\/div>\n<\/div>\n<ul>\n<li>\n<h1><a href=\"https:\/\/www.lavozdeasturias.es\/noticia\/agora\/2021\/03\/06\/selmana-lletres-homenaxea-escritor-nel-amaro\/00031615029741668267215.htm?utm_source=twitter&amp;utm_medium=referral&amp;utm_campaign=twgen_a&amp;fbclid=IwAR0ViSru23HsH6qQXjpwNQ73hmK0opSzkNLZeMousBj-I4Hntfg7ikni4J4\"><span style=\"font-size: 14pt\">Fo<\/span><\/a><a href=\"https:\/\/www.lavozdeasturias.es\/noticia\/agora\/2021\/03\/06\/selmana-lletres-homenaxea-escritor-nel-amaro\/00031615029741668267215.htm?utm_source=twitter&amp;utm_medium=referral&amp;utm_campaign=twgen_a&amp;fbclid=IwAR0ViSru23HsH6qQXjpwNQ73hmK0opSzkNLZeMousBj-I4Hntfg7ikni4J4\"><span style=\"font-size: 14pt\">nte: La Voz de Asturias: La Selmana de les Lletres homenaxea al escritor Nel Amaro<\/span><\/a><\/h1>\n<\/li>\n<\/ul>\n<h1 style=\"text-align: center\"><span style=\"font-size: 14pt;color: #808080\">L&#8217;homenaxe coincide col d\u00e9cimu aniversariu de la muerte del artista y colos 75 a\u00f1os de la so nacencia<\/span><\/h1>\n<p>La<strong> Selmana de les Lletres Asturianes<\/strong> va incluyir na programaci\u00f3n de la so 42 edici\u00f3n la organizaci\u00f3n de dos esposiciones y la presentaci\u00f3n d\u2019un documental y de dos llibros sobre la vida y la obra de <strong>Nel Amaro<\/strong>, iniciatives preparaes a costafecha pa la ocasi\u00f3n. La Conseyer\u00eda de Cultura, Pol\u00edtica Lling\u00fc\u00edstica y Turismu fai homenaxe nesta edici\u00f3n de la Selmana al escritor de Mieres coincidiendo colos diez a\u00f1os de la so muerte y los 75 del so nacimientu.<\/p>\n<p><!--more--><\/p>\n<p>Les actividaes, como ye tradici\u00f3n, van programase na primer selmana de mayu d\u2019esti a\u00f1u, y nesta 42 edici\u00f3n van tar empobinaes pol escritor y profesor<strong> Xandru Fern\u00e1ndez<\/strong>, quien s\u2019encarga de coordinar les publicaciones y principales conten\u00edos del homenaxe institucional y ciudadanu a la figura de Nel Amaro.<\/p>\n<p>Los dos llibros que la Direcci\u00f3n Xeneral de Pol\u00edtica Lling\u00fc\u00edstica va publicar con motivu del homenaxe, van ser una estensa<strong> antolox\u00eda de la obra<\/strong> de Nel Amaro, seleccionada y comentada por Xandru Fern\u00e1ndez, y un volumen colectivu qu\u2019incl\u00fai art\u00edculos d\u2019escritores y investigadores sobre l\u2019escritor y el so tiempu, igual que material gr\u00e1fico abondo.<\/p>\n<p>La Conseyer\u00eda de Cultura ta trabayando na preparaci\u00f3n de les actividaes de la Selmana de les Lletres Asturianes cola colaboraci\u00f3n de dellos colectivos, instituciones, creadores y investigadores, y especialmente en coordinaci\u00f3n con <strong>LlABoral Centru d\u2019Arte<\/strong> y los conceyos de Mieres y Lena, a los que Nel Amaro tuvo especialmente vincul\u00e1u.<\/p>\n<p>Nel Amaro (1946-2011) axunta a la so faceta de creador lliterariu la condici\u00f3n de persona activa y determinante na vida social y cultural d\u2019Asturies. Novelista, dramaturgu, editor de revistes, autor de performances o introductor de la poes\u00eda visual n\u2019Asturies, Nel Amaro ye \u00fan de los escritores m\u00e1s vers\u00e1tiles y prol\u00edficos de la <strong>lliteratura asturiana moderna<\/strong>.<\/p>\n<p>\u00dan de los oxetivos principales de la Selmana de les Lletres Asturianes ye la recuperaci\u00f3n y espardimientu d\u2019un autor o autora, p\u2019amestar el so nome a la n\u00f3mina de los cl\u00e1sicos de la lliteratura asturiana. N\u2019ediciones anteriores fueron homenaxaos, ente otros, Ant\u00f3n de Marirreguera, Xosefa Xovellanos, Xuan Mar\u00eda Acebal, Mar\u00eda Josefa Canellada, Enriqueta Gonz\u00e1lez Rub\u00edn, M\u00e1nfer de la Llera o Mar\u00eda Teresa Villaverde,\u00a0Tuxa.<\/p>\n<div class=\"kvgmc6g5 cxmmr5t8 oygrvhab hcukyx3x c1et5uql ii04i59q\"><\/div>\n<div class=\"o9v6fnle cxmmr5t8 oygrvhab hcukyx3x c1et5uql ii04i59q\">\n<div dir=\"auto\" style=\"text-align: center\"><img loading=\"lazy\" decoding=\"async\" class=\"alignnone size-full\" src=\"https:\/\/scontent.fmad7-1.fna.fbcdn.net\/v\/t1.0-9\/158253613_2891976437751119_6696109963169457550_n.jpg?_nc_cat=110&amp;ccb=1-3&amp;_nc_sid=730e14&amp;_nc_ohc=GKt17PxK96YAX9lkCcd&amp;_nc_ht=scontent.fmad7-1.fna&amp;oh=fbd347fec2d3f4b0891ade458904f6cb&amp;oe=606BC072\" width=\"526\" height=\"781\" \/><\/div>\n<\/div>\n","protected":false},"excerpt":{"rendered":"<p>Fonte: Pol\u00edtica lling\u00fc\u00edstica del Princip\u00e1u d\u00b4Asturies La programaci\u00f3n de la Selmana de les Lletres, prevista pa la primer selmana de mayu de 2021, va incluyir dos esposiciones y la presentaci\u00f3n de dos llibros y un documental sobre la vida y la obra de Nel Amaro. La Conseyer\u00eda de Cultura, Pol\u00edtica Lling\u00fc\u00edstica y Turismu fai homenaxe [&hellip;]<\/p>\n","protected":false},"author":117,"featured_media":0,"comment_status":"open","ping_status":"open","sticky":false,"template":"","format":"standard","meta":{"footnotes":""},"categories":[3],"tags":[],"class_list":["post-494","post","type-post","status-publish","format-standard","hentry","category-selmana-de-les-lletres","post-preview"],"_links":{"self":[{"href":"https:\/\/edublog.educastur.es\/llingua\/wp-json\/wp\/v2\/posts\/494","targetHints":{"allow":["GET"]}}],"collection":[{"href":"https:\/\/edublog.educastur.es\/llingua\/wp-json\/wp\/v2\/posts"}],"about":[{"href":"https:\/\/edublog.educastur.es\/llingua\/wp-json\/wp\/v2\/types\/post"}],"author":[{"embeddable":true,"href":"https:\/\/edublog.educastur.es\/llingua\/wp-json\/wp\/v2\/users\/117"}],"replies":[{"embeddable":true,"href":"https:\/\/edublog.educastur.es\/llingua\/wp-json\/wp\/v2\/comments?post=494"}],"version-history":[{"count":4,"href":"https:\/\/edublog.educastur.es\/llingua\/wp-json\/wp\/v2\/posts\/494\/revisions"}],"predecessor-version":[{"id":499,"href":"https:\/\/edublog.educastur.es\/llingua\/wp-json\/wp\/v2\/posts\/494\/revisions\/499"}],"wp:attachment":[{"href":"https:\/\/edublog.educastur.es\/llingua\/wp-json\/wp\/v2\/media?parent=494"}],"wp:term":[{"taxonomy":"category","embeddable":true,"href":"https:\/\/edublog.educastur.es\/llingua\/wp-json\/wp\/v2\/categories?post=494"},{"taxonomy":"post_tag","embeddable":true,"href":"https:\/\/edublog.educastur.es\/llingua\/wp-json\/wp\/v2\/tags?post=494"}],"curies":[{"name":"wp","href":"https:\/\/api.w.org\/{rel}","templated":true}]}}