{"id":512,"date":"2021-03-30T01:18:35","date_gmt":"2021-03-29T23:18:35","guid":{"rendered":"https:\/\/edublog.educastur.es\/llingua\/?p=512"},"modified":"2021-03-30T01:18:52","modified_gmt":"2021-03-29T23:18:52","slug":"convocaes-les-pruebes-de-certificacion-de-llingua-asturiana-del-anu-2021-niveles-b2-y-c1","status":"publish","type":"post","link":"https:\/\/edublog.educastur.es\/llingua\/convocaes-les-pruebes-de-certificacion-de-llingua-asturiana-del-anu-2021-niveles-b2-y-c1\/","title":{"rendered":"Convocaes les pruebes de certificaci\u00f3n de llingua asturiana del a\u00f1u 2021: niveles B2 y C1"},"content":{"rendered":"<div class=\"\" dir=\"auto\">\n<div id=\"jsc_c_g\" class=\"ecm0bbzt hv4rvrfc ihqw7lf3 dati1w0a\" data-ad-comet-preview=\"message\" data-ad-preview=\"message\">\n<div class=\"j83agx80 cbu4d94t ew0dbk1b irj2b8pg\">\n<div class=\"qzhwtbm6 knvmm38d\">\n<div class=\"kvgmc6g5 cxmmr5t8 oygrvhab hcukyx3x c1et5uql ii04i59q\">\n<div dir=\"auto\"><\/div>\n<\/div>\n<div class=\"o9v6fnle cxmmr5t8 oygrvhab hcukyx3x c1et5uql ii04i59q\">\n<div dir=\"auto\" style=\"text-align: center\"><a href=\"https:\/\/imgbox.es\/images\/2021\/03\/30\/mcer14e8e63e9d0a02be.jpg\"><img loading=\"lazy\" decoding=\"async\" class=\"alignnone\" src=\"https:\/\/imgbox.es\/images\/2021\/03\/30\/mcer14e8e63e9d0a02be.jpg\" alt=\"\" width=\"392\" height=\"310\" \/><\/a><\/div>\n<div dir=\"auto\">Nel Bolet\u00edn Oficial del Princip\u00e1u d\u2019Asturies de g\u00fcei, 22 de marzu, publ\u00edcase la convocatoria de pruebes de certificaci\u00f3n de llingua asturiana del a\u00f1u 2021 nel Princip\u00e1u d\u2019asturies, ofreci\u00e9ndose la posibilid\u00e1 de certficaci\u00f3n de los niveles B2 y C1. Estos t\u00edtulos t\u00e1n adaptaos al Marcu Com\u00fan de Referencia Europ\u00e9u (MCRE) de les Lling\u00fces.<\/div>\n<div dir=\"auto\"><\/div>\n<\/div>\n<div class=\"o9v6fnle cxmmr5t8 oygrvhab hcukyx3x c1et5uql ii04i59q\">\n<div dir=\"auto\">La Conseyer\u00eda d\u2019Educaci\u00f3n abre esti a\u00f1u\u2019l nivel avanz\u00e1u C1 de certificaci\u00f3n de Llingua Asturiana, depu\u00e9s del \u00e9xitu rexistr\u00e1u l&#8217;a\u00f1u pas\u00e1u col primer exame del B2.<\/div>\n<div dir=\"auto\"><\/div>\n<\/div>\n<div class=\"o9v6fnle cxmmr5t8 oygrvhab hcukyx3x c1et5uql ii04i59q\">\n<div dir=\"auto\">Am\u00e1s, increment\u00f3se a 600 el m\u00e1ximu de persones que pueden presentase al exame (300 persones pal B2 y 300 pal C1). El Princip\u00e1u da asina respuesta al elev\u00e1u inter\u00e9s qu&#8217;estes pruebes espertaron na ciudadan\u00eda. <strong>Plazu d\u2019inscripci\u00f3n: del 5 al 16 d\u2019abril<\/strong>.<\/div>\n<div dir=\"auto\"><\/div>\n<div dir=\"auto\">M\u00e1s informaci\u00f3n nel enllaz <a class=\"oajrlxb2 g5ia77u1 qu0x051f esr5mh6w e9989ue4 r7d6kgcz rq0escxv nhd2j8a9 nc684nl6 p7hjln8o kvgmc6g5 cxmmr5t8 oygrvhab hcukyx3x jb3vyjys rz4wbd8a qt6c0cv9 a8nywdso i1ao9s8h esuyzwwr f1sip0of lzcic4wl py34i1dx gpro0wi8\" role=\"link\" href=\"https:\/\/www.educastur.es\/-\/pruebas-de-certificacion-de-lengua-asturiana-2021-convocatoria?fbclid=IwAR1rIVjN3zvNHPB0-GwxXqI6zTkbLi6Fz5iivNLoMZoSI_IuPqHioUtNLgU\" target=\"_blank\" rel=\"nofollow noopener\">https:\/\/www.educastur.es\/&#8230;\/pruebas-de-certificacion-de&#8230;<\/a><\/div>\n<\/div>\n<\/div>\n<\/div>\n<\/div>\n<\/div>\n","protected":false},"excerpt":{"rendered":"<p>Nel Bolet\u00edn Oficial del Princip\u00e1u d\u2019Asturies de g\u00fcei, 22 de marzu, publ\u00edcase la convocatoria de pruebes de certificaci\u00f3n de llingua asturiana del a\u00f1u 2021 nel Princip\u00e1u d\u2019asturies, ofreci\u00e9ndose la posibilid\u00e1 de certficaci\u00f3n de los niveles B2 y C1. Estos t\u00edtulos t\u00e1n adaptaos al Marcu Com\u00fan de Referencia Europ\u00e9u (MCRE) de les Lling\u00fces. La Conseyer\u00eda d\u2019Educaci\u00f3n [&hellip;]<\/p>\n","protected":false},"author":117,"featured_media":0,"comment_status":"open","ping_status":"open","sticky":false,"template":"","format":"standard","meta":{"footnotes":""},"categories":[6],"tags":[],"class_list":["post-512","post","type-post","status-publish","format-standard","hentry","category-b2","post-preview"],"_links":{"self":[{"href":"https:\/\/edublog.educastur.es\/llingua\/wp-json\/wp\/v2\/posts\/512","targetHints":{"allow":["GET"]}}],"collection":[{"href":"https:\/\/edublog.educastur.es\/llingua\/wp-json\/wp\/v2\/posts"}],"about":[{"href":"https:\/\/edublog.educastur.es\/llingua\/wp-json\/wp\/v2\/types\/post"}],"author":[{"embeddable":true,"href":"https:\/\/edublog.educastur.es\/llingua\/wp-json\/wp\/v2\/users\/117"}],"replies":[{"embeddable":true,"href":"https:\/\/edublog.educastur.es\/llingua\/wp-json\/wp\/v2\/comments?post=512"}],"version-history":[{"count":3,"href":"https:\/\/edublog.educastur.es\/llingua\/wp-json\/wp\/v2\/posts\/512\/revisions"}],"predecessor-version":[{"id":516,"href":"https:\/\/edublog.educastur.es\/llingua\/wp-json\/wp\/v2\/posts\/512\/revisions\/516"}],"wp:attachment":[{"href":"https:\/\/edublog.educastur.es\/llingua\/wp-json\/wp\/v2\/media?parent=512"}],"wp:term":[{"taxonomy":"category","embeddable":true,"href":"https:\/\/edublog.educastur.es\/llingua\/wp-json\/wp\/v2\/categories?post=512"},{"taxonomy":"post_tag","embeddable":true,"href":"https:\/\/edublog.educastur.es\/llingua\/wp-json\/wp\/v2\/tags?post=512"}],"curies":[{"name":"wp","href":"https:\/\/api.w.org\/{rel}","templated":true}]}}