{"id":518,"date":"2021-04-16T15:00:57","date_gmt":"2021-04-16T13:00:57","guid":{"rendered":"https:\/\/edublog.educastur.es\/llingua\/?p=518"},"modified":"2021-05-08T13:02:35","modified_gmt":"2021-05-08T11:02:35","slug":"estatutos-de-lalla","status":"publish","type":"post","link":"https:\/\/edublog.educastur.es\/llingua\/estatutos-de-lalla\/","title":{"rendered":"Estatutos de l\u00b4ALLA"},"content":{"rendered":"<p style=\"text-align: center\"><img loading=\"lazy\" decoding=\"async\" class=\"alignnone \" src=\"https:\/\/asturies.com\/sites\/default\/files\/logo_acom_5.png\" width=\"415\" height=\"49\" \/><\/p>\n<ul>\n<li class=\"title page-title\"><a href=\"https:\/\/asturies.com\/noticies\/el-gobiernu-actualiza-los-estatutos-de-lalla?fbclid=IwAR2tWQPVRCY1VWNW9LIzOj2ECiGDuLNONn_Lc8308r8P9GSxw_RlFreLbpg\"><span style=\"font-size: 14pt\"><em><strong>ASTURIES.COM: El Gobiernu actualiza los estatutos de l\u2019ALLA<\/strong><\/em><\/span><\/a>,\u00a0 <a class=\"username\" title=\"Ver perfil de usuario.\" href=\"https:\/\/asturies.com\/user\/632\">Pablo R. Guardado<\/a><\/li>\n<\/ul>\n<div class=\"region region-content\">\n<div id=\"block-system-main\" class=\"block block-system\">\n<div class=\"block-inner\">\n<div class=\"content\">\n<div id=\"node-51401\" class=\"node node-noticies node-promoted clearfix\">\n<div class=\"node-inner\">\n<div class=\"full-node\">\n<div class=\"content clearfix\">\n<div class=\"field field-name-body field-type-text-with-summary field-label-hidden\">\n<div class=\"field-items\">\n<div class=\"field-item even\">El Conseyu de Gobiernu d\u2019esti vienres aprob\u00f3 una modificaci\u00f3n de los estatutos de l\u2019<a href=\"http:\/\/www.academiadelallingua.com\/\">Academia de la Llingua Asturiana (ALLA)<\/a>, que daten del a\u00f1u 1995. La raz\u00f3n d\u2019esti cambiu ta na necesid\u00e1 d&#8217;una \u201cuna regulaci\u00f3n adaptada a la normativa actual en dellos \u00e1mbitos, como la tresparencia, la financiaci\u00f3n o el llinguaxe incluyente\u201d.<!--more--><\/p>\n<p>Seg\u00fan espliquen dende l\u2019Executivu, \u201cla norma define con mayor clarid\u00e1 los fines d\u2019esta corporaci\u00f3n de derechu p\u00fablicu y tami\u00e9n determina cu\u00e1l ye\u2019l so llar social\u201d. D\u2019igual forma, especifica meyor \u201cel procedimientu pal nomamientu de los sos miembros de n\u00famberu, d\u2019honor y correspondientes, al tiempu qu\u2019afita les funciones de los sos \u00f3rganos\u201d, esto ye, la presidencia, la vicepresidencia la secretar\u00eda y l\u2019ayalguer\u00eda.Los <a href=\"http:\/\/www.academiadelallingua.com\/pdf\/estatutos.pdf\">estatutos actuales de l\u2019ALLA<\/a> son del 1995. La insituci\u00f3n acad\u00e9mica, creada por decretu del Conseyu Rexonal d\u2019Asturies, la instituci\u00f3n preauton\u00f3mica, 33\/1980, del 15\u2019avientu, tien ente les sos funciones la normativizaci\u00f3n del idioma, fomentar la investigaci\u00f3n y el so ense\u00f1u, y velar polos derechos lling\u00fc\u00edsticos de les asturianes y asturianos, ente otres cuestiones.<\/div>\n<\/div>\n<\/div>\n<\/div>\n<\/div>\n<\/div>\n<\/div>\n<\/div>\n<\/div>\n<\/div>\n<\/div>\n<p>&nbsp;<\/p>\n","protected":false},"excerpt":{"rendered":"<p>ASTURIES.COM: El Gobiernu actualiza los estatutos de l\u2019ALLA,\u00a0 Pablo R. Guardado El Conseyu de Gobiernu d\u2019esti vienres aprob\u00f3 una modificaci\u00f3n de los estatutos de l\u2019Academia de la Llingua Asturiana (ALLA), que daten del a\u00f1u 1995. La raz\u00f3n d\u2019esti cambiu ta na necesid\u00e1 d&#8217;una \u201cuna regulaci\u00f3n adaptada a la normativa actual en dellos \u00e1mbitos, como la [&hellip;]<\/p>\n","protected":false},"author":117,"featured_media":0,"comment_status":"open","ping_status":"open","sticky":false,"template":"","format":"standard","meta":{"footnotes":""},"categories":[4],"tags":[],"class_list":["post-518","post","type-post","status-publish","format-standard","hentry","category-alla","post-preview"],"_links":{"self":[{"href":"https:\/\/edublog.educastur.es\/llingua\/wp-json\/wp\/v2\/posts\/518","targetHints":{"allow":["GET"]}}],"collection":[{"href":"https:\/\/edublog.educastur.es\/llingua\/wp-json\/wp\/v2\/posts"}],"about":[{"href":"https:\/\/edublog.educastur.es\/llingua\/wp-json\/wp\/v2\/types\/post"}],"author":[{"embeddable":true,"href":"https:\/\/edublog.educastur.es\/llingua\/wp-json\/wp\/v2\/users\/117"}],"replies":[{"embeddable":true,"href":"https:\/\/edublog.educastur.es\/llingua\/wp-json\/wp\/v2\/comments?post=518"}],"version-history":[{"count":4,"href":"https:\/\/edublog.educastur.es\/llingua\/wp-json\/wp\/v2\/posts\/518\/revisions"}],"predecessor-version":[{"id":572,"href":"https:\/\/edublog.educastur.es\/llingua\/wp-json\/wp\/v2\/posts\/518\/revisions\/572"}],"wp:attachment":[{"href":"https:\/\/edublog.educastur.es\/llingua\/wp-json\/wp\/v2\/media?parent=518"}],"wp:term":[{"taxonomy":"category","embeddable":true,"href":"https:\/\/edublog.educastur.es\/llingua\/wp-json\/wp\/v2\/categories?post=518"},{"taxonomy":"post_tag","embeddable":true,"href":"https:\/\/edublog.educastur.es\/llingua\/wp-json\/wp\/v2\/tags?post=518"}],"curies":[{"name":"wp","href":"https:\/\/api.w.org\/{rel}","templated":true}]}}