{"id":524,"date":"2021-05-08T09:44:03","date_gmt":"2021-05-08T07:44:03","guid":{"rendered":"https:\/\/edublog.educastur.es\/llingua\/?p=524"},"modified":"2021-05-08T09:50:36","modified_gmt":"2021-05-08T07:50:36","slug":"524-2","status":"publish","type":"post","link":"https:\/\/edublog.educastur.es\/llingua\/524-2\/","title":{"rendered":"Poemes de Paz Garc\u00eda"},"content":{"rendered":"<ul>\n<li><a href=\"https:\/\/www.facebook.com\/104003354849104\/videos\/1947628598726547\">Enllaz<\/a><\/li>\n<li>Min 25:25 <a href=\"https:\/\/www.facebook.com\/pazitina\">Paz Garc\u00eda<\/a><\/li>\n<li>\n<h4 class=\"gmql0nx0 l94mrbxd p1ri9a11 lzcic4wl d2edcug0 hpfvmrgz\"><a href=\"https:\/\/www.facebook.com\/CWRU-Modern-Languages-and-Literatures-104003354849104\"><span class=\"d2edcug0 hpfvmrgz qv66sw1b c1et5uql lr9zc1uh a8c37x1j keod5gw0 nxhoafnm aigsh9s9 embtmqzv fe6kdd0r mau55g9w c8b282yb hrzyx87i m6dqt4wy h7mekvxk hnhda86s oo9gr5id hzawbc8m\" dir=\"auto\">CWRU Modern Languages and Literatures<\/span><\/a><\/h4>\n<\/li>\n<\/ul>\n<p><span class=\"d2edcug0 hpfvmrgz qv66sw1b c1et5uql lr9zc1uh a8c37x1j keod5gw0 nxhoafnm aigsh9s9 d3f4x2em fe6kdd0r mau55g9w c8b282yb iv3no6db jq4qci2q a3bd9o3v knj5qynh oo9gr5id\" dir=\"auto\">Por si vos resulta d&#8217;inter\u00e9s, g\u00fcei, D\u00eda de les Lletres Asturianes, toi invitada a participar nesti eventu internacional y multilling\u00fce organiz\u00e1u pol <a href=\"https:\/\/www.facebook.com\/CWRU-Modern-Languages-and-Literatures-104003354849104\"><span style=\"color: #008080\">Departamentu de Lling\u00fces Modernes de Case Western Reserve University, Cleveland (Ohio)<\/span><\/a>.\u00a0 Xunto con poetes d&#8217;otres lling\u00fces del mundu, recitar\u00e9 parte de la la mio obra po\u00e9tica n&#8217;asturianu. Tar\u00e1 acompa\u00f1\u00e1ndome como traductor al ingl\u00e9s, Daniel G. Granda, que los va declamar n&#8217;ingl\u00e9s. <\/span><\/p>\n<p style=\"text-align: center\">\n<!-- iframe plugin v.6.0 wordpress.org\/plugins\/iframe\/ -->\n<iframe loading=\"lazy\" src=\"https:\/\/www.facebook.com\/plugins\/video.php?height=314&#038;href=https%3A%2F%2Fwww.facebook.com%2F104003354849104%2Fvideos%2F1947628598726547%2F&#038;show_text=true&#038;width=560\" width=\"560\" height=\"429\" 0=\"\/iframe\" scrolling=\"yes\" class=\"iframe-class\" frameborder=\"0\"><\/iframe>\n<\/p>\n<div class=\"kvgmc6g5 cxmmr5t8 oygrvhab hcukyx3x c1et5uql ii04i59q\">\n<div dir=\"auto\">La serie de poemes que voi recitar nacen de la Sambre, Sambre pola perda de los seres amaos. A travi\u00e9s de la conex\u00f3n cola naturaleza, nacen los haikus sanadores d&#8217;hibiernu y primavera, qu&#8217;ayuden a que, g\u00fcei, equ\u00ed y agora, Candela esnale y torne a la vida.<\/div>\n<div dir=\"auto\"><!--more--><\/div>\n<\/div>\n<div dir=\"auto\"><\/div>\n<div dir=\"auto\"><img loading=\"lazy\" decoding=\"async\" class=\"size-full aligncenter\" src=\"https:\/\/imgbox.es\/images\/2021\/05\/08\/pazza6982796b51ab4cf.jpg\" width=\"715\" height=\"960\" \/><\/div>\n<p>&nbsp;<\/p>\n","protected":false},"excerpt":{"rendered":"<p>Enllaz Min 25:25 Paz Garc\u00eda CWRU Modern Languages and Literatures Por si vos resulta d&#8217;inter\u00e9s, g\u00fcei, D\u00eda de les Lletres Asturianes, toi invitada a participar nesti eventu internacional y multilling\u00fce organiz\u00e1u pol Departamentu de Lling\u00fces Modernes de Case Western Reserve University, Cleveland (Ohio).\u00a0 Xunto con poetes d&#8217;otres lling\u00fces del mundu, recitar\u00e9 parte de la la [&hellip;]<\/p>\n","protected":false},"author":117,"featured_media":0,"comment_status":"open","ping_status":"open","sticky":false,"template":"","format":"standard","meta":{"footnotes":""},"categories":[1],"tags":[],"class_list":["post-524","post","type-post","status-publish","format-standard","hentry","category-sin-categoria","post-preview"],"_links":{"self":[{"href":"https:\/\/edublog.educastur.es\/llingua\/wp-json\/wp\/v2\/posts\/524","targetHints":{"allow":["GET"]}}],"collection":[{"href":"https:\/\/edublog.educastur.es\/llingua\/wp-json\/wp\/v2\/posts"}],"about":[{"href":"https:\/\/edublog.educastur.es\/llingua\/wp-json\/wp\/v2\/types\/post"}],"author":[{"embeddable":true,"href":"https:\/\/edublog.educastur.es\/llingua\/wp-json\/wp\/v2\/users\/117"}],"replies":[{"embeddable":true,"href":"https:\/\/edublog.educastur.es\/llingua\/wp-json\/wp\/v2\/comments?post=524"}],"version-history":[{"count":3,"href":"https:\/\/edublog.educastur.es\/llingua\/wp-json\/wp\/v2\/posts\/524\/revisions"}],"predecessor-version":[{"id":527,"href":"https:\/\/edublog.educastur.es\/llingua\/wp-json\/wp\/v2\/posts\/524\/revisions\/527"}],"wp:attachment":[{"href":"https:\/\/edublog.educastur.es\/llingua\/wp-json\/wp\/v2\/media?parent=524"}],"wp:term":[{"taxonomy":"category","embeddable":true,"href":"https:\/\/edublog.educastur.es\/llingua\/wp-json\/wp\/v2\/categories?post=524"},{"taxonomy":"post_tag","embeddable":true,"href":"https:\/\/edublog.educastur.es\/llingua\/wp-json\/wp\/v2\/tags?post=524"}],"curies":[{"name":"wp","href":"https:\/\/api.w.org\/{rel}","templated":true}]}}