{"id":529,"date":"2021-05-07T09:00:02","date_gmt":"2021-05-07T07:00:02","guid":{"rendered":"https:\/\/edublog.educastur.es\/llingua\/?p=529"},"modified":"2021-05-08T18:54:11","modified_gmt":"2021-05-08T16:54:11","slug":"dia-de-les-lletres-asturies-2021","status":"publish","type":"post","link":"https:\/\/edublog.educastur.es\/llingua\/dia-de-les-lletres-asturies-2021\/","title":{"rendered":"D\u00eda de les Lletres Asturies 2021"},"content":{"rendered":"<p style=\"text-align: center\">\n<!-- iframe plugin v.6.0 wordpress.org\/plugins\/iframe\/ -->\n<iframe loading=\"lazy\" src=\"https:\/\/www.facebook.com\/plugins\/video.php?height=314&#038;href=https%3A%2F%2Fwww.facebook.com%2FPlayPresta%2Fvideos%2F211326717190617%2F&#038;show_text=true&#038;width=560\" width=\"560\" height=\"429\" 0=\"\/iframe\" scrolling=\"yes\" class=\"iframe-class\" frameborder=\"0\"><\/iframe>\n<\/p>\n<p><span class=\"d2edcug0 hpfvmrgz qv66sw1b c1et5uql lr9zc1uh a8c37x1j keod5gw0 nxhoafnm aigsh9s9 d3f4x2em fe6kdd0r mau55g9w c8b282yb iv3no6db jq4qci2q a3bd9o3v knj5qynh oo9gr5id hzawbc8m\" dir=\"auto\">Avil\u00e9s celebra&#8217;l <strong><span style=\"color: #008080\">D\u00eda de les Lletres Asturies 2021<\/span> <\/strong>con una gala virtual dende&#8217;l Teatru Palacio Vald\u00e9s. Entama: Estaya de la Llingua del Conceyu d&#8217;Avil\u00e9s.<\/span><\/p>\n<ul>\n<li><a href=\"https:\/\/www.facebook.com\/PlayPresta\/videos\/211326717190617\">Enllaz<\/a><\/li>\n<\/ul>\n<p style=\"text-align: center\"><a href=\"https:\/\/www.rtpa.es\/audio:20al%20d%C3%ADa_1620376553.html?fbclid=IwAR0gNtn8QC5bwiUEybXogrekRSERciMYzEwzzcfd0bZ1JycqK025xh7004E\"><img loading=\"lazy\" decoding=\"async\" class=\"alignnone\" src=\"https:\/\/www.rtpa.es\/fotos\/\/16\/04\/871461311525_asturiasaldia.jpg\" alt=\"\" width=\"440\" height=\"248\" \/><\/a><\/p>\n<p style=\"text-align: center\"><a href=\"https:\/\/www.rtpa.es\/audio:20al%20d%C3%ADa_1620376553.html?fbclid=IwAR0gNtn8QC5bwiUEybXogrekRSERciMYzEwzzcfd0bZ1JycqK025xh7004E\"><strong><em><span style=\"font-size: 14pt\">Escucha\u00b4l\u00a0 audio<\/span><\/em><\/strong><\/a><\/p>\n<p>Coincidiendo col D\u00eda de les Lletres Asturianes, g\u00fcey particien en Asturies Al D\u00eda el m\u00fasicu Xune Elipe, la escritora Esther Garc\u00eda, el empresariu Inaciu Iglesias y el periodista y profesor Inaciu Gal\u00e1n.<\/p>\n","protected":false},"excerpt":{"rendered":"<p>Avil\u00e9s celebra&#8217;l D\u00eda de les Lletres Asturies 2021 con una gala virtual dende&#8217;l Teatru Palacio Vald\u00e9s. Entama: Estaya de la Llingua del Conceyu d&#8217;Avil\u00e9s. Enllaz Escucha\u00b4l\u00a0 audio Coincidiendo col D\u00eda de les Lletres Asturianes, g\u00fcey particien en Asturies Al D\u00eda el m\u00fasicu Xune Elipe, la escritora Esther Garc\u00eda, el empresariu Inaciu Iglesias y el periodista [&hellip;]<\/p>\n","protected":false},"author":117,"featured_media":0,"comment_status":"open","ping_status":"open","sticky":false,"template":"","format":"standard","meta":{"footnotes":""},"categories":[1],"tags":[],"class_list":["post-529","post","type-post","status-publish","format-standard","hentry","category-sin-categoria","post-preview"],"_links":{"self":[{"href":"https:\/\/edublog.educastur.es\/llingua\/wp-json\/wp\/v2\/posts\/529","targetHints":{"allow":["GET"]}}],"collection":[{"href":"https:\/\/edublog.educastur.es\/llingua\/wp-json\/wp\/v2\/posts"}],"about":[{"href":"https:\/\/edublog.educastur.es\/llingua\/wp-json\/wp\/v2\/types\/post"}],"author":[{"embeddable":true,"href":"https:\/\/edublog.educastur.es\/llingua\/wp-json\/wp\/v2\/users\/117"}],"replies":[{"embeddable":true,"href":"https:\/\/edublog.educastur.es\/llingua\/wp-json\/wp\/v2\/comments?post=529"}],"version-history":[{"count":6,"href":"https:\/\/edublog.educastur.es\/llingua\/wp-json\/wp\/v2\/posts\/529\/revisions"}],"predecessor-version":[{"id":580,"href":"https:\/\/edublog.educastur.es\/llingua\/wp-json\/wp\/v2\/posts\/529\/revisions\/580"}],"wp:attachment":[{"href":"https:\/\/edublog.educastur.es\/llingua\/wp-json\/wp\/v2\/media?parent=529"}],"wp:term":[{"taxonomy":"category","embeddable":true,"href":"https:\/\/edublog.educastur.es\/llingua\/wp-json\/wp\/v2\/categories?post=529"},{"taxonomy":"post_tag","embeddable":true,"href":"https:\/\/edublog.educastur.es\/llingua\/wp-json\/wp\/v2\/tags?post=529"}],"curies":[{"name":"wp","href":"https:\/\/api.w.org\/{rel}","templated":true}]}}