{"id":532,"date":"2021-05-08T09:54:33","date_gmt":"2021-05-08T07:54:33","guid":{"rendered":"https:\/\/edublog.educastur.es\/llingua\/?p=532"},"modified":"2021-05-08T09:54:53","modified_gmt":"2021-05-08T07:54:53","slug":"sobro-la-calida-de-la-lliteratura-nasturianu","status":"publish","type":"post","link":"https:\/\/edublog.educastur.es\/llingua\/sobro-la-calida-de-la-lliteratura-nasturianu\/","title":{"rendered":"Sobro la calid\u00e1 de la lliteratura n&#8217;asturianu"},"content":{"rendered":"<ul>\n<li class=\"font-size-xxl margin-b-5 font-weight-b color-b-050 letter-spacing--1\"><a href=\"https:\/\/www.rtpa.es\/noticias-sociedad-ast:Pi%C3%83%C2%B1an-subraya-que-la-calidad-de-la-literatura-en-asturiano-'se-defiende-sola'_111620041981.html?fbclid=IwAR2E6lA2iLFoI0_oJLCVLtsd_QtkPAGsfMvzL_8z1MxPUburTVAvw8oacsQ\">RTPA: Pi\u00f1\u00e1n sorraya que la calid\u00e1 de la lliteratura n&#8217;asturianu &#8216;def\u00e9ndese sola&#8217;<\/a><\/li>\n<\/ul>\n<section class=\"contenido pull-top-contenido\">\n<div class=\"container\">\n<div class=\"row\">\n<div class=\"col-lg-8 col-md-12 col-xs-12\">\n<div id=\"noticiacompleta\" class=\"contenido-padding-resp parragraph-padding font-c-conent\">\n<h4 class=\"font-size-l padding-b-20\" style=\"text-align: center\"><span style=\"color: #008080\"><em>Inauguraci\u00f3n de la 42 Selmana de les Lletres Asturianes en Mieres<\/em><\/span><\/h4>\n<p>La conseyera de Cultura, Pol\u00edtica Lling\u00fc\u00edstica y Turismu, Berta Pi\u00f1\u00e1n, afirm\u00f3 esti llunes que la calid\u00e1 de la lliteratura n&#8217;asturianu \u00abdef\u00e9ndese sola\u00bb gracies al cam\u00edn \u00abde calid\u00e1 y escelencia\u00bb que percorri\u00f3 a lo llargo de les \u00faltimes d\u00e9cades.<\/p>\n<p>Pi\u00f1\u00e1n, quien inaugur\u00f3 g\u00fcei la 42 Selmana de les Lletres Asturianes, nun actu celebr\u00e1u na Casa de Cultura Teodoro Cuesta de Mieres, tami\u00e9n dio puxu a \u00abla funci\u00f3n perimportante\u00bb que tuvo la lliteratura n&#8217;asturianu nel procesu de normalizacion lling\u00fc\u00edstica.<\/p>\n<p><!--more--><\/p>\n<p>La Selmana de les Lletres Asturianes ta dedicada angua\u00f1o al escritor y artista mierense Nel Amaro, del que la conseyera destac\u00f3 la so figura como \u00abaxitador cultural\u00bb, y el so leg\u00e1u de relevante influencia pa xeneraciones posteriores.<\/p>\n<p>Nel actu d&#8217;apertura de la Selmana de les Lletres present\u00f3se&#8217;l llibru \u00abPruebes d\u2019autor: les siete vides de Nel Amaro\u00bb, coordin\u00e1u por Xandru Fern\u00e1ndez, proxect\u00f3se un documental sobre l&#8217;escritor mierense y am\u00e1s inaugur\u00f3se una esposici\u00f3n sobre la so figura.<\/p>\n<p>Pi\u00f1\u00e1n detall\u00f3 tami\u00e9n el restu de la programaci\u00f3n de la Selmana que, am\u00e1s de los actos d&#8217;homenaxe a Nel Amaro, incl\u00fai&#8217;l \u00abConciertu de les Lletres\u00bb, nel que la Orquesta Sinf\u00f3nica del Princip\u00e1u (OSPA) va interpretar pieces de compositores asturianos; l&#8217;Homenaxe \u00e1s nosas lletras, que se va celebrar na Casa de la Cultura d&#8217;As Figueiras (Castropol), o&#8217;l sestu concursu de microrrellatos improvisaos n&#8217;asturianu, que va tener llugar el vienres, D\u00eda les Lletres Asturianes, en Llaboral Centru d&#8217;Arte.<\/p>\n<\/div>\n<\/div>\n<div class=\"col-lg-4 col-md-12 col-xs-12\">\n<div class=\"cover-intro-detalle-noticia\">\n<div class=\"display-t table-layout-f width-0100\"><\/div>\n<\/div>\n<div id=\"ctd-noticias-relacionadas\"><\/div>\n<div class=\"margin-t-20 margin-b-20\"><\/div>\n<\/div>\n<\/div>\n<\/div>\n<\/section>\n<p>&nbsp;<\/p>\n","protected":false},"excerpt":{"rendered":"<p>RTPA: Pi\u00f1\u00e1n sorraya que la calid\u00e1 de la lliteratura n&#8217;asturianu &#8216;def\u00e9ndese sola&#8217; Inauguraci\u00f3n de la 42 Selmana de les Lletres Asturianes en Mieres La conseyera de Cultura, Pol\u00edtica Lling\u00fc\u00edstica y Turismu, Berta Pi\u00f1\u00e1n, afirm\u00f3 esti llunes que la calid\u00e1 de la lliteratura n&#8217;asturianu \u00abdef\u00e9ndese sola\u00bb gracies al cam\u00edn \u00abde calid\u00e1 y escelencia\u00bb que percorri\u00f3 a [&hellip;]<\/p>\n","protected":false},"author":117,"featured_media":0,"comment_status":"open","ping_status":"open","sticky":false,"template":"","format":"standard","meta":{"footnotes":""},"categories":[7,3],"tags":[],"class_list":["post-532","post","type-post","status-publish","format-standard","hentry","category-rtpa","category-selmana-de-les-lletres","post-preview"],"_links":{"self":[{"href":"https:\/\/edublog.educastur.es\/llingua\/wp-json\/wp\/v2\/posts\/532","targetHints":{"allow":["GET"]}}],"collection":[{"href":"https:\/\/edublog.educastur.es\/llingua\/wp-json\/wp\/v2\/posts"}],"about":[{"href":"https:\/\/edublog.educastur.es\/llingua\/wp-json\/wp\/v2\/types\/post"}],"author":[{"embeddable":true,"href":"https:\/\/edublog.educastur.es\/llingua\/wp-json\/wp\/v2\/users\/117"}],"replies":[{"embeddable":true,"href":"https:\/\/edublog.educastur.es\/llingua\/wp-json\/wp\/v2\/comments?post=532"}],"version-history":[{"count":3,"href":"https:\/\/edublog.educastur.es\/llingua\/wp-json\/wp\/v2\/posts\/532\/revisions"}],"predecessor-version":[{"id":535,"href":"https:\/\/edublog.educastur.es\/llingua\/wp-json\/wp\/v2\/posts\/532\/revisions\/535"}],"wp:attachment":[{"href":"https:\/\/edublog.educastur.es\/llingua\/wp-json\/wp\/v2\/media?parent=532"}],"wp:term":[{"taxonomy":"category","embeddable":true,"href":"https:\/\/edublog.educastur.es\/llingua\/wp-json\/wp\/v2\/categories?post=532"},{"taxonomy":"post_tag","embeddable":true,"href":"https:\/\/edublog.educastur.es\/llingua\/wp-json\/wp\/v2\/tags?post=532"}],"curies":[{"name":"wp","href":"https:\/\/api.w.org\/{rel}","templated":true}]}}