{"id":536,"date":"2021-05-07T08:50:52","date_gmt":"2021-05-07T06:50:52","guid":{"rendered":"https:\/\/edublog.educastur.es\/llingua\/?p=536"},"modified":"2021-05-08T10:20:05","modified_gmt":"2021-05-08T08:20:05","slug":"dia-de-les-lletres-ofiaiclida","status":"publish","type":"post","link":"https:\/\/edublog.educastur.es\/llingua\/dia-de-les-lletres-ofiaiclida\/","title":{"rendered":"D\u00eda de les lletres&#8230; Oficialid\u00e1!"},"content":{"rendered":"<ul>\n<li><a href=\"https:\/\/www.facebook.com\/inaciuiglesias\/videos\/10225838138848444\">Enllaz<\/a><\/li>\n<\/ul>\n<p style=\"text-align: center\">\n<!-- iframe plugin v.6.0 wordpress.org\/plugins\/iframe\/ -->\n<iframe loading=\"lazy\" src=\"https:\/\/www.facebook.com\/plugins\/video.php?height=316&#038;href=https%3A%2F%2Fwww.facebook.com%2Finaciuiglesias%2Fvideos%2F10225838138848444%2F&#038;show_text=true&#038;width=560\" width=\"560\" height=\"431\" 0=\"\/iframe\" scrolling=\"yes\" class=\"iframe-class\" frameborder=\"0\"><\/iframe>\n<\/p>\n<p>&nbsp;<\/p>\n<p style=\"text-align: center\"><img loading=\"lazy\" decoding=\"async\" class=\"alignnone \" src=\"https:\/\/asturies.com\/sites\/default\/files\/logo_acom_5.png\" width=\"449\" height=\"53\" \/><\/p>\n<p style=\"text-align: center\"><a href=\"https:\/\/asturies.com\/noticies\/la-diversida-ye-un-patrimoniu-enxamas-un-peligru-diz-rubiera?fbclid=IwAR1K2y0V1VicROD3lkhQCVv2LRy1ZpCDMl3QAol2KhgntoofuuNLvIQemto\">Actu nel teatru Campoamor d\u00b4Uvi\u00e9u, Pablo Guardado<\/a><\/p>\n<p>\u201cDefendamos la nuesa cultura y la nuesa llingua\u201d, encament\u00f3 Pilar Rubiera nel XLII D\u00eda de les Lletres Asturianes. La periodista, acad\u00e9mica d\u2019honor nueva, defendi\u00f3 la oficialid\u00e1 del asturianu y afirm\u00f3 qu\u2019en 40 a\u00f1os n\u2019Asturies \u201cnun se fixo una pol\u00edtica lling\u00fc\u00edstica clara y decidida pa garantizar la so sobrevivencia\u201d.<\/p>\n<p><!--more--><\/p>\n<p style=\"text-align: center\"><img loading=\"lazy\" decoding=\"async\" class=\"alignnone size-full\" src=\"https:\/\/asturies.com\/sites\/default\/files\/styles\/large\/public\/pilar_rubiera_nel_xlii_dia_de_les_lletres_asturienes_recortada.jpg?itok=93f-IzY5\" width=\"458\" height=\"317\" \/><\/p>\n<p>\u201cA lo llargo del tiempu tuvi nesti actu la mayor\u00eda de les vegaes como periodista y n\u2019otres ocasiones como ciudadana implicada na defensa de la llingua. Facelo g\u00fcei como acad\u00e9mica d\u2019honor ye un privilexu y do-y les gracies a toles persones que d\u2019un mou o otru m\u2019ense\u00f1aron a amar al asturianu y quixeron que g\u00fcei tea nesti quer\u00edu escenariu del Campoamor\u201d, entam\u00f3 Rubiera na so intervenci\u00f3n, na que record\u00f3 que nel mundu \u201chai unes 5.000 lling\u00fces, hasta va poco yeren 20.000, y Asturies tien una\u201d.<\/p>\n<p>Sicas\u00ed, apunt\u00f3 que de los 300.000 falantes qu\u2019afiten los estudios sociolling\u00fc\u00edsticos \u201cmunchos t\u00e1n morriendo, tenemos a polos menos dos xeneraciones de mozos pel mundu, colo qu\u2019esto significa de distanciamiento del pa\u00eds d\u2019orixe, y la llingua nun ta afitada na normalid\u00e1 ciudadana. Y toos sabemos que la comunicaci\u00f3n oral ye l\u2019oxetivu cimeru d\u2019una llingua. Y una llingua ye un paisaxe \u00fanicu, ye nuesa, ye lo qu\u2019heredamos de los nuesos mayores, forma parte de la cultura de nueso, descr\u00edbenos, retrata\u2019l nuesu mundu\u201d, a\u00f1adi\u00f3.<\/p>\n<p>Como periodista, Rubiera pudo conocer les dificultaes del asturianu nos caberos 40 a\u00f1os, \u201cy tengo bien claro que la diversid\u00e1 ye un patrimoniu, enxam\u00e1s un peligru\u201d. \u201cEntr\u00fagome entov\u00eda g\u00fcei c\u00f3mo ye posible que dalgunos asturianos renieguen d\u2019un elementu cultural que nos fai esceicionales. Nun conozo neng\u00fan territoriu nel que los sos responsables pol\u00edticos refuguen, como lo fixeron y entov\u00eda lo faen dalgunos, esta realid\u00e1. Utiliz\u00f3se la llingua como arma contra los dem\u00e1s, como ferramienta de divisi\u00f3n, ensin entender el so enorme valir, non s\u00f3lo cultural\u201d, llament\u00f3 darr\u00e9u.<\/p>\n<p><strong>El movimientu m\u00e1s importante de la segunda met\u00e1 del sieglu<\/strong><\/p>\n<p>Nel so discursu la uvie\u00edna, que desendolc\u00f3 la so trayeutoria profesional nel diariu &#8216;La Nueva Espa\u00f1a&#8217;, confes\u00f3 que \u201ctuvi grandes maestros n\u2019asturian\u00eda o asturianismu a lo llargo de la mio vida\u201d, de los que rescampl\u00f3 tr\u00e9s: Mar\u00eda Josefa Canellada, Pepe El Ferreiro y Pablo Ardisana. Llueu record\u00f3 l\u2019entamu de Conceyu Bable, apuntando que la manifestaci\u00f3n del 1976 \u201cfoi l\u2019iniciu del movimientu c\u00edvicu de reivindicaci\u00f3n lling\u00fc\u00edstica n\u2019Asturies, na mio opini\u00f3n, el movimientu cultural m\u00e1s importante de la segunda met\u00e1 del sieglu XX nel nuesu Princip\u00e1u\u201d.<\/p>\n<p>De l\u2019<a href=\"http:\/\/www.academiadelallingua.com\/\">Academia de la Llingua Asturiana<\/a> recampl\u00f3 la so \u201cxera d\u2019estudiu y ellaboraci\u00f3n de les ferramientes de la llingua, que foi y ye almirable\u201d nel entamu a un repasu d\u2019esos a\u00f1os hasta la Llei d\u2019Usu y la situaci\u00f3n d\u2019angua\u00f1o. Un momentu nel que, opina, \u201cla llingua tien una escasa visibilid\u00e1, a nun ser nel mediu rural\u201d.<\/p>\n<p>\u201c\u00bfQuier dicir que l\u2019asturianu ta muertu? Non, quier dicir que nun se fexo una pol\u00edtica lling\u00fc\u00edstica clara y decidida pa garantizar la so sobreviviencia. De xuru, porque tampoco hai un proyeutu pol\u00edticu y cultural n\u2019Asturies. La nuesa llingua ye minoritaria y cuerre un claru riesgu\u201d. Asina, \u201cpaezme sinceramente qu\u2019ensin oficialid\u00e1 l\u2019asturianu nun va poder salvase nes actuales circunstancies\u201d, una oficialid\u00e1 afayada a \u201cla realid\u00e1 cultural y social asturiana, y entov\u00eda asina, por s\u00ed sola, nun va ser abondo. Les lling\u00fces f\u00e1enles los falantes\u201d.<\/p>\n<p>Pa finar, encament\u00f3 a dexar \u201cde llau les duldes\u201d y dicir \u201cs\u00ed a les pallabres\u201d, aquelles que \u201cdefinen el mundu de nuesu\u201d. \u201cDefendamos la nuesa cultura y la nuesa llingua\u201d, reclam\u00f3 enantes de despidise con un \u201chaxa sal\u00fa\u201d al estilu del so quer\u00edu Pepe El Ferreiro.<\/p>\n<p>&nbsp;<\/p>\n","protected":false},"excerpt":{"rendered":"<p>Enllaz &nbsp; Actu nel teatru Campoamor d\u00b4Uvi\u00e9u, Pablo Guardado \u201cDefendamos la nuesa cultura y la nuesa llingua\u201d, encament\u00f3 Pilar Rubiera nel XLII D\u00eda de les Lletres Asturianes. La periodista, acad\u00e9mica d\u2019honor nueva, defendi\u00f3 la oficialid\u00e1 del asturianu y afirm\u00f3 qu\u2019en 40 a\u00f1os n\u2019Asturies \u201cnun se fixo una pol\u00edtica lling\u00fc\u00edstica clara y decidida pa garantizar la [&hellip;]<\/p>\n","protected":false},"author":117,"featured_media":0,"comment_status":"open","ping_status":"open","sticky":false,"template":"","format":"standard","meta":{"footnotes":""},"categories":[1],"tags":[],"class_list":["post-536","post","type-post","status-publish","format-standard","hentry","category-sin-categoria","post-preview"],"_links":{"self":[{"href":"https:\/\/edublog.educastur.es\/llingua\/wp-json\/wp\/v2\/posts\/536","targetHints":{"allow":["GET"]}}],"collection":[{"href":"https:\/\/edublog.educastur.es\/llingua\/wp-json\/wp\/v2\/posts"}],"about":[{"href":"https:\/\/edublog.educastur.es\/llingua\/wp-json\/wp\/v2\/types\/post"}],"author":[{"embeddable":true,"href":"https:\/\/edublog.educastur.es\/llingua\/wp-json\/wp\/v2\/users\/117"}],"replies":[{"embeddable":true,"href":"https:\/\/edublog.educastur.es\/llingua\/wp-json\/wp\/v2\/comments?post=536"}],"version-history":[{"count":4,"href":"https:\/\/edublog.educastur.es\/llingua\/wp-json\/wp\/v2\/posts\/536\/revisions"}],"predecessor-version":[{"id":541,"href":"https:\/\/edublog.educastur.es\/llingua\/wp-json\/wp\/v2\/posts\/536\/revisions\/541"}],"wp:attachment":[{"href":"https:\/\/edublog.educastur.es\/llingua\/wp-json\/wp\/v2\/media?parent=536"}],"wp:term":[{"taxonomy":"category","embeddable":true,"href":"https:\/\/edublog.educastur.es\/llingua\/wp-json\/wp\/v2\/categories?post=536"},{"taxonomy":"post_tag","embeddable":true,"href":"https:\/\/edublog.educastur.es\/llingua\/wp-json\/wp\/v2\/tags?post=536"}],"curies":[{"name":"wp","href":"https:\/\/api.w.org\/{rel}","templated":true}]}}