{"id":551,"date":"2021-05-06T10:00:48","date_gmt":"2021-05-06T08:00:48","guid":{"rendered":"https:\/\/edublog.educastur.es\/llingua\/?p=551"},"modified":"2021-05-08T10:22:30","modified_gmt":"2021-05-08T08:22:30","slug":"xlii-dia-de-les-lletres-asturianes","status":"publish","type":"post","link":"https:\/\/edublog.educastur.es\/llingua\/xlii-dia-de-les-lletres-asturianes\/","title":{"rendered":"XLII D\u00eda de les Lletres Asturianes"},"content":{"rendered":"<p><a href=\"http:\/\/www.formientu.com\/wp-content\/uploads\/2021\/05\/dia-les-lletres-alla-2021-696x365.png\"><img loading=\"lazy\" decoding=\"async\" class=\"aligncenter\" src=\"http:\/\/www.formientu.com\/wp-content\/uploads\/2021\/05\/dia-les-lletres-alla-2021-696x365.png\" alt=\"\" width=\"696\" height=\"365\" \/><\/a><\/p>\n<ul>\n<li><a href=\"http:\/\/www.formientu.com\/noticies\/el-campoamor-acueyel-dia-de-les-lletres-asturianes-cola-presentacion-dun-numberu-nuevu-de-lliteratura\/?fbclid=IwAR16HhACP5X9mNnWf9-eGMqgA96MkF2u0W4uKvSPYSCcqmZkpPmY0NvxxLY\">Noticia: Formientu<\/a><\/li>\n<\/ul>\n<h4 class=\"entry-title\"><em>El Campoamor acueye\u2019l D\u00eda de les Lletres Asturianes cola presentaci\u00f3n d\u2019un n\u00famberu nuevu de Lliteratura.<\/em><\/h4>\n<p>El D\u00eda de les Lletres Asturianes ye la <strong>xornada cola que los asturianos homenaxamos a la nuesa lliteratura<\/strong>. Vien celebr\u00e1ndose dende l\u2019a\u00f1u 1980 y enm\u00e1rcase na Selmana de les Lletres Asturianes. L\u2019Academia de la Llingua Asturiana entama nesti d\u00eda, que coincide col primer vienres de mayu, un actu oficial p\u00fablicu onde se fai homenaxe y vindicaci\u00f3n de la llingua asturiana per aciu de la so manifestaci\u00f3n lliteraria. N\u00e9l tien llugar una xunta estraordinaria de la instituci\u00f3n cola acoyida de nuevos acad\u00e9micos y el discursu presidencial.<\/p>\n<p><!--more--><\/p>\n\n<!-- iframe plugin v.6.0 wordpress.org\/plugins\/iframe\/ -->\n<iframe loading=\"lazy\" width=\"100%\" height=\"364\" src=\"https:\/\/www.youtube.com\/embed\/aVNe9iPayfc\" scrolling=\"yes\" class=\"iframe-class\" frameborder=\"0\"><\/iframe>\n\n<p>Ma\u00f1ana vienres d\u00eda 7 de mayu, a les 12 hores, el Teatru Campoamor d\u2019Uvi\u00e9u va volver a acoyer el<strong> D\u00eda de les Lletres Asturianes<\/strong>, na so 42a. edici\u00f3n. Nesti actu, qu\u2019enmarca a la Xunta Estraordinaria de l\u2019Academia de la Llingua Asturiana, dar\u00e1se acoyida al nuevu Acad\u00e9micu Correspondiente, l\u2019escritor <a href=\"https:\/\/ast.wikipedia.org\/wiki\/Xandru_Martino_Ruz\"><strong>Xandru Martino Ruz<\/strong><\/a>, y a la nueva Acad\u00e9mica d\u2019Honor, la periodista <a href=\"https:\/\/twitter.com\/pilarrubiera?lang=es\"><strong>Pilar Rubiera Alonso<\/strong><\/a>.<\/p>\n<p>El pieslle d\u2019esti 42u. D\u00eda de les Lletres Asturianes pondr\u00e1lu, como tolos a\u00f1os, el discursu institucional del Presidente de l\u2019Academia, Xos\u00e9 Ant\u00f3n Gonz\u00e1lez Ria\u00f1o. La conductora del actu va ser la periodista Sonia Avellaneda y l\u2019entamu y el pieslle musical van tar al cargu del coru Cantos del Font\u00e1n, dirix\u00edu por Rebeca Velasco.<\/p>\n<p>Am\u00e1s, como ye vezu, el D\u00eda de les Lletres cel\u00e9brase tami\u00e9n col asoleyamientu d\u2019un n\u00famberu nuevu de <strong>Lliteratura, el 37, dedic\u00e1u a la traducci\u00f3n.<\/strong> Nel actu, restrinx\u00edu y desendolc\u00e1u baxo mid\u00edes preventives, ta confirmada l\u2019asistencia de les m\u00e1ximes autoridaes en representaci\u00f3n de los \u00e1mbitos acad\u00e9micu, pol\u00edticu y social d\u2019Asturies, cola participaci\u00f3n de miembros del Gobiernu asturianu, grupos parllamentarios na Xunta Xeneral, alcald\u00edes, sindicatos y delles personalidaes de la vida cultural del pa\u00eds. Esti D\u00eda de les Lletres, retresmit\u00edu en direuto, va poder siguise pela Radio y la Televisi\u00f3n del Princip\u00e1u d\u2019Asturies.<\/p>\n<hr \/>\n<p>La 42 Selmana de les Lletres Asturianes cel\u00e9brase ente\u2019l 3 y el 7 de mayu pr\u00f3ximos. Baxo\u2019l lema \u00abNel Amaro, la voz comprometida\u00bb, y cola coordinaci\u00f3n de Xandru Fern\u00e1ndez, la Selmana rinde homenaxe al escritor y artista mierense coincidiendo colos diez a\u00f1os de la so muerte y los 75 de la so nacencia.<\/p>\n<p>La Direcci\u00f3n Xeneral de Pol\u00edtica Lling\u00fc\u00edstica ellabor\u00f3 una programaci\u00f3n alredor a l\u2019activid\u00e1 creadora tan estensa de Nel Amaro cola mira de reivindicar la figura humana y art\u00edstica del escritor mierense. Asina, la obra conmemorativa de la 42 Selmana de les Lletres va ser Pruebes d\u2019autor.<\/p>\n<p>Les siete vides de Nel Amaro, un llibru integr\u00e1u por siete art\u00edculos sobre Nel Amaro y el contestu cultural, social y pol\u00edticu de la so obra, qu\u2019incluye am\u00e1s material gr\u00e1fico abondo. Esti llibru, que se va presentar nel actu inaugural de la Selmana, va repartise de baldre ente quien compre un llibru o discu n\u2019asturianu\u2019l d\u00eda 7 de mayu, D\u00eda del Llibru Asturianu.<\/p>\n\n<!-- iframe plugin v.6.0 wordpress.org\/plugins\/iframe\/ -->\n<iframe loading=\"lazy\" width=\"100%\" height=\"364\" src=\"https:\/\/www.youtube.com\/embed\/09yj3NR8g6Y\" scrolling=\"yes\" class=\"iframe-class\" frameborder=\"0\"><\/iframe>\n\n","protected":false},"excerpt":{"rendered":"<p>Noticia: Formientu El Campoamor acueye\u2019l D\u00eda de les Lletres Asturianes cola presentaci\u00f3n d\u2019un n\u00famberu nuevu de Lliteratura. El D\u00eda de les Lletres Asturianes ye la xornada cola que los asturianos homenaxamos a la nuesa lliteratura. Vien celebr\u00e1ndose dende l\u2019a\u00f1u 1980 y enm\u00e1rcase na Selmana de les Lletres Asturianes. L\u2019Academia de la Llingua Asturiana entama nesti [&hellip;]<\/p>\n","protected":false},"author":117,"featured_media":0,"comment_status":"open","ping_status":"open","sticky":false,"template":"","format":"standard","meta":{"footnotes":""},"categories":[9],"tags":[],"class_list":["post-551","post","type-post","status-publish","format-standard","hentry","category-dia-de","post-preview"],"_links":{"self":[{"href":"https:\/\/edublog.educastur.es\/llingua\/wp-json\/wp\/v2\/posts\/551","targetHints":{"allow":["GET"]}}],"collection":[{"href":"https:\/\/edublog.educastur.es\/llingua\/wp-json\/wp\/v2\/posts"}],"about":[{"href":"https:\/\/edublog.educastur.es\/llingua\/wp-json\/wp\/v2\/types\/post"}],"author":[{"embeddable":true,"href":"https:\/\/edublog.educastur.es\/llingua\/wp-json\/wp\/v2\/users\/117"}],"replies":[{"embeddable":true,"href":"https:\/\/edublog.educastur.es\/llingua\/wp-json\/wp\/v2\/comments?post=551"}],"version-history":[{"count":2,"href":"https:\/\/edublog.educastur.es\/llingua\/wp-json\/wp\/v2\/posts\/551\/revisions"}],"predecessor-version":[{"id":553,"href":"https:\/\/edublog.educastur.es\/llingua\/wp-json\/wp\/v2\/posts\/551\/revisions\/553"}],"wp:attachment":[{"href":"https:\/\/edublog.educastur.es\/llingua\/wp-json\/wp\/v2\/media?parent=551"}],"wp:term":[{"taxonomy":"category","embeddable":true,"href":"https:\/\/edublog.educastur.es\/llingua\/wp-json\/wp\/v2\/categories?post=551"},{"taxonomy":"post_tag","embeddable":true,"href":"https:\/\/edublog.educastur.es\/llingua\/wp-json\/wp\/v2\/tags?post=551"}],"curies":[{"name":"wp","href":"https:\/\/api.w.org\/{rel}","templated":true}]}}