{"id":554,"date":"2021-05-05T10:00:24","date_gmt":"2021-05-05T08:00:24","guid":{"rendered":"https:\/\/edublog.educastur.es\/llingua\/?p=554"},"modified":"2021-05-08T10:29:36","modified_gmt":"2021-05-08T08:29:36","slug":"42-selmana-de-les-lletres-nel-amaro","status":"publish","type":"post","link":"https:\/\/edublog.educastur.es\/llingua\/42-selmana-de-les-lletres-nel-amaro\/","title":{"rendered":"42 Selmana de les lletres: Nel Amaro"},"content":{"rendered":"<ul>\n<li><a href=\"https:\/\/view.genial.ly\/60755b1e4402f20d4fd0fb27\/presentation-nel-amaro?fbclid=IwAR112qJiBIU6CO-cU3aLnKJYAX7iVtRDCvhVm6TDwZiBeeZ9ILYSQmxYIgg\">Genial.ly IXIX\u00d3N<\/a><\/li>\n<\/ul>\n<p><span class=\"d2edcug0 hpfvmrgz qv66sw1b c1et5uql lr9zc1uh a8c37x1j keod5gw0 nxhoafnm aigsh9s9 d3f4x2em fe6kdd0r mau55g9w c8b282yb iv3no6db jq4qci2q a3bd9o3v knj5qynh oo9gr5id hzawbc8m\" dir=\"auto\">Esti a\u00f1u cel\u00e9brase baxo&#8217;l lema <strong><em>&#8216;Nel Amaro, la voz comprometida&#8217;<\/em> <\/strong>y rinde homenaxe al escritor y artista mierense coindiciendo colos diez a\u00f1os de la so muerte.<\/span><\/p>\n\n<!-- iframe plugin v.6.0 wordpress.org\/plugins\/iframe\/ -->\n<iframe loading=\"lazy\" frameborder=\"0\" width=\"600px\" height=\"338px\" src=\"https:\/\/view.genial.ly\/60755b1e4402f20d4fd0fb27\" type=\"text\/html\" allowscriptaccess=\"always\" allowfullscreen=\"true\" scrolling=\"yes\" allownetworking=\"all\" 0=\"\/iframe\" class=\"iframe-class\"><\/iframe>\n\n<ul>\n<li><a href=\"https:\/\/www.facebook.com\/ofillin\">Fonte: Oficina Normalizaci\u00f3n Lling\u00fc\u00edstica de Xix\u00f3n<\/a><\/li>\n<\/ul>\n<p><!--more--><\/p>\n<ul>\n<li><a href=\"https:\/\/vimeo.com\/545980195\">Videu en Vimeo<\/a><\/li>\n<\/ul>\n\n<!-- iframe plugin v.6.0 wordpress.org\/plugins\/iframe\/ -->\n<iframe loading=\"lazy\" src=\"https:\/\/player.vimeo.com\/video\/545980195\" width=\"640\" height=\"360\" frameborder=\"0\" allowfullscreen=\"allowfullscreen\" data-mce-fragment=\"1\" 0=\"\/iframe\" scrolling=\"yes\" class=\"iframe-class\"><\/iframe>\n\n<p>&nbsp;<\/p>\n","protected":false},"excerpt":{"rendered":"<p>Genial.ly IXIX\u00d3N Esti a\u00f1u cel\u00e9brase baxo&#8217;l lema &#8216;Nel Amaro, la voz comprometida&#8217; y rinde homenaxe al escritor y artista mierense coindiciendo colos diez a\u00f1os de la so muerte. Fonte: Oficina Normalizaci\u00f3n Lling\u00fc\u00edstica de Xix\u00f3n<\/p>\n","protected":false},"author":117,"featured_media":0,"comment_status":"open","ping_status":"open","sticky":false,"template":"","format":"standard","meta":{"footnotes":""},"categories":[3],"tags":[],"class_list":["post-554","post","type-post","status-publish","format-standard","hentry","category-selmana-de-les-lletres","post-preview"],"_links":{"self":[{"href":"https:\/\/edublog.educastur.es\/llingua\/wp-json\/wp\/v2\/posts\/554","targetHints":{"allow":["GET"]}}],"collection":[{"href":"https:\/\/edublog.educastur.es\/llingua\/wp-json\/wp\/v2\/posts"}],"about":[{"href":"https:\/\/edublog.educastur.es\/llingua\/wp-json\/wp\/v2\/types\/post"}],"author":[{"embeddable":true,"href":"https:\/\/edublog.educastur.es\/llingua\/wp-json\/wp\/v2\/users\/117"}],"replies":[{"embeddable":true,"href":"https:\/\/edublog.educastur.es\/llingua\/wp-json\/wp\/v2\/comments?post=554"}],"version-history":[{"count":2,"href":"https:\/\/edublog.educastur.es\/llingua\/wp-json\/wp\/v2\/posts\/554\/revisions"}],"predecessor-version":[{"id":556,"href":"https:\/\/edublog.educastur.es\/llingua\/wp-json\/wp\/v2\/posts\/554\/revisions\/556"}],"wp:attachment":[{"href":"https:\/\/edublog.educastur.es\/llingua\/wp-json\/wp\/v2\/media?parent=554"}],"wp:term":[{"taxonomy":"category","embeddable":true,"href":"https:\/\/edublog.educastur.es\/llingua\/wp-json\/wp\/v2\/categories?post=554"},{"taxonomy":"post_tag","embeddable":true,"href":"https:\/\/edublog.educastur.es\/llingua\/wp-json\/wp\/v2\/tags?post=554"}],"curies":[{"name":"wp","href":"https:\/\/api.w.org\/{rel}","templated":true}]}}