{"id":560,"date":"2021-05-08T11:42:07","date_gmt":"2021-05-08T09:42:07","guid":{"rendered":"https:\/\/edublog.educastur.es\/llingua\/?p=560"},"modified":"2021-08-21T18:06:03","modified_gmt":"2021-08-21T16:06:03","slug":"musicasturiana-com","status":"publish","type":"post","link":"https:\/\/edublog.educastur.es\/llingua\/musicasturiana-com\/","title":{"rendered":"Musicasturiana.com"},"content":{"rendered":"<p style=\"text-align: center\"><a href=\"https:\/\/musicasturiana.com\/\"><img loading=\"lazy\" decoding=\"async\" class=\"aligncenter wp-image-625 size-full\" src=\"http:\/\/edublog.educastur.es\/llingua\/files\/2021\/05\/musicastu.png\" alt=\"\" width=\"578\" height=\"87\" srcset=\"https:\/\/edublog.educastur.es\/llingua\/files\/2021\/05\/musicastu.png 578w, https:\/\/edublog.educastur.es\/llingua\/files\/2021\/05\/musicastu-300x45.png 300w\" sizes=\"auto, (max-width: 578px) 100vw, 578px\" \/><\/a><\/p>\n<ul>\n<li><a href=\"https:\/\/musicasturiana.com\"><strong>Web<\/strong><\/a><\/li>\n<\/ul>\n<p><span class=\"d2edcug0 hpfvmrgz qv66sw1b c1et5uql lr9zc1uh a8c37x1j keod5gw0 nxhoafnm aigsh9s9 d3f4x2em fe6kdd0r mau55g9w c8b282yb iv3no6db jq4qci2q a3bd9o3v knj5qynh oo9gr5id\" dir=\"auto\"> Un espaciu d\u2019informaci\u00f3n y an\u00e1lisis alredor de la m\u00fasica d\u2019espresi\u00f3n asturiana. Asina va ser el mediu de comunicaci\u00f3n que vamos crear dientro de <a class=\"oajrlxb2 g5ia77u1 qu0x051f esr5mh6w e9989ue4 r7d6kgcz rq0escxv nhd2j8a9 nc684nl6 p7hjln8o kvgmc6g5 cxmmr5t8 oygrvhab hcukyx3x jb3vyjys rz4wbd8a qt6c0cv9 a8nywdso i1ao9s8h esuyzwwr f1sip0of lzcic4wl py34i1dx gpro0wi8\" role=\"link\" href=\"http:\/\/musicasturiana.com\/?fbclid=IwAR2IYfvm1hUS5EMap2I3qH1Nwh2cvrdRQ_NH4oEnwaDag__8xF2CQjHLOAA\" target=\"_blank\" rel=\"nofollow noopener\">musicasturiana.com<\/a> <span class=\"pq6dq46d tbxw36s4 knj5qynh kvgmc6g5 ditlmg2l oygrvhab nvdbi5me sf5mxxl7 gl3lb2sf hhz5lgdu\"><img loading=\"lazy\" decoding=\"async\" src=\"https:\/\/static.xx.fbcdn.net\/images\/emoji.php\/v9\/t8e\/1\/16\/1f5de.png\" alt=\"?\" width=\"16\" height=\"16\" \/><\/span> Un diariu dixital con noticies, reportaxes, entrevistes, cr\u00f3niques, art\u00edculos d&#8217;opini\u00f3n, rese\u00f1es&#8230;\u00a0Tami\u00e9n un contenedor de conten\u00edos audiovisuales musicales\u00a0 Y una axenda pa recoyer los eventos rellacionaos cola m\u00fasica del pa\u00eds.<\/span><\/p>\n<p><span class=\"d2edcug0 hpfvmrgz qv66sw1b c1et5uql lr9zc1uh a8c37x1j keod5gw0 nxhoafnm aigsh9s9 d3f4x2em fe6kdd0r mau55g9w c8b282yb iv3no6db jq4qci2q a3bd9o3v knj5qynh oo9gr5id\" dir=\"auto\"><!--more--><br \/>\nPa poder financiar esti proyectu profesional, nun quer\u00edemos sacar un crowdfunding al usu, asina que n\u00f3s facemos lo de tola vida, \u201cpasar el cepillu\u201d. Pues sofitanos asoci\u00e1ndote y, si lo faes enantes del 20 de mayu, va salite a un preciu m\u00e1s ama\u00f1osu.<br \/>\n<\/span><\/p>\n<ul>\n<li>Sofitu 15\/ 30 \/ 60 \u20ac<\/li>\n<li>A<span class=\"d2edcug0 hpfvmrgz qv66sw1b c1et5uql lr9zc1uh a8c37x1j keod5gw0 nxhoafnm aigsh9s9 d3f4x2em fe6kdd0r mau55g9w c8b282yb iv3no6db jq4qci2q a3bd9o3v knj5qynh oo9gr5id\" dir=\"auto\">s\u00f3ciate en <a class=\"oajrlxb2 g5ia77u1 qu0x051f esr5mh6w e9989ue4 r7d6kgcz rq0escxv nhd2j8a9 nc684nl6 p7hjln8o kvgmc6g5 cxmmr5t8 oygrvhab hcukyx3x jb3vyjys rz4wbd8a qt6c0cv9 a8nywdso i1ao9s8h esuyzwwr f1sip0of lzcic4wl py34i1dx gpro0wi8\" role=\"link\" href=\"https:\/\/bit.ly\/ma-asociate?fbclid=IwAR3p04OaNXPEFjt6oIqy0hzuoMrfxMhlifZezN0-RSUPfLgL5pwMTmOxTRs\" target=\"_blank\" rel=\"nofollow noopener\">http:\/\/bit.ly\/ma-asociate<\/a><\/span><\/li>\n<\/ul>\n<p style=\"text-align: center\">\n<!-- iframe plugin v.6.0 wordpress.org\/plugins\/iframe\/ -->\n<iframe loading=\"lazy\" src=\"https:\/\/drive.google.com\/file\/d\/1hEuitr42kV19wNpCwrvWCj88h_aRTKFA\/preview\" width=\"640\" height=\"900\" 0=\"\/iframe\" scrolling=\"yes\" class=\"iframe-class\" frameborder=\"0\"><\/iframe>\n<\/p>\n","protected":false},"excerpt":{"rendered":"<p>Web Un espaciu d\u2019informaci\u00f3n y an\u00e1lisis alredor de la m\u00fasica d\u2019espresi\u00f3n asturiana. Asina va ser el mediu de comunicaci\u00f3n que vamos crear dientro de musicasturiana.com Un diariu dixital con noticies, reportaxes, entrevistes, cr\u00f3niques, art\u00edculos d&#8217;opini\u00f3n, rese\u00f1es&#8230;\u00a0Tami\u00e9n un contenedor de conten\u00edos audiovisuales musicales\u00a0 Y una axenda pa recoyer los eventos rellacionaos cola m\u00fasica del pa\u00eds.<\/p>\n","protected":false},"author":117,"featured_media":0,"comment_status":"open","ping_status":"open","sticky":false,"template":"","format":"standard","meta":{"footnotes":""},"categories":[1],"tags":[],"class_list":["post-560","post","type-post","status-publish","format-standard","hentry","category-sin-categoria","post-preview"],"_links":{"self":[{"href":"https:\/\/edublog.educastur.es\/llingua\/wp-json\/wp\/v2\/posts\/560","targetHints":{"allow":["GET"]}}],"collection":[{"href":"https:\/\/edublog.educastur.es\/llingua\/wp-json\/wp\/v2\/posts"}],"about":[{"href":"https:\/\/edublog.educastur.es\/llingua\/wp-json\/wp\/v2\/types\/post"}],"author":[{"embeddable":true,"href":"https:\/\/edublog.educastur.es\/llingua\/wp-json\/wp\/v2\/users\/117"}],"replies":[{"embeddable":true,"href":"https:\/\/edublog.educastur.es\/llingua\/wp-json\/wp\/v2\/comments?post=560"}],"version-history":[{"count":8,"href":"https:\/\/edublog.educastur.es\/llingua\/wp-json\/wp\/v2\/posts\/560\/revisions"}],"predecessor-version":[{"id":627,"href":"https:\/\/edublog.educastur.es\/llingua\/wp-json\/wp\/v2\/posts\/560\/revisions\/627"}],"wp:attachment":[{"href":"https:\/\/edublog.educastur.es\/llingua\/wp-json\/wp\/v2\/media?parent=560"}],"wp:term":[{"taxonomy":"category","embeddable":true,"href":"https:\/\/edublog.educastur.es\/llingua\/wp-json\/wp\/v2\/categories?post=560"},{"taxonomy":"post_tag","embeddable":true,"href":"https:\/\/edublog.educastur.es\/llingua\/wp-json\/wp\/v2\/tags?post=560"}],"curies":[{"name":"wp","href":"https:\/\/api.w.org\/{rel}","templated":true}]}}