{"id":582,"date":"2021-05-27T19:25:45","date_gmt":"2021-05-27T17:25:45","guid":{"rendered":"https:\/\/edublog.educastur.es\/llingua\/?p=582"},"modified":"2021-05-27T19:25:45","modified_gmt":"2021-05-27T17:25:45","slug":"cultura-recuperal-catalogu-dixital-de-lliteratura-asturiana","status":"publish","type":"post","link":"https:\/\/edublog.educastur.es\/llingua\/cultura-recuperal-catalogu-dixital-de-lliteratura-asturiana\/","title":{"rendered":"Cultura recupera\u2019l cat\u00e1logu dixital de lliteratura asturiana"},"content":{"rendered":"<ul>\n<li><a href=\"http:\/\/www.formientu.com\/noticies\/cultura-recuperal-catalogu-dixital-de-lliteratura-asturiana\/?fbclid=IwAR2_FYSJsPPQYQF78RMEd2-BmnesKKmy5d6huEFd0SS-7tKoyEPd8Az3ovc\">Fonte noticia: Formientu.com<\/a><\/li>\n<li><a href=\"https:\/\/politicallinguistica.asturias.es\/catalogu-bibliograficu\" target=\"_blank\" rel=\"noopener noreferrer\"><strong>Acceder al cat\u00e1logu<\/strong><\/a><\/li>\n<\/ul>\n<p>La Conseyer\u00eda de Cultura, Pol\u00edtica Lling\u00fc\u00edsitca y Turismu punxo en marcha na so p\u00e1xina web\u00a0<a href=\"https:\/\/politicallinguistica.asturias.es\/\" data-saferedirecturl=\"https:\/\/www.google.com\/url?q=https:\/\/politicallinguistica.asturias.es\/&amp;source=gmail&amp;ust=1622017198588000&amp;usg=AFQjCNHRtRvGITAWo6Hz_Uy88kYdA1k4rg\">https:\/\/politicallinguistica.asturias.es\/<\/a> buscadores que dexen acceder a la toponimia oficial aprobada hasta agora y recupera\u2019l cat\u00e1logu bibliogr\u00e1ficu de les obres espublizaes n\u2019asturianu y eonaviegu de m\u00e1s reci\u00e9n, que y\u00e1 esistiere na anterior web de Pol\u00edtica Lling\u00fc\u00edstica.<\/p>\n<p>Nel buscador del Cat\u00e1logu bibliogr\u00e1ficu, puen atopase toles obres publicaes n\u2019asturianu y en gallego-asturianu nes \u00faltimes cuatro d\u00e9cades. Les busques puen facese por delles categor\u00edes: autor, a\u00f1u de publicaci\u00f3n, editorial, llingua o x\u00e9neru lliterariu.<\/p>\n<p><a href=\"https:\/\/politicallinguistica.asturias.es\/catalogu-bibliograficu\" target=\"_blank\" rel=\"noopener noreferrer\"><strong>Acceder al cat\u00e1logu<\/strong><\/a><\/p>\n","protected":false},"excerpt":{"rendered":"<p>Fonte noticia: Formientu.com Acceder al cat\u00e1logu La Conseyer\u00eda de Cultura, Pol\u00edtica Lling\u00fc\u00edsitca y Turismu punxo en marcha na so p\u00e1xina web\u00a0https:\/\/politicallinguistica.asturias.es\/ buscadores que dexen acceder a la toponimia oficial aprobada hasta agora y recupera\u2019l cat\u00e1logu bibliogr\u00e1ficu de les obres espublizaes n\u2019asturianu y eonaviegu de m\u00e1s reci\u00e9n, que y\u00e1 esistiere na anterior web de Pol\u00edtica Lling\u00fc\u00edstica. [&hellip;]<\/p>\n","protected":false},"author":117,"featured_media":0,"comment_status":"open","ping_status":"open","sticky":false,"template":"","format":"standard","meta":{"footnotes":""},"categories":[1],"tags":[],"class_list":["post-582","post","type-post","status-publish","format-standard","hentry","category-sin-categoria","post-preview"],"_links":{"self":[{"href":"https:\/\/edublog.educastur.es\/llingua\/wp-json\/wp\/v2\/posts\/582","targetHints":{"allow":["GET"]}}],"collection":[{"href":"https:\/\/edublog.educastur.es\/llingua\/wp-json\/wp\/v2\/posts"}],"about":[{"href":"https:\/\/edublog.educastur.es\/llingua\/wp-json\/wp\/v2\/types\/post"}],"author":[{"embeddable":true,"href":"https:\/\/edublog.educastur.es\/llingua\/wp-json\/wp\/v2\/users\/117"}],"replies":[{"embeddable":true,"href":"https:\/\/edublog.educastur.es\/llingua\/wp-json\/wp\/v2\/comments?post=582"}],"version-history":[{"count":2,"href":"https:\/\/edublog.educastur.es\/llingua\/wp-json\/wp\/v2\/posts\/582\/revisions"}],"predecessor-version":[{"id":584,"href":"https:\/\/edublog.educastur.es\/llingua\/wp-json\/wp\/v2\/posts\/582\/revisions\/584"}],"wp:attachment":[{"href":"https:\/\/edublog.educastur.es\/llingua\/wp-json\/wp\/v2\/media?parent=582"}],"wp:term":[{"taxonomy":"category","embeddable":true,"href":"https:\/\/edublog.educastur.es\/llingua\/wp-json\/wp\/v2\/categories?post=582"},{"taxonomy":"post_tag","embeddable":true,"href":"https:\/\/edublog.educastur.es\/llingua\/wp-json\/wp\/v2\/tags?post=582"}],"curies":[{"name":"wp","href":"https:\/\/api.w.org\/{rel}","templated":true}]}}