{"id":591,"date":"2021-06-08T22:20:30","date_gmt":"2021-06-08T20:20:30","guid":{"rendered":"https:\/\/edublog.educastur.es\/llingua\/?p=591"},"modified":"2021-06-08T22:22:44","modified_gmt":"2021-06-08T20:22:44","slug":"llibros-nasturianu-pa-les-escueles","status":"publish","type":"post","link":"https:\/\/edublog.educastur.es\/llingua\/llibros-nasturianu-pa-les-escueles\/","title":{"rendered":"Llibros n\u00b4asturianu pa les escueles"},"content":{"rendered":"<h1 class=\"title page-title\" style=\"text-align: center\"><span style=\"font-size: 18pt;color: #008080\">\u2018Lleer presta\u2019: 4.000 exemplares de llibros n&#8217;asturianu<br \/>\ny gallego-asturiano pa les biblioteques de les escueles<\/span><\/h1>\n<ul>\n<li><a href=\"https:\/\/asturies.com\/noticies\/lleer-presta-4000-exemplares-de-llibros-nasturianu-y-gallego-asturiano-pa-les-biblioteques?fbclid=IwAR1nxv76fmNlYvnnA8tVSXdGouBq_aSrDzJqtpHbGw8TUaPBy3zaHjjR9nU\">Fonte: Asturies.com<\/a><\/li>\n<\/ul>\n<div class=\"field field-name-body field-type-text-with-summary field-label-hidden\">\n<div class=\"field-items\">\n<div class=\"field-item even\">\n<p>La Conseyer\u00eda de Cultura, Pol\u00edtica Lling\u00fc\u00edstica y Turismu entama la campa\u00f1a de distribuci\u00f3n de llibros n&#8217;asturianu y gallego-asturiano entitulada <strong><span style=\"color: #008080\">\u2018Lleer presta\u2019.<\/span><\/strong> Los primeros destinatarios son 301 centros educativos del pa\u00eds, que van recibir 4.000 exemplares esti mes.<\/p>\n<p><!--more--><\/p>\n<p>Estes obres proceden de los sos fondos bibliogr\u00e1ficos y van pasar a formar parte de les biblioteques escolares. La Direici\u00f3n Xeneral de Pol\u00edtica Lling\u00fc\u00edstica prioriz\u00f3 la escoyeta y donaci\u00f3n de los llibros n\u2019asturianu y en gallego-asturiano en funci\u00f3n del \u00e1mbitu d\u2019usu d\u2019estes lling\u00fces en Primaria y Secundaria.<\/p>\n<p>Los t\u00edtulos van llegar a lo \u00faltimo d\u2019esti mes, mentes que la campa\u00f1a va siguir l\u2019a\u00f1u qu\u2019entra con unv\u00edos a les biblioteques dependientes del Gobiernu y a les municipales. L\u2019oxetivu d\u2019esta iniciativa ye sofitar la ense\u00f1anza y el deprendimientu n\u2019asturianu y gallego-asturiano.<\/p>\n<p>Los exemplares escoy\u00edos por Cultura d\u2019estos fondos t\u00e1n empobinaos a formar parte de les biblioteques escolares de los centros d\u2019ense\u00f1anza Primaria y Secundaria, a los que van llegar a \u00faltimos d\u2019esti mes. Pa facer la selecci\u00f3n, Pol\u00edtica Lling\u00fc\u00edstica sigui\u00f3 criterios a tenor d\u2019eses dos etapes educatives y priorizando la donaci\u00f3n de los llibros n\u2019asturianu y en gallego-asturianu, en funci\u00f3n del \u00e1mbitu d\u2019usu d\u2019estes lling\u00fces.<\/p>\n<p>La iniciativa forma parte de la campa\u00f1a de distribuci\u00f3n de fondos bibliogr\u00e1ficos Lleer presta, que se va completar l\u2019a\u00f1u que vien col unviu de llibros a les biblioteques auton\u00f3miques y municipales.<\/p>\n<p>La Direcci\u00f3n Xeneral de Pol\u00edtica Lling\u00fc\u00edstica disp\u00f3n de un fondu bien curiosu de llibros n\u2019asturianu y gallego-asturianu pa la so incorporaci\u00f3n a biblioteques de los centros escolares y a les de titularid\u00e1 auton\u00f3mica y municipal, col oxetivu de sofitar la ense\u00f1anza y l\u2019aprendimientu n\u2019asturianu y gallego-asturianu.<\/p>\n<\/div>\n<\/div>\n<\/div>\n<p>&nbsp;<\/p>\n","protected":false},"excerpt":{"rendered":"<p>\u2018Lleer presta\u2019: 4.000 exemplares de llibros n&#8217;asturianu y gallego-asturiano pa les biblioteques de les escueles Fonte: Asturies.com La Conseyer\u00eda de Cultura, Pol\u00edtica Lling\u00fc\u00edstica y Turismu entama la campa\u00f1a de distribuci\u00f3n de llibros n&#8217;asturianu y gallego-asturiano entitulada \u2018Lleer presta\u2019. Los primeros destinatarios son 301 centros educativos del pa\u00eds, que van recibir 4.000 exemplares esti mes.<\/p>\n","protected":false},"author":117,"featured_media":0,"comment_status":"open","ping_status":"open","sticky":false,"template":"","format":"standard","meta":{"footnotes":""},"categories":[12],"tags":[],"class_list":["post-591","post","type-post","status-publish","format-standard","hentry","category-asturies-com","post-preview"],"_links":{"self":[{"href":"https:\/\/edublog.educastur.es\/llingua\/wp-json\/wp\/v2\/posts\/591","targetHints":{"allow":["GET"]}}],"collection":[{"href":"https:\/\/edublog.educastur.es\/llingua\/wp-json\/wp\/v2\/posts"}],"about":[{"href":"https:\/\/edublog.educastur.es\/llingua\/wp-json\/wp\/v2\/types\/post"}],"author":[{"embeddable":true,"href":"https:\/\/edublog.educastur.es\/llingua\/wp-json\/wp\/v2\/users\/117"}],"replies":[{"embeddable":true,"href":"https:\/\/edublog.educastur.es\/llingua\/wp-json\/wp\/v2\/comments?post=591"}],"version-history":[{"count":3,"href":"https:\/\/edublog.educastur.es\/llingua\/wp-json\/wp\/v2\/posts\/591\/revisions"}],"predecessor-version":[{"id":594,"href":"https:\/\/edublog.educastur.es\/llingua\/wp-json\/wp\/v2\/posts\/591\/revisions\/594"}],"wp:attachment":[{"href":"https:\/\/edublog.educastur.es\/llingua\/wp-json\/wp\/v2\/media?parent=591"}],"wp:term":[{"taxonomy":"category","embeddable":true,"href":"https:\/\/edublog.educastur.es\/llingua\/wp-json\/wp\/v2\/categories?post=591"},{"taxonomy":"post_tag","embeddable":true,"href":"https:\/\/edublog.educastur.es\/llingua\/wp-json\/wp\/v2\/tags?post=591"}],"curies":[{"name":"wp","href":"https:\/\/api.w.org\/{rel}","templated":true}]}}