{"id":595,"date":"2021-06-10T22:16:05","date_gmt":"2021-06-10T20:16:05","guid":{"rendered":"https:\/\/edublog.educastur.es\/llingua\/?p=595"},"modified":"2021-06-10T22:18:20","modified_gmt":"2021-06-10T20:18:20","slug":"alla-abiertul-plazu-de-matriculacion-nos-cursos-de-la-uabra-2021","status":"publish","type":"post","link":"https:\/\/edublog.educastur.es\/llingua\/alla-abiertul-plazu-de-matriculacion-nos-cursos-de-la-uabra-2021\/","title":{"rendered":"ALLA: Abiertu\u2019l plazu de matriculaci\u00f3n nos cursos de la UABRA 2021"},"content":{"rendered":"<p style=\"text-align: center\"><a href=\"http:\/\/www.academiadelallingua.com\/wp-content\/uploads\/2021\/06\/UABRA-2021-768x335.jpg\"><img loading=\"lazy\" decoding=\"async\" class=\"alignnone\" src=\"http:\/\/www.academiadelallingua.com\/wp-content\/uploads\/2021\/06\/UABRA-2021-768x335.jpg\" alt=\"\" width=\"768\" height=\"335\" \/><\/a><\/p>\n<p>Los cursos de la edici\u00f3n de 2021 de la <strong>Universid\u00e1 Asturiana de Branu (UABRA)<\/strong> abren matr\u00edcula dende g\u00fcei na p\u00e1xina web de la <a href=\"https:\/\/www.uniovi.es\/estudios\/extension\/cursosverano\">Universid\u00e1 d\u2019Uvi\u00e9u<\/a>.<\/p>\n<p>Esti a\u00f1u la ufierta formativa va desendolcase en llinia y ta compuesta polos cursos que vienen darr\u00e9u:<\/p>\n<ul>\n<li><a href=\"https:\/\/www.uniovi.es\/estudios\/extension\/cursosverano\/-\/asset_publisher\/SEp0PJi4ISGo\/content\/uabra-cursu-elemental-de-llingua-asturiana?redirect=%2Festudios%2Fextension%2Fcursosverano\">Cursu Elemental de Llingua Asturiana<\/a> (del 19 al 30 de xunetu).<\/li>\n<li><a href=\"https:\/\/www.uniovi.es\/estudios\/extension\/cursosverano\/-\/asset_publisher\/SEp0PJi4ISGo\/content\/cursu-avanzau-de-llingua-asturiana?redirect=%2Festudios%2Fextension%2Fcursosverano\">Cursu Avanz\u00e1u de Llingua Asturiana<\/a> (del 19 al 30 de xunetu)<\/li>\n<li><a href=\"https:\/\/www.uniovi.es\/estudios\/extension\/cursosverano\/-\/asset_publisher\/SEp0PJi4ISGo\/content\/capacitacion-pa-la-traduccion-al-asturianu?redirect=%2Festudios%2Fextension%2Fcursosverano\">Capacitaci\u00f3n pa la traducci\u00f3n al asturianu<\/a> (del 19 al 24 de xunetu)<\/li>\n<li><a href=\"https:\/\/www.uniovi.es\/estudios\/extension\/cursosverano\/-\/asset_publisher\/SEp0PJi4ISGo\/content\/uabra-seguranza-n-internet?redirect=%2Festudios%2Fextension%2Fcursosverano\">Seguranza n\u2019Internet<\/a> (del 19 al 24 de xunetu)<\/li>\n<li><a href=\"http:\/\/www.academiadelallingua.com\/abiertul-plazu-de-matriculacion-nos-cursos-de-la-uabra-2021\/\">Enllaz ALLA<\/a><\/li>\n<\/ul>\n","protected":false},"excerpt":{"rendered":"<p>Los cursos de la edici\u00f3n de 2021 de la Universid\u00e1 Asturiana de Branu (UABRA) abren matr\u00edcula dende g\u00fcei na p\u00e1xina web de la Universid\u00e1 d\u2019Uvi\u00e9u. Esti a\u00f1u la ufierta formativa va desendolcase en llinia y ta compuesta polos cursos que vienen darr\u00e9u: Cursu Elemental de Llingua Asturiana (del 19 al 30 de xunetu). Cursu Avanz\u00e1u [&hellip;]<\/p>\n","protected":false},"author":117,"featured_media":0,"comment_status":"open","ping_status":"open","sticky":false,"template":"","format":"standard","meta":{"footnotes":""},"categories":[13,1],"tags":[],"class_list":["post-595","post","type-post","status-publish","format-standard","hentry","category-cursos","category-sin-categoria","post-preview"],"_links":{"self":[{"href":"https:\/\/edublog.educastur.es\/llingua\/wp-json\/wp\/v2\/posts\/595","targetHints":{"allow":["GET"]}}],"collection":[{"href":"https:\/\/edublog.educastur.es\/llingua\/wp-json\/wp\/v2\/posts"}],"about":[{"href":"https:\/\/edublog.educastur.es\/llingua\/wp-json\/wp\/v2\/types\/post"}],"author":[{"embeddable":true,"href":"https:\/\/edublog.educastur.es\/llingua\/wp-json\/wp\/v2\/users\/117"}],"replies":[{"embeddable":true,"href":"https:\/\/edublog.educastur.es\/llingua\/wp-json\/wp\/v2\/comments?post=595"}],"version-history":[{"count":2,"href":"https:\/\/edublog.educastur.es\/llingua\/wp-json\/wp\/v2\/posts\/595\/revisions"}],"predecessor-version":[{"id":597,"href":"https:\/\/edublog.educastur.es\/llingua\/wp-json\/wp\/v2\/posts\/595\/revisions\/597"}],"wp:attachment":[{"href":"https:\/\/edublog.educastur.es\/llingua\/wp-json\/wp\/v2\/media?parent=595"}],"wp:term":[{"taxonomy":"category","embeddable":true,"href":"https:\/\/edublog.educastur.es\/llingua\/wp-json\/wp\/v2\/categories?post=595"},{"taxonomy":"post_tag","embeddable":true,"href":"https:\/\/edublog.educastur.es\/llingua\/wp-json\/wp\/v2\/tags?post=595"}],"curies":[{"name":"wp","href":"https:\/\/api.w.org\/{rel}","templated":true}]}}