{"id":601,"date":"2021-06-12T12:24:43","date_gmt":"2021-06-12T10:24:43","guid":{"rendered":"https:\/\/edublog.educastur.es\/llingua\/?p=601"},"modified":"2021-08-21T17:57:03","modified_gmt":"2021-08-21T15:57:03","slug":"apuntate-ho","status":"publish","type":"post","link":"https:\/\/edublog.educastur.es\/llingua\/apuntate-ho\/","title":{"rendered":"Ap\u00fantate, ho!"},"content":{"rendered":"<div class=\"kvgmc6g5 cxmmr5t8 oygrvhab hcukyx3x c1et5uql ii04i59q\">\n<div dir=\"auto\" style=\"text-align: center\"><a href=\"https:\/\/politicallinguistica.asturias.es\/documents\/71052\/87022\/Tarjeton_Web_Matriculacion_Asturianu_2021-22_.jpg\/4ef9c72f-88e8-1620-3e39-354910c5af5c?t=1623222673311\"><img loading=\"lazy\" decoding=\"async\" class=\"alignnone\" src=\"https:\/\/politicallinguistica.asturias.es\/documents\/71052\/87022\/Tarjeton_Web_Matriculacion_Asturianu_2021-22_.jpg\/4ef9c72f-88e8-1620-3e39-354910c5af5c?t=1623222673311\" alt=\"\" width=\"523\" height=\"739\" \/><\/a><\/div>\n<div dir=\"auto\"><strong>Pol\u00edtica Lling\u00fc\u00edstica<\/strong> pon en marcha una campa\u00f1a p\u2019animar a la matriculaci\u00f3n del alumn\u00e1u nes asignatures de Llingua Asturiana y Lliteratura y de Gallego-Asturiano. Los plazos de matr\u00edcula<strong> pa Primaria son del 22 al 28 de xunu<\/strong><\/div>\n<div dir=\"auto\"><!--more--><\/div>\n<div dir=\"auto\">\n<p><a href=\"https:\/\/politicallinguistica.asturias.es\/\"><img loading=\"lazy\" decoding=\"async\" class=\"aligncenter\" src=\"https:\/\/politicallinguistica.asturias.es\/image\/layout_set_logo?img_id=68611&amp;t=1615892698188\" alt=\"\" width=\"472\" height=\"91\" \/><\/a><\/p>\n<ul>\n<li><a href=\"https:\/\/politicallinguistica.asturias.es\/\">Web de POL\u00cdTICA LLING\u00dc\u00cdSTICA<\/a><\/li>\n<\/ul>\n<\/div>\n<ul>\n<li><a href=\"https:\/\/www.facebook.com\/selmana.lletresasturianes\">\u00a0Facebook<\/a><\/li>\n<\/ul>\n<\/div>\n<div class=\"o9v6fnle cxmmr5t8 oygrvhab hcukyx3x c1et5uql ii04i59q\">\n<div dir=\"auto\">La carteler\u00eda impresa ta llegando y\u00e1 a los centros educativos y d\u2019equ\u00ed a poco la campa\u00f1a va estendese a los medios de comunicaci\u00f3n, con cu\u00f1es de radio y spots televisivos nes dos lling\u00fces. <a href=\"https:\/\/www.tresaliacomunicacion.es\/SPOT_LLINGUA_DEF.mp4\">VIDEU<\/a><\/div>\n<div dir=\"auto\">\n<div style=\"width: 640px;\" class=\"wp-video\"><video class=\"wp-video-shortcode\" id=\"video-601-1\" width=\"640\" height=\"360\" preload=\"metadata\" controls=\"controls\"><source type=\"video\/mp4\" src=\"https:\/\/www.tresaliacomunicacion.es\/SPOT_LLINGUA_DEF.mp4?_=1\" \/><a href=\"https:\/\/www.tresaliacomunicacion.es\/SPOT_LLINGUA_DEF.mp4\">https:\/\/www.tresaliacomunicacion.es\/SPOT_LLINGUA_DEF.mp4<\/a><\/video><\/div>\n<\/div>\n<div dir=\"auto\"><\/div>\n<\/div>\n","protected":false},"excerpt":{"rendered":"<p>Pol\u00edtica Lling\u00fc\u00edstica pon en marcha una campa\u00f1a p\u2019animar a la matriculaci\u00f3n del alumn\u00e1u nes asignatures de Llingua Asturiana y Lliteratura y de Gallego-Asturiano. Los plazos de matr\u00edcula pa Primaria son del 22 al 28 de xunu<\/p>\n","protected":false},"author":117,"featured_media":0,"comment_status":"open","ping_status":"open","sticky":false,"template":"","format":"standard","meta":{"footnotes":""},"categories":[1],"tags":[],"class_list":["post-601","post","type-post","status-publish","format-standard","hentry","category-sin-categoria","post-preview"],"_links":{"self":[{"href":"https:\/\/edublog.educastur.es\/llingua\/wp-json\/wp\/v2\/posts\/601","targetHints":{"allow":["GET"]}}],"collection":[{"href":"https:\/\/edublog.educastur.es\/llingua\/wp-json\/wp\/v2\/posts"}],"about":[{"href":"https:\/\/edublog.educastur.es\/llingua\/wp-json\/wp\/v2\/types\/post"}],"author":[{"embeddable":true,"href":"https:\/\/edublog.educastur.es\/llingua\/wp-json\/wp\/v2\/users\/117"}],"replies":[{"embeddable":true,"href":"https:\/\/edublog.educastur.es\/llingua\/wp-json\/wp\/v2\/comments?post=601"}],"version-history":[{"count":2,"href":"https:\/\/edublog.educastur.es\/llingua\/wp-json\/wp\/v2\/posts\/601\/revisions"}],"predecessor-version":[{"id":620,"href":"https:\/\/edublog.educastur.es\/llingua\/wp-json\/wp\/v2\/posts\/601\/revisions\/620"}],"wp:attachment":[{"href":"https:\/\/edublog.educastur.es\/llingua\/wp-json\/wp\/v2\/media?parent=601"}],"wp:term":[{"taxonomy":"category","embeddable":true,"href":"https:\/\/edublog.educastur.es\/llingua\/wp-json\/wp\/v2\/categories?post=601"},{"taxonomy":"post_tag","embeddable":true,"href":"https:\/\/edublog.educastur.es\/llingua\/wp-json\/wp\/v2\/tags?post=601"}],"curies":[{"name":"wp","href":"https:\/\/api.w.org\/{rel}","templated":true}]}}