{"id":612,"date":"2021-06-17T20:28:56","date_gmt":"2021-06-17T18:28:56","guid":{"rendered":"https:\/\/edublog.educastur.es\/llingua\/?p=612"},"modified":"2021-06-17T20:28:56","modified_gmt":"2021-06-17T18:28:56","slug":"612-2","status":"publish","type":"post","link":"https:\/\/edublog.educastur.es\/llingua\/612-2\/","title":{"rendered":""},"content":{"rendered":"<div class=\"\" dir=\"auto\">\n<div class=\"\" dir=\"auto\">\n<div class=\"ecm0bbzt hv4rvrfc ihqw7lf3 dati1w0a\" data-ad-comet-preview=\"message\" data-ad-preview=\"message\">\n<div class=\"j83agx80 cbu4d94t ew0dbk1b irj2b8pg\">\n<div class=\"qzhwtbm6 knvmm38d\">\n<div class=\"kvgmc6g5 cxmmr5t8 oygrvhab hcukyx3x c1et5uql ii04i59q\">\n<div dir=\"auto\" style=\"text-align: center\"><img loading=\"lazy\" decoding=\"async\" class=\"alignnone \" src=\"https:\/\/politicallinguistica.asturias.es\/documents\/71052\/88157\/Logotipo+Premiu+Alfonso+Iglesias.png\/0aa71345-68e5-9f42-0513-1bc7c3726840?t=1623916111465\" width=\"344\" height=\"240\" \/><\/div>\n<div dir=\"auto\">L\u2019ilustrador y escritor <span style=\"color: #008080\"><strong>\u00c1ngel de la Calle<\/strong><\/span> gana la decimotercer edici\u00f3n del <strong><span style=\"color: #008080\">Premiu \u00abAlfonso Iglesias\u00bb<\/span><\/strong> de c\u00f3mic n\u2019asturianu cola obra <span style=\"text-decoration: underline;color: #008080\"><em>Paez que nun foi ayeri.<\/em><\/span><\/div>\n<div dir=\"auto\"><\/div>\n<\/div>\n<div class=\"o9v6fnle cxmmr5t8 oygrvhab hcukyx3x c1et5uql ii04i59q\">\n<div dir=\"auto\">Na acta del fallu, el xur\u00e1u destaca \u201cel bon usu de los recursos del llinguaxe del c\u00f3mic, la madurez y l\u2019equilibriu que presenta, la intriga que crea la historia, les referencies metalliteraries al mundu del c\u00f3mic, la fidelid\u00e1 y l\u2019inter\u00e9s hist\u00f3ricu, am\u00e1s de la calid\u00e1 lling\u00fc\u00edstica del trabayu\u201d.<\/div>\n<\/div>\n<\/div>\n<div class=\"qzhwtbm6 knvmm38d\">\n<div class=\"o9v6fnle cxmmr5t8 oygrvhab hcukyx3x c1et5uql ii04i59q\">\n<div dir=\"auto\"><!--more--><\/div>\n<\/div>\n<div class=\"o9v6fnle cxmmr5t8 oygrvhab hcukyx3x c1et5uql ii04i59q\">\n<div dir=\"auto\">El xur\u00e1u quixo valorar tami\u00e9n la calid\u00e1 de les propuestes presentaes y la participaci\u00f3n tan alta, que dobla a la d\u2019ediciones anteriores.<\/div>\n<\/div>\n<div class=\"o9v6fnle cxmmr5t8 oygrvhab hcukyx3x c1et5uql ii04i59q\">\n<div dir=\"auto\"><a href=\"https:\/\/l.facebook.com\/l.php?u=https%3A%2F%2Fpoliticallinguistica.asturias.es%2F-%2F-c3-81ngel-de-la-calle-gana-l-premiu-alfonso-iglesias-de-c-c3-b3mic-n-asturianu-cola-obra-paez-que-nun-foi-ayeri%3Fredirect%3D%252F%26fbclid%3DIwAR04V9EMT87VArK-gQyUzKx3Cu2AUPJhibjpDvuSXv4FsSbh7mBqnVyCPO4&amp;h=AT2XpQFRyqMK3CDkKB387vKIit-06QWHKTuT9qSnikjNg_AjBTALrWlULGboGrvdt-9xlkRbXAMM708MXJV-wCDYu6vNg0XeF1FgS43MpoxInWe8loPvqxPhC8VjCQH82w&amp;__tn__=-UK-y-R&amp;c[0]=AT2ODzcw8vw7ru93DcUoRMMydpiLT17hpia2ePgA2ayjgHPiKZ7syaJGUTHEq_Ws_wdkaL398bYSFUO7JxylJooQx6-Fyz4eXu-cskNQxJ6fJFDFGneDvCG2pjgiPuzm0ubH7nhup19IWKuN0Rrm5L19N7eXibnfXpbrm3LlPTvX9wrp8f4\">M\u00e1s informaci\u00f3n nel enllaz<\/a><\/div>\n<\/div>\n<\/div>\n<\/div>\n<\/div>\n<\/div>\n<\/div>\n<p>L\u2019ilustrador \u00c1ngel de la Calle naci\u00f3 en Molinillo de la Sierra (Salamanca), pero vive dende ne\u00f1u en Xix\u00f3n. De la Calle, que combina la so activid\u00e1 profesional cola organizaci\u00f3n de la Selmana Negra de Xix\u00f3n, collabor\u00f3 con publicaciones como <em>Zona 84<\/em>, <em>El V\u00edbora<\/em>, <em>Comix Internacional<\/em>, <em>Rambla <\/em>o <em>Heavy Metal<\/em>. Ye autor de les noveles gr\u00e1fiques <em>Modotti. Una mujer del siglo veinte<\/em>, y <em>Pinturas de guerra<\/em>, cola que llogr\u00f3 nel 2018 el premiu a la Meyor Obra d\u2019Autor Espa\u00f1ol nel Sal\u00f3n del C\u00f3mic de Barcelona. Les sos obres foron publicaes en diversos pa\u00edses y traduc\u00edes a dellos idiomes.<\/p>\n<p>El premiu Alfonso Iglesias, convoc\u00e1u pola Conseyer\u00eda de Cultura, Pol\u00edtica Lling\u00fc\u00edstica y Turismu, ta dot\u00e1u con 6.000 euros y la publicaci\u00f3n de la obra ganadora.<\/p>\n<p>&nbsp;<\/p>\n","protected":false},"excerpt":{"rendered":"<p>L\u2019ilustrador y escritor \u00c1ngel de la Calle gana la decimotercer edici\u00f3n del Premiu \u00abAlfonso Iglesias\u00bb de c\u00f3mic n\u2019asturianu cola obra Paez que nun foi ayeri. Na acta del fallu, el xur\u00e1u destaca \u201cel bon usu de los recursos del llinguaxe del c\u00f3mic, la madurez y l\u2019equilibriu que presenta, la intriga que crea la historia, les [&hellip;]<\/p>\n","protected":false},"author":117,"featured_media":0,"comment_status":"open","ping_status":"open","sticky":false,"template":"","format":"standard","meta":{"footnotes":""},"categories":[11],"tags":[],"class_list":["post-612","post","type-post","status-publish","format-standard","hentry","category-premios","post-preview"],"_links":{"self":[{"href":"https:\/\/edublog.educastur.es\/llingua\/wp-json\/wp\/v2\/posts\/612","targetHints":{"allow":["GET"]}}],"collection":[{"href":"https:\/\/edublog.educastur.es\/llingua\/wp-json\/wp\/v2\/posts"}],"about":[{"href":"https:\/\/edublog.educastur.es\/llingua\/wp-json\/wp\/v2\/types\/post"}],"author":[{"embeddable":true,"href":"https:\/\/edublog.educastur.es\/llingua\/wp-json\/wp\/v2\/users\/117"}],"replies":[{"embeddable":true,"href":"https:\/\/edublog.educastur.es\/llingua\/wp-json\/wp\/v2\/comments?post=612"}],"version-history":[{"count":1,"href":"https:\/\/edublog.educastur.es\/llingua\/wp-json\/wp\/v2\/posts\/612\/revisions"}],"predecessor-version":[{"id":613,"href":"https:\/\/edublog.educastur.es\/llingua\/wp-json\/wp\/v2\/posts\/612\/revisions\/613"}],"wp:attachment":[{"href":"https:\/\/edublog.educastur.es\/llingua\/wp-json\/wp\/v2\/media?parent=612"}],"wp:term":[{"taxonomy":"category","embeddable":true,"href":"https:\/\/edublog.educastur.es\/llingua\/wp-json\/wp\/v2\/categories?post=612"},{"taxonomy":"post_tag","embeddable":true,"href":"https:\/\/edublog.educastur.es\/llingua\/wp-json\/wp\/v2\/tags?post=612"}],"curies":[{"name":"wp","href":"https:\/\/api.w.org\/{rel}","templated":true}]}}