{"id":655,"date":"2021-09-04T09:00:03","date_gmt":"2021-09-04T07:00:03","guid":{"rendered":"https:\/\/edublog.educastur.es\/llingua\/?p=655"},"modified":"2021-09-05T18:30:34","modified_gmt":"2021-09-05T16:30:34","slug":"x-bello-y-p-texon-van-participar-nel-programa-oviedo-escribe","status":"publish","type":"post","link":"https:\/\/edublog.educastur.es\/llingua\/x-bello-y-p-texon-van-participar-nel-programa-oviedo-escribe\/","title":{"rendered":"X. Bello y P. Tex\u00f3n van participar nel programa &#8216;Oviedo escribe&#8217;"},"content":{"rendered":"<div>\n<ul>\n<li><a href=\"https:\/\/www.europapress.es\/asturianu\/noticia-xuan-bello-pablo-texon-van-participar-nel-programa-oviedo-escribe-impulsau-pol-conceyu-duvieu-20210903135921.html\">Europa Press: Xuan Bello y Pablo Tex\u00f3n van participar nel programa &#8216;Oviedo escribe&#8217;, impuls\u00e1u pol Conceyu d&#8217;Uvi\u00e9u<\/a><\/li>\n<\/ul>\n<p>Cada primer xueves del mes, la Conceyal\u00eda de Cultura d&#8217;Uvi\u00e9u va entamar conferencies con autores uvieinos, veteranos y noveles, dientro de &#8216;Oviedo escribe&#8217;, programa que principia&#8217;l 9 de setiembre nel sal\u00f3n d&#8217;actos de la Escuela Municipal de M\u00fasica con Nacho del Valle, qu&#8217;acaba de ganar el Premiu Aten\u00e9u de Sevilla.<\/p>\n<\/div>\n<p><!--more--><\/p>\n<div>\n<p>Depu\u00e9s, n&#8217;ochobre, va ser el turnu de la escritora Leticia S\u00e1nchez. Tami\u00e9n va haber espaciu pa la poes\u00eda, pal asturianu &#8211;colos escritores Xuan Bello y Pablo Tex\u00f3n&#8211;, pa x\u00e9neros como la novela negra y pa cl\u00e1sicos de les lletres uvieines. El presidente de la Fundaci\u00f3n Municipal de Cultura, el conceyal Jos\u00e9 Luis Costillas present\u00f3 esti vienres esta activid\u00e1 acompa\u00f1\u00e1u pol so director, l&#8217;escritor y abog\u00e1u, Iv\u00e1n de Santiago.<\/p>\n<div>\n<p><em>\u00abN&#8217;Uvi\u00e9u detectemos una gran falta sobre la difusi\u00f3n de la creaci\u00f3n lliteraria y de los escritores, y creemos qu&#8217;una ciud\u00e1 tan llectora y culta como la nuestra merez dedicar una programaci\u00f3n espec\u00edfica a el autores uvieinos\u00bb<\/em>, coment\u00f3 Costillas.<\/p>\n<\/div>\n<\/div>\n<p>&nbsp;<\/p>\n","protected":false},"excerpt":{"rendered":"<p>Europa Press: Xuan Bello y Pablo Tex\u00f3n van participar nel programa &#8216;Oviedo escribe&#8217;, impuls\u00e1u pol Conceyu d&#8217;Uvi\u00e9u Cada primer xueves del mes, la Conceyal\u00eda de Cultura d&#8217;Uvi\u00e9u va entamar conferencies con autores uvieinos, veteranos y noveles, dientro de &#8216;Oviedo escribe&#8217;, programa que principia&#8217;l 9 de setiembre nel sal\u00f3n d&#8217;actos de la Escuela Municipal de M\u00fasica [&hellip;]<\/p>\n","protected":false},"author":117,"featured_media":0,"comment_status":"open","ping_status":"open","sticky":false,"template":"","format":"standard","meta":{"footnotes":""},"categories":[1],"tags":[],"class_list":["post-655","post","type-post","status-publish","format-standard","hentry","category-sin-categoria","post-preview"],"_links":{"self":[{"href":"https:\/\/edublog.educastur.es\/llingua\/wp-json\/wp\/v2\/posts\/655","targetHints":{"allow":["GET"]}}],"collection":[{"href":"https:\/\/edublog.educastur.es\/llingua\/wp-json\/wp\/v2\/posts"}],"about":[{"href":"https:\/\/edublog.educastur.es\/llingua\/wp-json\/wp\/v2\/types\/post"}],"author":[{"embeddable":true,"href":"https:\/\/edublog.educastur.es\/llingua\/wp-json\/wp\/v2\/users\/117"}],"replies":[{"embeddable":true,"href":"https:\/\/edublog.educastur.es\/llingua\/wp-json\/wp\/v2\/comments?post=655"}],"version-history":[{"count":3,"href":"https:\/\/edublog.educastur.es\/llingua\/wp-json\/wp\/v2\/posts\/655\/revisions"}],"predecessor-version":[{"id":658,"href":"https:\/\/edublog.educastur.es\/llingua\/wp-json\/wp\/v2\/posts\/655\/revisions\/658"}],"wp:attachment":[{"href":"https:\/\/edublog.educastur.es\/llingua\/wp-json\/wp\/v2\/media?parent=655"}],"wp:term":[{"taxonomy":"category","embeddable":true,"href":"https:\/\/edublog.educastur.es\/llingua\/wp-json\/wp\/v2\/categories?post=655"},{"taxonomy":"post_tag","embeddable":true,"href":"https:\/\/edublog.educastur.es\/llingua\/wp-json\/wp\/v2\/tags?post=655"}],"curies":[{"name":"wp","href":"https:\/\/api.w.org\/{rel}","templated":true}]}}