{"id":665,"date":"2021-09-08T15:53:16","date_gmt":"2021-09-08T13:53:16","guid":{"rendered":"https:\/\/edublog.educastur.es\/llingua\/?p=665"},"modified":"2021-09-08T15:53:30","modified_gmt":"2021-09-08T13:53:30","slug":"diccionariu-de-consultes-llinguistiques-del-asturianu","status":"publish","type":"post","link":"https:\/\/edublog.educastur.es\/llingua\/diccionariu-de-consultes-llinguistiques-del-asturianu\/","title":{"rendered":"Diccionariu de consultes lling\u00fc\u00edstiques del asturianu"},"content":{"rendered":"<p style=\"text-align: center\"><img loading=\"lazy\" decoding=\"async\" class=\"alignnone size-full\" src=\"https:\/\/cflvdg.avoz.es\/sc\/ijOIqjFSm68rzxMN-ldlKJzkMnM=\/768x\/2021\/09\/06\/00121630923259019177756\/Foto\/ast.jpg\" width=\"768\" height=\"432\" \/><\/p>\n<p>&nbsp;<\/p>\n<ul>\n<li><a href=\"https:\/\/www.europapress.es\/asturianu\/noticia-publicase-diccionariu-consultes-llinguistiques-lasturianu-20210906104404.html\">Fonte noticia: Europa Press<\/a> \/ <a href=\"https:\/\/www.trabe.org\/es\/inicio\/\">Trabe<\/a> \/ <a href=\"https:\/\/tienda.trabe.org\/es\/filologia-asturiana\/2487-diccionariu-de-consultes-llingueistiques-del-asturianu.html\">Ficha<\/a><\/li>\n<\/ul>\n<div>\n<p>Ediciones Trabe public\u00f3&#8217;l &#8216;Diccionariu de consultes lling\u00fc\u00edstiques del asturianu&#8217;, obra del profesor Ram\u00f3n d&#8217;Andr\u00e9s que vien a responder de manera c\u00f3moda y r\u00e1pida duldes concretes sobre esti idioma.<\/p>\n<p><!--more--><\/p>\n<p class=\"autorsub\"><span style=\"color: #008080\"><strong>Ram\u00f3n d&#8217;Andr\u00e9s<\/strong><\/span><\/p>\n<p id=\"product_reference\"><span style=\"color: #008080\"><label>ISBN: <\/label> <span class=\"editable\">978-84-18286-55-1<\/span><\/span><\/p>\n<ul>\n<li style=\"list-style-type: none\">\n<ul>\n<li><span style=\"color: #008080\"><strong>Edici\u00f3n:<\/strong> Primera<\/span><\/li>\n<li><span style=\"color: #008080\"><strong>P\u00e1ginas:<\/strong> 720<\/span><\/li>\n<li><span style=\"color: #008080\"><strong>Fecha de publicaci\u00f3n:<\/strong> 01\/09\/2021<\/span><\/li>\n<li><span style=\"color: #008080\"><strong>Tama\u00f1o:<\/strong> 16,5 x 24 cm<\/span><\/li>\n<li><span style=\"color: #008080\"><strong>Idioma:<\/strong> Asturianu<\/span><\/li>\n<li><span style=\"color: #008080\">PVP: <span id=\"our_price_display\" class=\"price\">20,00 \u20ac<\/span> impuestos inc.<\/span><\/li>\n<\/ul>\n<\/li>\n<\/ul>\n<div class=\"content_prices clearfix\">\n<div class=\"clear\"><\/div>\n<\/div>\n<p>Esti trabayu tien l&#8217;oxetu de facer del procesu de conocimientu y d&#8217;escritura n&#8217;asturianu una xera f\u00e1cil y poco enguedeyosa. El Diccionariu pretende ser una ferramienta pa estudiantes, profesores, periodistes y, en xeneral, pa toa persona enfotada n&#8217;ameyorar el conocimientu y dominiu del asturianu a nivel pr\u00e1cticu tanto na fala como per escrito.<\/p>\n<p style=\"text-align: center\"><a href=\"https:\/\/tienda.trabe.org\/modules\/fieldslideshow\/images\/trabe-dicccionarios-838.jpg\"><img loading=\"lazy\" decoding=\"async\" class=\"alignnone\" src=\"https:\/\/tienda.trabe.org\/modules\/fieldslideshow\/images\/trabe-dicccionarios-838.jpg\" alt=\"\" width=\"4000\" height=\"1876\" \/><\/a><\/p>\n<p>Ram\u00f3n d&#8217;Andr\u00e9s (Madrid, 1959) ye fil\u00f3logu especializ\u00e1u n&#8217;asturianu. Miembru de l&#8217;Academia de la Llingua Asturiana, profesor titular de la Universid\u00e1 d&#8217;Uvi\u00e9u y miembru del RIDEA, los sos estudios t\u00e1n vinculaos sobre manera a aspectos gramaticales y sociolling\u00fc\u00edsticos del asturianu. Traductor del catal\u00e1n y d&#8217;otres lling\u00fces, collabora en dellos peri\u00f3dicos y ye autor d&#8217;art\u00edculos divulgativos.<\/p>\n<\/div>\n","protected":false},"excerpt":{"rendered":"<p>&nbsp; Fonte noticia: Europa Press \/ Trabe \/ Ficha Ediciones Trabe public\u00f3&#8217;l &#8216;Diccionariu de consultes lling\u00fc\u00edstiques del asturianu&#8217;, obra del profesor Ram\u00f3n d&#8217;Andr\u00e9s que vien a responder de manera c\u00f3moda y r\u00e1pida duldes concretes sobre esti idioma.<\/p>\n","protected":false},"author":117,"featured_media":0,"comment_status":"open","ping_status":"open","sticky":false,"template":"","format":"standard","meta":{"footnotes":""},"categories":[15,1],"tags":[],"class_list":["post-665","post","type-post","status-publish","format-standard","hentry","category-diccionarios","category-sin-categoria","post-preview"],"_links":{"self":[{"href":"https:\/\/edublog.educastur.es\/llingua\/wp-json\/wp\/v2\/posts\/665","targetHints":{"allow":["GET"]}}],"collection":[{"href":"https:\/\/edublog.educastur.es\/llingua\/wp-json\/wp\/v2\/posts"}],"about":[{"href":"https:\/\/edublog.educastur.es\/llingua\/wp-json\/wp\/v2\/types\/post"}],"author":[{"embeddable":true,"href":"https:\/\/edublog.educastur.es\/llingua\/wp-json\/wp\/v2\/users\/117"}],"replies":[{"embeddable":true,"href":"https:\/\/edublog.educastur.es\/llingua\/wp-json\/wp\/v2\/comments?post=665"}],"version-history":[{"count":1,"href":"https:\/\/edublog.educastur.es\/llingua\/wp-json\/wp\/v2\/posts\/665\/revisions"}],"predecessor-version":[{"id":666,"href":"https:\/\/edublog.educastur.es\/llingua\/wp-json\/wp\/v2\/posts\/665\/revisions\/666"}],"wp:attachment":[{"href":"https:\/\/edublog.educastur.es\/llingua\/wp-json\/wp\/v2\/media?parent=665"}],"wp:term":[{"taxonomy":"category","embeddable":true,"href":"https:\/\/edublog.educastur.es\/llingua\/wp-json\/wp\/v2\/categories?post=665"},{"taxonomy":"post_tag","embeddable":true,"href":"https:\/\/edublog.educastur.es\/llingua\/wp-json\/wp\/v2\/tags?post=665"}],"curies":[{"name":"wp","href":"https:\/\/api.w.org\/{rel}","templated":true}]}}