{"id":694,"date":"2021-10-06T18:37:01","date_gmt":"2021-10-06T16:37:01","guid":{"rendered":"https:\/\/edublog.educastur.es\/llingua\/?p=694"},"modified":"2021-10-06T18:37:01","modified_gmt":"2021-10-06T16:37:01","slug":"sede-del-bloque-oral-b2","status":"publish","type":"post","link":"https:\/\/edublog.educastur.es\/llingua\/sede-del-bloque-oral-b2\/","title":{"rendered":"Sede del Bloque oral B2"},"content":{"rendered":"<div class=\"articulo-block-title\">\n<h2 class=\"page-title\" style=\"text-align: center\"><span style=\"font-size: 14pt\">Bloque 2, ex\u00e1menes orales. Sede, aulas, calendario y protocolos<\/span><\/h2>\n<\/div>\n<div class=\"articulo-block-content\">\n<p style=\"text-align: center\"><strong>Consulta individual<\/strong><\/p>\n<p>Las personas admitidas en el proceso deber\u00e1n comprobar mediante consulta personalizada la fecha y la hora de realizaci\u00f3n. Igualmente deber\u00e1n conocer los protocolos y medidas de seguridad sanitaria.<\/p>\n<p>Para hacer la consulta escriba:<\/p>\n<ul>\n<li><strong>NIF o n\u00famero de identidad\u00a0<\/strong>utilizado en la solicitud de inscripci\u00f3n (letra en may\u00fascula).<\/li>\n<li><strong>NIE\u00a0<\/strong>(N\u00ba de Identificaci\u00f3n Escolar): c\u00f3digo num\u00e9rico que ha sido enviado al m\u00f3vil utilizado en la solicitud de inscripci\u00f3n.<\/li>\n<\/ul>\n<p><a href=\"https:\/\/www.educastur.es\/estudiantes\/consulta-ev-13\" target=\"_blank\" rel=\"noopener\">Acceder a la consulta<\/a><\/p>\n<p style=\"text-align: center\"><strong>Sede de las pruebas orales<\/strong><\/p>\n<p><a href=\"https:\/\/www.educastur.es\/documents\/10531\/9359118\/2021-10-est-ast-pruebas-bloque2-orales-sede.pdf\/76fcd569-f5e9-4a02-ba34-145a817f3d03\" target=\"_blank\" rel=\"noopener\">Plano\/Planu IES Alfonso II<\/a> (pdf)<\/p>\n<p style=\"text-align: center\"><strong>Protocolos de seguridad sanitaria<\/strong><\/p>\n<ul>\n<li><a href=\"https:\/\/www.educastur.es\/documents\/10531\/9359118\/2021-10-est-ast-pruebas-procolo-medidas-seguridad.pdf\/ea6c0959-a881-489a-aba3-60d67f3293ab\" target=\"_blank\" rel=\"noopener\">Protocolo de seguridad sanitaria<\/a> (pdf)<\/li>\n<li><a href=\"https:\/\/www.educastur.es\/documents\/10531\/9359118\/2021-10-est-ast-pruebas-medidas-seg-participantes-cast.pdf\/79f2867c-65ee-4789-b240-1dcbeb3f4057\" target=\"_blank\" rel=\"noopener\">Medidas de seguridad para participantes<\/a> (pdf)<\/li>\n<li><a href=\"https:\/\/www.educastur.es\/documents\/10531\/9359118\/2021-10-est-ast-pruebas-medidas-seg-participantes-ast.pdf\/0fea1f4f-7ced-4f4f-a5f8-a48d0a195b29\" target=\"_blank\" rel=\"noopener\">Mid\u00edes de segurid\u00e1 pa participantes (ast)<\/a> (pdf)<\/li>\n<\/ul>\n<\/div>\n","protected":false},"excerpt":{"rendered":"<p>Bloque 2, ex\u00e1menes orales. Sede, aulas, calendario y protocolos Consulta individual Las personas admitidas en el proceso deber\u00e1n comprobar mediante consulta personalizada la fecha y la hora de realizaci\u00f3n. Igualmente deber\u00e1n conocer los protocolos y medidas de seguridad sanitaria. Para hacer la consulta escriba: NIF o n\u00famero de identidad\u00a0utilizado en la solicitud de inscripci\u00f3n (letra [&hellip;]<\/p>\n","protected":false},"author":117,"featured_media":0,"comment_status":"open","ping_status":"open","sticky":false,"template":"","format":"standard","meta":{"footnotes":""},"categories":[6],"tags":[],"class_list":["post-694","post","type-post","status-publish","format-standard","hentry","category-b2","post-preview"],"_links":{"self":[{"href":"https:\/\/edublog.educastur.es\/llingua\/wp-json\/wp\/v2\/posts\/694","targetHints":{"allow":["GET"]}}],"collection":[{"href":"https:\/\/edublog.educastur.es\/llingua\/wp-json\/wp\/v2\/posts"}],"about":[{"href":"https:\/\/edublog.educastur.es\/llingua\/wp-json\/wp\/v2\/types\/post"}],"author":[{"embeddable":true,"href":"https:\/\/edublog.educastur.es\/llingua\/wp-json\/wp\/v2\/users\/117"}],"replies":[{"embeddable":true,"href":"https:\/\/edublog.educastur.es\/llingua\/wp-json\/wp\/v2\/comments?post=694"}],"version-history":[{"count":1,"href":"https:\/\/edublog.educastur.es\/llingua\/wp-json\/wp\/v2\/posts\/694\/revisions"}],"predecessor-version":[{"id":695,"href":"https:\/\/edublog.educastur.es\/llingua\/wp-json\/wp\/v2\/posts\/694\/revisions\/695"}],"wp:attachment":[{"href":"https:\/\/edublog.educastur.es\/llingua\/wp-json\/wp\/v2\/media?parent=694"}],"wp:term":[{"taxonomy":"category","embeddable":true,"href":"https:\/\/edublog.educastur.es\/llingua\/wp-json\/wp\/v2\/categories?post=694"},{"taxonomy":"post_tag","embeddable":true,"href":"https:\/\/edublog.educastur.es\/llingua\/wp-json\/wp\/v2\/tags?post=694"}],"curies":[{"name":"wp","href":"https:\/\/api.w.org\/{rel}","templated":true}]}}