{"id":709,"date":"2021-10-13T14:55:45","date_gmt":"2021-10-13T12:55:45","guid":{"rendered":"https:\/\/edublog.educastur.es\/llingua\/?p=709"},"modified":"2021-10-13T14:55:45","modified_gmt":"2021-10-13T12:55:45","slug":"llego-la-hora-chegou-la-hora","status":"publish","type":"post","link":"https:\/\/edublog.educastur.es\/llingua\/llego-la-hora-chegou-la-hora\/","title":{"rendered":"&#8216;Lleg\u00f3 la hora\/Cheg\u00f3u la hora&#8217;"},"content":{"rendered":"<div class=\"o9v6fnle cxmmr5t8 oygrvhab hcukyx3x c1et5uql ii04i59q\">\n<div dir=\"auto\">\n<!-- iframe plugin v.6.0 wordpress.org\/plugins\/iframe\/ -->\n<iframe loading=\"lazy\" width=\"100%\" height=\"360\" src=\"https:\/\/www.youtube.com\/embed\/rnKiMOHpoZY\" 0=\"\/iframe\" scrolling=\"yes\" class=\"iframe-class\" frameborder=\"0\"><\/iframe>\n<\/div>\n<div dir=\"auto\"><\/div>\n<div dir=\"auto\">Agora, a pocos d\u00edes d&#8217;una manifestaci\u00f3n pola oficialid\u00e1 que pue ser la postrera, los artistes asturianos vuelven dar un pasu m\u00e1s ayudando a promocionar la convocatoria, dando cuenta de la guo importancia hist\u00f3rica y llamando a la socied\u00e1 asturiana a sumara. Y too esto al travi\u00e9s del cantar n&#8217;asturianu y gallegu-asturianu <em><strong>&#8216;Lleg\u00f3 la hora\/Cheg\u00f3u la hora&#8217;. <\/strong><\/em><a href=\"https:\/\/www.youtube.com\/watch?fbclid=IwAR0bZdO2FtVkJgL3JUQdGh8FVLP5zFVfX7DPCK2Ig09_fy7mgggq5zbKERY&amp;v=rnKiMOHpoZY&amp;feature=youtu.be\">El videuclip ye obra del realizador Pablo Quiroga.<\/a><\/div>\n<\/div>\n<div dir=\"auto\"><\/div>\n<p><!--more--><\/p>\n<div class=\"o9v6fnle cxmmr5t8 oygrvhab hcukyx3x c1et5uql ii04i59q\">\n<div dir=\"auto\">\nLa tema ye una idea orixinal de Xune Elipe con composici\u00f3n musical de Maxi Comp\u00e1n, con producci\u00f3n musical y t\u00e9cnicu de son\u00edu de Sergio Diaz. La lletra ye de Francisco \u00c1lvarez con versi\u00f3n en gallegu-asturianu de Xos\u00e9 Miguel Su\u00e1rez.<\/div>\n<div dir=\"auto\">\nLa tema ta interpret\u00e1u por &#8216;M\u00daSICOS POLA OFICIALID\u00c1 2021&#8217;, que nesta ocasi\u00f3n ta form\u00e1u por Maxi Comp\u00e1n (voz y guitarres), Isra S\u00e1nchez (bater\u00eda), Luis Meleru (baxu), Sergio D\u00edaz (baxu y guitarres), Rub\u00e9n Bada (guitarra), Javi Texedor (gaita, acordi\u00f3n, tambor y pandereta), Xune Elipe (voz), Lluci Palombares (voz), Pablo Mart\u00ednez (voz), Silvia Quesada (voz), Leticia Baselgas (voz y pandereta) y Shalom (voz rapiao).<\/p>\n<\/div>\n<div dir=\"auto\"><\/div>\n<div dir=\"auto\"><\/div>\n<div dir=\"auto\">Agora, a pocos d\u00edes d&#8217;una manifestaci\u00f3n pola oficialid\u00e1 que pue ser la \u00faltima, los artistes asturianos vuelven dar un pasu m\u00e1s ayudando a promocionar la convocatoria, dando cuenta de la so importancia hist\u00f3rica y llamando a la socied\u00e1 asturiana a sumase. Y too esto al travi\u00e9s del cantar n&#8217;asturianu y gallego-asturianu &#8216;Lleg\u00f3 la hora\/Cheg\u00f3u el hora&#8217;.<\/div>\n<\/div>\n<div class=\"o9v6fnle cxmmr5t8 oygrvhab hcukyx3x c1et5uql ii04i59q\">\n<div dir=\"auto\">El tema ye una idea orixinal de Xune Elipe con composici\u00f3n musical de Maxi Comp\u00e1n, con producci\u00f3n musical y t\u00e9cnicu de son\u00edu de Sergio Diaz. La lletra ye de Francisco \u00c1lvarez con versi\u00f3n en gallego-asturianu de Xos\u00e9 Miguel Su\u00e1rez.<\/div>\n<\/div>\n<div class=\"o9v6fnle cxmmr5t8 oygrvhab hcukyx3x c1et5uql ii04i59q\">\n<div dir=\"auto\">El tema ta interpret\u00e1u por &#8216;M\u00daSICOS POLA OFICIALID\u00c1 2021&#8217;, que nesta ocasi\u00f3n ta form\u00e1u por Maxi Comp\u00e1n (voz y guitarres), Isra S\u00e1nchez (bater\u00eda), Luis Melero (baxu), Sergio D\u00edaz (baxu y guitarres), Rub\u00e9n Bada (guitarra), Javi Tejedor (gaita, acordi\u00f3n, tambor y pandereta), Xune Elipe (voz), Lluci Palomares (voz), Pablo Mart\u00ednez (voz), Silvia Quesada (voz), Leticia Baselgas (voz y pandereta) y Shalom (voz rapiao).<\/div>\n<\/div>\n<div class=\"o9v6fnle cxmmr5t8 oygrvhab hcukyx3x c1et5uql ii04i59q\">\n<div dir=\"auto\">El videuclip ye obra del realizador Pablo Quiroga<\/div>\n<\/div>\n","protected":false},"excerpt":{"rendered":"<p>Agora, a pocos d\u00edes d&#8217;una manifestaci\u00f3n pola oficialid\u00e1 que pue ser la postrera, los artistes asturianos vuelven dar un pasu m\u00e1s ayudando a promocionar la convocatoria, dando cuenta de la guo importancia hist\u00f3rica y llamando a la socied\u00e1 asturiana a sumara. Y too esto al travi\u00e9s del cantar n&#8217;asturianu y gallegu-asturianu &#8216;Lleg\u00f3 la hora\/Cheg\u00f3u la [&hellip;]<\/p>\n","protected":false},"author":117,"featured_media":0,"comment_status":"open","ping_status":"open","sticky":false,"template":"","format":"standard","meta":{"footnotes":""},"categories":[1],"tags":[],"class_list":["post-709","post","type-post","status-publish","format-standard","hentry","category-sin-categoria","post-preview"],"_links":{"self":[{"href":"https:\/\/edublog.educastur.es\/llingua\/wp-json\/wp\/v2\/posts\/709","targetHints":{"allow":["GET"]}}],"collection":[{"href":"https:\/\/edublog.educastur.es\/llingua\/wp-json\/wp\/v2\/posts"}],"about":[{"href":"https:\/\/edublog.educastur.es\/llingua\/wp-json\/wp\/v2\/types\/post"}],"author":[{"embeddable":true,"href":"https:\/\/edublog.educastur.es\/llingua\/wp-json\/wp\/v2\/users\/117"}],"replies":[{"embeddable":true,"href":"https:\/\/edublog.educastur.es\/llingua\/wp-json\/wp\/v2\/comments?post=709"}],"version-history":[{"count":2,"href":"https:\/\/edublog.educastur.es\/llingua\/wp-json\/wp\/v2\/posts\/709\/revisions"}],"predecessor-version":[{"id":711,"href":"https:\/\/edublog.educastur.es\/llingua\/wp-json\/wp\/v2\/posts\/709\/revisions\/711"}],"wp:attachment":[{"href":"https:\/\/edublog.educastur.es\/llingua\/wp-json\/wp\/v2\/media?parent=709"}],"wp:term":[{"taxonomy":"category","embeddable":true,"href":"https:\/\/edublog.educastur.es\/llingua\/wp-json\/wp\/v2\/categories?post=709"},{"taxonomy":"post_tag","embeddable":true,"href":"https:\/\/edublog.educastur.es\/llingua\/wp-json\/wp\/v2\/tags?post=709"}],"curies":[{"name":"wp","href":"https:\/\/api.w.org\/{rel}","templated":true}]}}