{"id":723,"date":"2021-11-06T15:06:15","date_gmt":"2021-11-06T13:06:15","guid":{"rendered":"https:\/\/edublog.educastur.es\/llingua\/?p=723"},"modified":"2021-11-06T15:06:24","modified_gmt":"2021-11-06T13:06:24","slug":"ixn-reconoceu-el-toponimo-ria-del-eo-col-mesmo-nivel-doficialida-y-uso-quel-de-ria-de-ribadeo","status":"publish","type":"post","link":"https:\/\/edublog.educastur.es\/llingua\/ixn-reconoceu-el-toponimo-ria-del-eo-col-mesmo-nivel-doficialida-y-uso-quel-de-ria-de-ribadeo\/","title":{"rendered":"IXN reconoc\u00e9u el top\u00f3nimo R\u00eda del Eo col mesmo nivel d\u2019oficialid\u00e1 y uso qu\u2019el de R\u00eda de Ribadeo"},"content":{"rendered":"<div class=\"\" dir=\"auto\">\n<div class=\"\" dir=\"auto\">\n<div class=\"ecm0bbzt hv4rvrfc ihqw7lf3 dati1w0a\" data-ad-comet-preview=\"message\" data-ad-preview=\"message\">\n<div class=\"j83agx80 cbu4d94t ew0dbk1b irj2b8pg\">\n<div class=\"qzhwtbm6 knvmm38d\">\n<div class=\"kvgmc6g5 cxmmr5t8 oygrvhab hcukyx3x c1et5uql ii04i59q\">\n<div dir=\"auto\"><\/div>\n<\/div>\n<\/div>\n<\/div>\n<ul>\n<li><a href=\"https:\/\/www.facebook.com\/selmana.lletresasturianes\">Fonte: pol\u00edtica Lling\u00fc\u00edstica<\/a><\/li>\n<\/ul>\n<div class=\"j83agx80 cbu4d94t ew0dbk1b irj2b8pg\">\n<div class=\"qzhwtbm6 knvmm38d\">\n<div class=\"kvgmc6g5 cxmmr5t8 oygrvhab hcukyx3x c1et5uql ii04i59q\">\n<div dir=\"auto\">El Instituto Xeogr\u00e1fico Nacional (IXN) reconoc\u00e9u el top\u00f3nimo R\u00eda del Eo como nome alternativo y col mesmo nivel d\u2019oficialid\u00e1 y uso qu\u2019el de R\u00eda de Ribadeo, col que s\u2019identificaba hasta agora a r\u00eda unde desemboca el Eo y que xebra Galicia y Asturias. Este reconocemento cheg\u00f3u desp\u00f3is da petici\u00f3n que curs\u00f3u a Conseyeir\u00eda de Cultura, Pol\u00edtica Lling\u00fc\u00edstica y Turismo, a trav\u00e9s da Direcci\u00f3n Xeneral de Pol\u00edtica LLing\u00fc\u00edstica, pra oficializar este top\u00f3nimo.<\/div>\n<div dir=\"auto\"><!--more--><\/div>\n<\/div>\n<div class=\"o9v6fnle cxmmr5t8 oygrvhab hcukyx3x c1et5uql ii04i59q\">\n<div dir=\"auto\">El IXN comunic\u00f3u este xoves 4 de novembre al Principao a resoluci\u00f3n desp\u00f3is d\u2019efectuar el procedemento administrativo pra oficializar a denominaci\u00f3n nova ante as administraci\u00f3is interesadas: el Goberno d\u2019Asturias, a Xunta de Galicia y os conceyos de Castropol, Ribadeo y A Veiga. Seg\u00fan a resoluci\u00f3n dictada este 29 d\u2019outubre, esta decisi\u00f3n \u201cvai supo\u00f1er a inclusi\u00f3n dos dous top\u00f3nimos en todas as bases de datos xeogr\u00e1ficas producidas polas administraci\u00f3is p\u00fablicas integradas nel Sistema Cartogr\u00e1fico Nacional y, en todo caso, nas del Administraci\u00f3n Xeneral del Estao\u201d.<\/div>\n<\/div>\n<div class=\"o9v6fnle cxmmr5t8 oygrvhab hcukyx3x c1et5uql ii04i59q\">\n<div dir=\"auto\">Adem\u00e1is, vai aconseyarse a rotulaci\u00f3n conxunta R\u00eda de Ribadeo y R\u00eda del Eo condo a escala lo permita ou ben el uso indistinto de cualquera das d\u00faas formas se lo considera el Administraci\u00f3n productora da cartograf\u00eda.<\/div>\n<\/div>\n<div class=\"o9v6fnle cxmmr5t8 oygrvhab hcukyx3x c1et5uql ii04i59q\">\n<div dir=\"auto\">A oficializaci\u00f3n del top\u00f3nimo R\u00eda del Eo d\u00e1 resposta a \u00faa demanda del Goberno d\u2019Asturias, que veu defendendo esta denominaci\u00f3n, con un uso que xa aparece rexistrado en documentos oficiales dende 1871, el qu\u2019amostra un grao d\u2019uso curioso nel siglo XIX. A presencia d\u2019este top\u00f3nimo tam\u00e9n aparece reflexada na cartograf\u00eda del propio Instituto Xeogr\u00e1fico Nacional dende 1991 y noutras documentaci\u00f3is, como el acta de deslinde y cuaderno asociao na llinia l\u00edmite A Veiga-Ribadeo, dende 1960.<\/div>\n<\/div>\n<\/div>\n<\/div>\n<\/div>\n<\/div>\n<\/div>\n<p>&nbsp;<\/p>\n","protected":false},"excerpt":{"rendered":"<p>Fonte: pol\u00edtica Lling\u00fc\u00edstica El Instituto Xeogr\u00e1fico Nacional (IXN) reconoc\u00e9u el top\u00f3nimo R\u00eda del Eo como nome alternativo y col mesmo nivel d\u2019oficialid\u00e1 y uso qu\u2019el de R\u00eda de Ribadeo, col que s\u2019identificaba hasta agora a r\u00eda unde desemboca el Eo y que xebra Galicia y Asturias. Este reconocemento cheg\u00f3u desp\u00f3is da petici\u00f3n que curs\u00f3u a [&hellip;]<\/p>\n","protected":false},"author":117,"featured_media":0,"comment_status":"open","ping_status":"open","sticky":false,"template":"","format":"standard","meta":{"footnotes":""},"categories":[1,17],"tags":[],"class_list":["post-723","post","type-post","status-publish","format-standard","hentry","category-sin-categoria","category-toponimia","post-preview"],"_links":{"self":[{"href":"https:\/\/edublog.educastur.es\/llingua\/wp-json\/wp\/v2\/posts\/723","targetHints":{"allow":["GET"]}}],"collection":[{"href":"https:\/\/edublog.educastur.es\/llingua\/wp-json\/wp\/v2\/posts"}],"about":[{"href":"https:\/\/edublog.educastur.es\/llingua\/wp-json\/wp\/v2\/types\/post"}],"author":[{"embeddable":true,"href":"https:\/\/edublog.educastur.es\/llingua\/wp-json\/wp\/v2\/users\/117"}],"replies":[{"embeddable":true,"href":"https:\/\/edublog.educastur.es\/llingua\/wp-json\/wp\/v2\/comments?post=723"}],"version-history":[{"count":1,"href":"https:\/\/edublog.educastur.es\/llingua\/wp-json\/wp\/v2\/posts\/723\/revisions"}],"predecessor-version":[{"id":724,"href":"https:\/\/edublog.educastur.es\/llingua\/wp-json\/wp\/v2\/posts\/723\/revisions\/724"}],"wp:attachment":[{"href":"https:\/\/edublog.educastur.es\/llingua\/wp-json\/wp\/v2\/media?parent=723"}],"wp:term":[{"taxonomy":"category","embeddable":true,"href":"https:\/\/edublog.educastur.es\/llingua\/wp-json\/wp\/v2\/categories?post=723"},{"taxonomy":"post_tag","embeddable":true,"href":"https:\/\/edublog.educastur.es\/llingua\/wp-json\/wp\/v2\/tags?post=723"}],"curies":[{"name":"wp","href":"https:\/\/api.w.org\/{rel}","templated":true}]}}