{"id":730,"date":"2021-11-17T22:16:17","date_gmt":"2021-11-17T20:16:17","guid":{"rendered":"https:\/\/edublog.educastur.es\/llingua\/?p=730"},"modified":"2021-11-20T12:18:05","modified_gmt":"2021-11-20T10:18:05","slug":"el-comic-y-la-musica-van-protagonizar-la-43-selmana-de-les-lletres-asturianes","status":"publish","type":"post","link":"https:\/\/edublog.educastur.es\/llingua\/el-comic-y-la-musica-van-protagonizar-la-43-selmana-de-les-lletres-asturianes\/","title":{"rendered":"El c\u00f3mic y la m\u00fasica van protagonizar la 43 Selmana de les Lletres Asturianes"},"content":{"rendered":"<p style=\"text-align: center\"><img loading=\"lazy\" decoding=\"async\" class=\"alignnone \" src=\"https:\/\/tinypix.top\/images\/2021\/11\/17\/vVVno.jpg\" width=\"281\" height=\"173\" \/><\/p>\n<p>El c\u00f3mic y la m\u00fasica van protagonizar el programa d&#8217;actividaes de la 43 Selmana de les Lletres Asturianes, que fai homenaxe a \u00cdgor Medio<\/p>\n<p style=\"text-align: center\"><a href=\"https:\/\/politicallinguistica.asturias.es\/documents\/71052\/113156\/Igor+Medio+con+dos+ejemplares+de+La+familia+Casta%C3%B1%C3%B3n.jpg\/6e483643-5dd9-21d7-b1c4-28863484aa66?t=1637224855610\"><img loading=\"lazy\" decoding=\"async\" class=\"alignnone\" src=\"https:\/\/politicallinguistica.asturias.es\/documents\/71052\/113156\/Igor+Medio+con+dos+ejemplares+de+La+familia+Casta%C3%B1%C3%B3n.jpg\/6e483643-5dd9-21d7-b1c4-28863484aa66?t=1637224855610\" alt=\"\" width=\"589\" height=\"331\" \/><\/a><\/p>\n<ul>\n<li><a href=\"https:\/\/www.asturias.es\/detalle-noticia\/-\/categories\/572315?p_r_p_categoryId=572315&amp;_com_liferay_asset_categories_navigation_web_portlet_AssetCategoriesNavigationPortlet_articleId=1317847&amp;articleId=1317847&amp;title=El%20c%C3%B3mic%20y%20la%20m%C3%BAsica%20protagonizar%C3%A1n%20la%2043%20Selmana%20de%20les%20Lletres%20Asturianes%2C%20que...&amp;redirect=https%3A%2F%2Fwww.asturias.es%2Finicio%3Fp_p_id%3Dcom_liferay_asset_publisher_web_portlet_AssetPublisherPortlet_INSTANCE_nZPib2vYnWt4%26p_p_lifecycle%3D0%26p_p_state%3Dnormal%26p_p_mode%3Dview\">Fonte noticia: Asturias.es<\/a> \/<a href=\"https:\/\/politicallinguistica.asturias.es\/\"> Pol\u00edtica lling\u00fc\u00edtica<\/a> \/<\/li>\n<\/ul>\n<p><!--more--><\/p>\n<div class=\"description\">\n<ul>\n<li><em><strong>Norman Fern\u00e1ndez y Ruma Barbero coordinar\u00e1n la programaci\u00f3n de esta edici\u00f3n, dedicada a los g\u00e9neros art\u00edsticos en los que el creador gijon\u00e9s obtuvo reconocimiento<\/strong><\/em><\/li>\n<li><em><strong>Es la primera vez que una persona nacida en la d\u00e9cada de los 70 del siglo pasado centra este evento<\/strong><\/em><\/li>\n<\/ul>\n<p>La Consejer\u00eda de Cultura, Pol\u00edtica Lling\u00fc\u00edstica y Turismo, a trav\u00e9s de la Direcci\u00f3n General de Pol\u00edtica Lling\u00fc\u00edstica, ha comenzado a planificar la programaci\u00f3n y las publicaciones de la 43 Selmana de les Lletres Asturianes, que girar\u00e1 en torno a las actividades art\u00edsticas en las que destac\u00f3 con brillantez y \u00e9xito el creador Igor Medio: el c\u00f3mic y la m\u00fasica. El artista gijon\u00e9s, fallecido en un accidente de tr\u00e1fico en 2006, hubiese cumplido 50 a\u00f1os en 2022.<\/p>\n<p>El programa estar\u00e1 coordinado por Norman Fern\u00e1ndez Tasc\u00f3n, autor de varias monograf\u00edas sobre historieta, adem\u00e1s de comentarista y articulista sobre c\u00f3mics y colaborador habitual de la Semana Negra de Gij\u00f3n y otros eventos en torno a este g\u00e9nero; junto con el m\u00fasico y dibujante de c\u00f3mic Ruma Barbero de Diego, quien en 1991 fund\u00f3 junto a Medio el grupo de folk Felpeyu.<\/p>\n<p>La Selmana de les Lletres Asturianes, homenaje p\u00fablico e institucional a la creaci\u00f3n literaria en lengua asturiana, se celebra cada mes de mayo desde 1980 y se ha ido configurando como un acontecimiento cultural de gran importancia y vitalidad. Se trata de un evento participativo en el que se dan la mano lo literario, lo festivo y lo institucional. A esta celebraci\u00f3n organizada por el Gobierno de Asturias se unen m\u00faltiples instituciones y participan de manera especial centros educativos, librer\u00edas, editoriales, escritores y medios de comunicaci\u00f3n.\u200b\u200b\u200b\u200b<\/p>\n<\/div>\n<p>&nbsp;<\/p>\n","protected":false},"excerpt":{"rendered":"<p>El c\u00f3mic y la m\u00fasica van protagonizar el programa d&#8217;actividaes de la 43 Selmana de les Lletres Asturianes, que fai homenaxe a \u00cdgor Medio Fonte noticia: Asturias.es \/ Pol\u00edtica lling\u00fc\u00edtica \/<\/p>\n","protected":false},"author":117,"featured_media":0,"comment_status":"open","ping_status":"open","sticky":false,"template":"","format":"standard","meta":{"footnotes":""},"categories":[3],"tags":[],"class_list":["post-730","post","type-post","status-publish","format-standard","hentry","category-selmana-de-les-lletres","post-preview"],"_links":{"self":[{"href":"https:\/\/edublog.educastur.es\/llingua\/wp-json\/wp\/v2\/posts\/730","targetHints":{"allow":["GET"]}}],"collection":[{"href":"https:\/\/edublog.educastur.es\/llingua\/wp-json\/wp\/v2\/posts"}],"about":[{"href":"https:\/\/edublog.educastur.es\/llingua\/wp-json\/wp\/v2\/types\/post"}],"author":[{"embeddable":true,"href":"https:\/\/edublog.educastur.es\/llingua\/wp-json\/wp\/v2\/users\/117"}],"replies":[{"embeddable":true,"href":"https:\/\/edublog.educastur.es\/llingua\/wp-json\/wp\/v2\/comments?post=730"}],"version-history":[{"count":5,"href":"https:\/\/edublog.educastur.es\/llingua\/wp-json\/wp\/v2\/posts\/730\/revisions"}],"predecessor-version":[{"id":757,"href":"https:\/\/edublog.educastur.es\/llingua\/wp-json\/wp\/v2\/posts\/730\/revisions\/757"}],"wp:attachment":[{"href":"https:\/\/edublog.educastur.es\/llingua\/wp-json\/wp\/v2\/media?parent=730"}],"wp:term":[{"taxonomy":"category","embeddable":true,"href":"https:\/\/edublog.educastur.es\/llingua\/wp-json\/wp\/v2\/categories?post=730"},{"taxonomy":"post_tag","embeddable":true,"href":"https:\/\/edublog.educastur.es\/llingua\/wp-json\/wp\/v2\/tags?post=730"}],"curies":[{"name":"wp","href":"https:\/\/api.w.org\/{rel}","templated":true}]}}