{"id":763,"date":"2021-11-24T23:49:05","date_gmt":"2021-11-24T21:49:05","guid":{"rendered":"https:\/\/edublog.educastur.es\/llingua\/?p=763"},"modified":"2021-11-24T23:52:01","modified_gmt":"2021-11-24T21:52:01","slug":"valcarcel-xvi-premiu-de-les-lletres-dasturies","status":"publish","type":"post","link":"https:\/\/edublog.educastur.es\/llingua\/valcarcel-xvi-premiu-de-les-lletres-dasturies\/","title":{"rendered":"Valc\u00e1rcel, XVI Premiu de les Lletres d&#8217;Asturies"},"content":{"rendered":"<p style=\"text-align: center\"><a href=\"https:\/\/cloudfront-eu-central-1.images.arcpublishing.com\/larazon\/D2MQ43N6VRFUJHU3XIM2DEVFH4.jpg\"><img loading=\"lazy\" decoding=\"async\" class=\"alignnone\" src=\"https:\/\/cloudfront-eu-central-1.images.arcpublishing.com\/larazon\/D2MQ43N6VRFUJHU3XIM2DEVFH4.jpg\" alt=\"\" width=\"358\" height=\"358\" \/><\/a><\/p>\n<ul>\n<li><a href=\"https:\/\/asturies.com\/noticies\/valcarcel-xvi-premiu-de-les-lletres-dasturies?fbclid=IwAR07U32Ug4VMkZo-i9evaQFoM2Rmo8DvWtvEWD8z-9qI-mWBbBSxmQOJN54\">Fonte noticia: Asturies.com<\/a><\/li>\n<\/ul>\n<div class=\"field field-name-field-noticies-rellacionaes field-type-node-reference field-label-hidden\">\n<ul>\n<li>\n<blockquote><p><a href=\"https:\/\/asturies.com\/noticies\/sentimonos-arguyosos-de-premiar-a-los-nuesos-autores-pa-que-nasturies-se-sepa-quequi-hai\">\u201cSent\u00edmonos arguyosos de premiar a los nuesos autores, pa que n\u2019Asturies se sepa qu\u2019equ\u00ed hai escritores escelentes\u201d, diz Esther Garc\u00eda<\/a><\/p><\/blockquote>\n<\/li>\n<\/ul>\n<\/div>\n<div class=\"field field-name-taxonomy-vocabulary-2 field-type-taxonomy-term-reference field-label-hidden\">\n<ul>\n<li class=\"field-items\"><a href=\"https:\/\/es.wikipedia.org\/wiki\/Amelia_Valc%C3%A1rcel\">Amelia Valc\u00e1rcel: wiki<\/a> \/ <a href=\"https:\/\/www.google.com\/search?q=amelia+valcarcel&amp;client=firefox-b-d&amp;sxsrf=AOaemvLVwucOxCFczyPFU6fX7aVUAeODnw:1637790572702&amp;source=lnms&amp;tbm=isch&amp;sa=X&amp;ved=2ahUKEwjzi7Wq_bH0AhVHD2MBHY0GAHoQ_AUoA3oECAEQBQ&amp;biw=1536&amp;bih=739&amp;dpr=1.25\">semeyes<\/a> \/<\/li>\n<\/ul>\n<\/div>\n<p><!--more--><\/p>\n<div class=\"content clearfix\">\n<div class=\"field field-name-field-semeya2 field-type-image field-label-hidden\">\n<div class=\"field-item even\"><\/div>\n<\/div>\n<div class=\"field field-name-body field-type-text-with-summary field-label-hidden\">\n<div class=\"field-items\">\n<div class=\"field-item even\">\n<p>Los finaos Xos\u00e9 Bolado y Jos\u00e9 Herrero van recibir tami\u00e9n una menci\u00f3n especial de l&#8217;<a href=\"https:\/\/www.escritoresdeasturias.es\/\">Asociaci\u00f3n d&#8217;Escritores d&#8217;Asturies<\/a>.<\/p>\n<p>La xunta direutiva d&#8217;esti coleutivu decidi\u00f3 conceder el XVI Premiu de les Lletres d&#8217;Asturies por unanimid\u00e1 a Amelia Valc\u00e1rcel. La fil\u00f3sofa y escritora ye la merecedora esti a\u00f1u d&#8217;esti reconocimientu a escritores asturianos o residentes nel pa\u00eds \u00abpolos sos m\u00e9ritos y trayeutoria nel campu de les lletres, y de la lliteratura nos distintos x\u00e9neros\u00bb.<\/p>\n<p>Les persones encargaes d&#8217;escoyer la persona merecedora d&#8217;esti gallard\u00f3n argumentaron la so decisi\u00f3n en que Valc\u00e1rcel ye \u00abautora de numberoses espublizaciones de prestixu tornaes a dellos idiomes, adem\u00e1s d&#8217;una rellumante trayeutoria acad\u00e9mica\u00bb y rescamplaron los sos \u00abmunchos y altos nomamientos, la so valent\u00eda y la so actit\u00fa combativa, rompedora siempre y comprometida, ensin tregua, col feminismu de la iguald\u00e1 y tolos sos derechos; un feminismu nunca entend\u00edu como inquisitorial, sin\u00f3n como tradici\u00f3n de llucha pac\u00edfica\u00bb.<\/p>\n<p>D&#8217;igual forma reconz que \u00abtanto&#8217;l so nome, el so pensamientu y la so dial\u00e9utica direuta y ensin tab\u00fas, trespasan fronteres y xeneraciones. Figura clave de la Cultura y de les Humanidaes, a la par que reivindicativa, apuesta, dende un entamu, pola paz, la integraci\u00f3n, la tolerancia y la postmodernid\u00e1 y defende que neng\u00fan individuu de la especie humana ha ser escluy\u00edu de cualquier bien y de neng\u00fan derechu por mor del so sexu, y\u00e1 que ser feminista ye otra cosa: ye pensar normativamente como si&#8217;l sexu nun esistiera\u00bb.<\/p>\n<p>Caderalga em\u00e9rita de Filosof\u00eda Moral y Pol\u00edtica de la UNED, Valc\u00e1rcel foi fundadora de Conceyu Bable xunto con Xuan Xos\u00e9 S\u00e1nchez Vicente, Xos\u00e9 Lluis Garc\u00eda Arias y Lluis Xabel \u00c1lvarez, y lleg\u00f3 a ser presidenta d\u2019esta asociaci\u00f3n. Nel a\u00f1u 1979 publica &#8216;El nacionalismo asturiano<em>&#8216; <\/em>en collaboraci\u00f3n con Ram\u00f3n Cavanilles, onde prop\u00f3n un nacionalismu bas\u00e1u na reivindicaci\u00f3n cultural y na llingua asturiana, y tien escrito ensayos filos\u00f3ficos y testos lliterarios, am\u00e1s de feches traducciones.<\/p>\n<p>Del 1993 al 1995 foi conseyera d&#8217;Educaci\u00f3n, Cultura, Deportes y Moced\u00e1 col socialista Antonio Trev\u00edn. Angua\u00f1o\u00a0Valc\u00e1rcel, qu&#8217;asocede nel Premiu de les Lletres Asturianes a Carmen Ruiz-Tilve, ye conseyera eleutiva del Conseyu d&#8217;Est\u00e1u.<\/p>\n<p><strong>Xunto colos Premios de la Cr\u00edtica<\/strong><\/p>\n<p>Nel mesmu aconceyamientu, la xunta direutiva tami\u00e9n decidi\u00f3 dar una menci\u00f3n especial a los escritores-socios finaos esti a\u00f1u, Bolado y Herrero. Estos reconocimientos danse nun actu al empar que los Premios de la Cr\u00edtica, que viven la so ventena primer edici\u00f3n.<\/p>\n<\/div>\n<\/div>\n<\/div>\n<\/div>\n<p>&nbsp;<\/p>\n","protected":false},"excerpt":{"rendered":"<p>Fonte noticia: Asturies.com \u201cSent\u00edmonos arguyosos de premiar a los nuesos autores, pa que n\u2019Asturies se sepa qu\u2019equ\u00ed hai escritores escelentes\u201d, diz Esther Garc\u00eda Amelia Valc\u00e1rcel: wiki \/ semeyes \/<\/p>\n","protected":false},"author":117,"featured_media":0,"comment_status":"open","ping_status":"open","sticky":false,"template":"","format":"standard","meta":{"footnotes":""},"categories":[12],"tags":[],"class_list":["post-763","post","type-post","status-publish","format-standard","hentry","category-asturies-com","post-preview"],"_links":{"self":[{"href":"https:\/\/edublog.educastur.es\/llingua\/wp-json\/wp\/v2\/posts\/763","targetHints":{"allow":["GET"]}}],"collection":[{"href":"https:\/\/edublog.educastur.es\/llingua\/wp-json\/wp\/v2\/posts"}],"about":[{"href":"https:\/\/edublog.educastur.es\/llingua\/wp-json\/wp\/v2\/types\/post"}],"author":[{"embeddable":true,"href":"https:\/\/edublog.educastur.es\/llingua\/wp-json\/wp\/v2\/users\/117"}],"replies":[{"embeddable":true,"href":"https:\/\/edublog.educastur.es\/llingua\/wp-json\/wp\/v2\/comments?post=763"}],"version-history":[{"count":4,"href":"https:\/\/edublog.educastur.es\/llingua\/wp-json\/wp\/v2\/posts\/763\/revisions"}],"predecessor-version":[{"id":768,"href":"https:\/\/edublog.educastur.es\/llingua\/wp-json\/wp\/v2\/posts\/763\/revisions\/768"}],"wp:attachment":[{"href":"https:\/\/edublog.educastur.es\/llingua\/wp-json\/wp\/v2\/media?parent=763"}],"wp:term":[{"taxonomy":"category","embeddable":true,"href":"https:\/\/edublog.educastur.es\/llingua\/wp-json\/wp\/v2\/categories?post=763"},{"taxonomy":"post_tag","embeddable":true,"href":"https:\/\/edublog.educastur.es\/llingua\/wp-json\/wp\/v2\/tags?post=763"}],"curies":[{"name":"wp","href":"https:\/\/api.w.org\/{rel}","templated":true}]}}