{"id":779,"date":"2021-12-11T17:40:44","date_gmt":"2021-12-11T15:40:44","guid":{"rendered":"https:\/\/edublog.educastur.es\/llingua\/?p=779"},"modified":"2021-12-11T17:57:38","modified_gmt":"2021-12-11T15:57:38","slug":"proyectu-fernan-coronas","status":"publish","type":"post","link":"https:\/\/edublog.educastur.es\/llingua\/proyectu-fernan-coronas\/","title":{"rendered":"Proyectu Fern\u00e1n-Coronas"},"content":{"rendered":"<div class=\"\" dir=\"auto\">\n<div class=\"\" dir=\"auto\">\n<div class=\"ecm0bbzt hv4rvrfc ihqw7lf3 dati1w0a\" data-ad-comet-preview=\"message\" data-ad-preview=\"message\">\n<div class=\"j83agx80 cbu4d94t ew0dbk1b irj2b8pg\">\n<div class=\"qzhwtbm6 knvmm38d\">\n<div class=\"kvgmc6g5 cxmmr5t8 oygrvhab hcukyx3x c1et5uql ii04i59q\">\n<div dir=\"auto\" style=\"text-align: center\"><a href=\"https:\/\/politicallinguistica.asturias.es\/documents\/71052\/117924\/Cartel+xornada+Padre+Galo+%281%29.jpg\/93443f45-b71c-020a-36e9-2734efd9ba85?t=1639122806114\"><img loading=\"lazy\" decoding=\"async\" class=\"alignnone\" src=\"https:\/\/politicallinguistica.asturias.es\/documents\/71052\/117924\/Cartel+xornada+Padre+Galo+%281%29.jpg\/93443f45-b71c-020a-36e9-2734efd9ba85?t=1639122806114\" alt=\"\" width=\"553\" height=\"782\" \/><\/a><\/div>\n<div dir=\"auto\"><\/div>\n<div dir=\"auto\">El martes 21 d\u2019avientu va celebrase una xornada esplicativa del Proyectu Fern\u00e1n-Coronas, nel que collaboren la Fundaci\u00f3n Vald\u00e9s-Salas, la Universid\u00e1 d\u2019Uvi\u00e9u y <a class=\"oajrlxb2 g5ia77u1 qu0x051f esr5mh6w e9989ue4 r7d6kgcz rq0escxv nhd2j8a9 nc684nl6 p7hjln8o kvgmc6g5 cxmmr5t8 oygrvhab hcukyx3x jb3vyjys rz4wbd8a qt6c0cv9 a8nywdso i1ao9s8h esuyzwwr f1sip0of lzcic4wl gpro0wi8 q66pz984 b1v8xokw\" role=\"link\" href=\"https:\/\/www.facebook.com\/selmana.lletresasturianes?__cft__[0]=AZWUcr83vaPxIXTrj68ggkOdRzz5TNoYnHRmxBPcxROiMAWdNZW9Gf6Sf4_yoexjUT2j-xHQG4zNzTAyYNbWFXsmWhNOYFXsqxgFJgOIY9MwfqlefnGdfDaaYbQferugWkcXxSrpViKukXsmA2Vb6_bpXtqEp2HhXk1r3a0exygXnA&amp;__tn__=-]K-y-R\"><span class=\"nc684nl6\">Pol\u00edtica Lling\u00fc\u00edstica Princip\u00e1u d&#8217;Asturies<\/span><\/a>.<\/div>\n<\/div>\n<\/div>\n<div dir=\"auto\"><!--more--><\/div>\n<div class=\"qzhwtbm6 knvmm38d\">\n<div class=\"cxmmr5t8 oygrvhab hcukyx3x c1et5uql o9v6fnle ii04i59q\">\n<div dir=\"auto\">Les tres instituciones empecipiaron un proyectu de recuperaci\u00f3n del inmensu leg\u00e1u del escritor Fern\u00e1n-Coronas (Cadav\u00e9u, 1884-Vil.lar,1939) cola cuenta d&#8217;inventarialu, da-y un tratamientu integrador, facelu p\u00fablicu y ponelu a disposici\u00f3n del personal investigador y divulgador.<\/div>\n<\/div>\n<div class=\"cxmmr5t8 oygrvhab hcukyx3x c1et5uql o9v6fnle ii04i59q\">\n<ul>\n<li>M\u00e1s informaci\u00f3n: <a class=\"oajrlxb2 g5ia77u1 qu0x051f esr5mh6w e9989ue4 r7d6kgcz rq0escxv nhd2j8a9 nc684nl6 p7hjln8o kvgmc6g5 cxmmr5t8 oygrvhab hcukyx3x jb3vyjys rz4wbd8a qt6c0cv9 a8nywdso i1ao9s8h esuyzwwr f1sip0of lzcic4wl gpro0wi8 py34i1dx\" role=\"link\" href=\"https:\/\/tinyurl.com\/fernancoronas?fbclid=IwAR1ZH7Z2n0cUH58CgaHjG3R904p2OgCzNGk811x4DS8rnl5Owilu33ooEKQ\" target=\"_blank\" rel=\"nofollow noopener\">https:\/\/tinyurl.com\/fernancoronas<\/a><\/li>\n<\/ul>\n<\/div>\n<div dir=\"auto\">\n<p>La Conseyer\u00eda de Cultura, Pol\u00edtica Lling\u00fc\u00edstica y Turismu y la Fundaci\u00f3n Vald\u00e9s-Salas empecipiaron en collaboraci\u00f3n cola Universid\u00e1 d&#8217;Uvi\u00e9u un proyectu de recuperaci\u00f3n del inmensu leg\u00e1u del escritor Fern\u00e1n-Coronas (Cadav\u00e9u, 1884-Vil.lar,1939) cola cuenta d&#8217;inventarialu, da-y un tratamientu integrador, facelu p\u00fablicu y ponelu a disposici\u00f3n del personal investigador y divulgador. Pa eso, ta previsto que los trabayos del Proyectu Fern\u00e1n-Coronas, que se va estender hasta 2023, se vaigan dando a conocer al travi\u00e9s de distintos seminarios; el primeru d&#8217;ellos va <span style=\"text-decoration: underline\">tener llugar el martes 21 d&#8217;avientu nel Edificiu Hist\u00f3riciu de la Universid\u00e1.<\/span><\/p>\n<p><span style=\"text-decoration: underline\"><em>Nesta xornada esplicativa van intervenir:<\/em><\/span><\/p>\n<p><em>-Jes\u00fas Men\u00e9ndez Pel\u00e1ez (Fundaci\u00f3n Vald\u00e9s-Salas).<\/em><br \/>\n<em>-Xulio Viejo Fern\u00e1ndez (Director cient\u00edficu del proyectu).<\/em><br \/>\n<em>-Adri\u00e1n Mart\u00ednez Exp\u00f3sito (Investigador del proyectu).<\/em><br \/>\n<em>-Jes\u00fas Antonio Cid (Fundaci\u00f3n Men\u00e9ndez Pidal).<\/em><br \/>\n<em>-Marta P\u00e9rez Toral (Real Institutu d\u2019Estudios Asturianos).<\/em><br \/>\n<em>-Juaco L\u00f3pez \u00c1lvarez (Mus\u00e9u del Pueblu d\u2019Asturies).<\/em><br \/>\n<em>-Alfonso Fern\u00e1ndez Garc\u00eda (Mus\u00e9u del Pueblu d\u2019Asturies).<\/em><\/p>\n<p>La xornada empieza a les 16 hores nel Aula Escalonada del Edificiu Hist\u00f3ricu de la Universid\u00e1. Entrada llibre hasta enllenar l&#8217;aforu.<\/p>\n<\/div>\n<\/div>\n<\/div>\n<\/div>\n<\/div>\n<\/div>\n<p>&nbsp;<\/p>\n","protected":false},"excerpt":{"rendered":"<p>El martes 21 d\u2019avientu va celebrase una xornada esplicativa del Proyectu Fern\u00e1n-Coronas, nel que collaboren la Fundaci\u00f3n Vald\u00e9s-Salas, la Universid\u00e1 d\u2019Uvi\u00e9u y Pol\u00edtica Lling\u00fc\u00edstica Princip\u00e1u d&#8217;Asturies.<\/p>\n","protected":false},"author":117,"featured_media":0,"comment_status":"open","ping_status":"open","sticky":false,"template":"","format":"standard","meta":{"footnotes":""},"categories":[1],"tags":[],"class_list":["post-779","post","type-post","status-publish","format-standard","hentry","category-sin-categoria","post-preview"],"_links":{"self":[{"href":"https:\/\/edublog.educastur.es\/llingua\/wp-json\/wp\/v2\/posts\/779","targetHints":{"allow":["GET"]}}],"collection":[{"href":"https:\/\/edublog.educastur.es\/llingua\/wp-json\/wp\/v2\/posts"}],"about":[{"href":"https:\/\/edublog.educastur.es\/llingua\/wp-json\/wp\/v2\/types\/post"}],"author":[{"embeddable":true,"href":"https:\/\/edublog.educastur.es\/llingua\/wp-json\/wp\/v2\/users\/117"}],"replies":[{"embeddable":true,"href":"https:\/\/edublog.educastur.es\/llingua\/wp-json\/wp\/v2\/comments?post=779"}],"version-history":[{"count":2,"href":"https:\/\/edublog.educastur.es\/llingua\/wp-json\/wp\/v2\/posts\/779\/revisions"}],"predecessor-version":[{"id":781,"href":"https:\/\/edublog.educastur.es\/llingua\/wp-json\/wp\/v2\/posts\/779\/revisions\/781"}],"wp:attachment":[{"href":"https:\/\/edublog.educastur.es\/llingua\/wp-json\/wp\/v2\/media?parent=779"}],"wp:term":[{"taxonomy":"category","embeddable":true,"href":"https:\/\/edublog.educastur.es\/llingua\/wp-json\/wp\/v2\/categories?post=779"},{"taxonomy":"post_tag","embeddable":true,"href":"https:\/\/edublog.educastur.es\/llingua\/wp-json\/wp\/v2\/tags?post=779"}],"curies":[{"name":"wp","href":"https:\/\/api.w.org\/{rel}","templated":true}]}}