{"id":791,"date":"2021-12-29T09:58:49","date_gmt":"2021-12-29T07:58:49","guid":{"rendered":"https:\/\/edublog.educastur.es\/llingua\/?p=791"},"modified":"2021-12-31T11:48:33","modified_gmt":"2021-12-31T09:48:33","slug":"aprobada-la-toponimia-oficial-de-llanera-y-el-valle-baju-de-penamellera","status":"publish","type":"post","link":"https:\/\/edublog.educastur.es\/llingua\/aprobada-la-toponimia-oficial-de-llanera-y-el-valle-baju-de-penamellera\/","title":{"rendered":"Aprobada la toponimia oficial de Llanera y El Valle Baju de Pe\u00f1amellera"},"content":{"rendered":"<div class=\"\" dir=\"auto\">\n<div class=\"\" dir=\"auto\">\n<div class=\"ecm0bbzt hv4rvrfc ihqw7lf3 dati1w0a\" data-ad-comet-preview=\"message\" data-ad-preview=\"message\">\n<div class=\"j83agx80 cbu4d94t ew0dbk1b irj2b8pg\">\n<div class=\"qzhwtbm6 knvmm38d\">\n<div class=\"kvgmc6g5 cxmmr5t8 oygrvhab hcukyx3x c1et5uql ii04i59q\">\n<div dir=\"auto\" style=\"text-align: center\"><img loading=\"lazy\" decoding=\"async\" class=\"alignnone size-medium\" src=\"https:\/\/politicallinguistica.asturias.es\/documents\/71052\/120409\/toponimia+%281%29.jpg\/11f889f7-bb30-f07b-f6de-c52b95eceefa?t=1640174830094\" width=\"640\" height=\"360\" \/><\/div>\n<div dir=\"auto\"><\/div>\n<div dir=\"auto\">El Conseyu de Gobiernu aprob\u00f3 na so reuni\u00f3n de g\u00fcei, 22 d\u2019avientu del 2021, la toponimia oficial de Llanera y El Valle Baju de Pe\u00f1amellera, depu\u00e9s de qu\u2019estos conceyos validaren el dictame emit\u00edu pola Xunta Asesora de Toponimia.<\/div>\n<ul>\n<li><a href=\"https:\/\/www.facebook.com\/selmana.lletresasturianes\">Fonte noticia: Pol\u00edtica Lling\u00fc\u00edstica<\/a><\/li>\n<li><a href=\"https:\/\/politicallinguistica.asturias.es\/\">Pol\u00edtica Lling\u00fc\u00edstica<\/a> \/\u00a0 facebook<\/li>\n<\/ul>\n<p><!--more--><\/p>\n<\/div>\n<div dir=\"auto\">\n<p><span class=\"d2edcug0 hpfvmrgz qv66sw1b c1et5uql lr9zc1uh a8c37x1j keod5gw0 nxhoafnm aigsh9s9 fe6kdd0r mau55g9w c8b282yb d3f4x2em iv3no6db gfeo3gy3 a3bd9o3v b1v8xokw oo9gr5id hzawbc8m\" dir=\"auto\">Y\u00e1 t\u00e1n nel @BOPAstur los llistaos colos top\u00f3nimos tradicionales oficializaos de: <\/span><\/p>\n<ul>\n<li><span class=\"d2edcug0 hpfvmrgz qv66sw1b c1et5uql lr9zc1uh a8c37x1j keod5gw0 nxhoafnm aigsh9s9 fe6kdd0r mau55g9w c8b282yb d3f4x2em iv3no6db gfeo3gy3 a3bd9o3v b1v8xokw oo9gr5id hzawbc8m\" dir=\"auto\"><a class=\"oajrlxb2 g5ia77u1 qu0x051f esr5mh6w e9989ue4 r7d6kgcz rq0escxv nhd2j8a9 nc684nl6 p7hjln8o kvgmc6g5 cxmmr5t8 oygrvhab hcukyx3x jb3vyjys rz4wbd8a qt6c0cv9 a8nywdso i1ao9s8h esuyzwwr f1sip0of lzcic4wl gpro0wi8 q66pz984 b1v8xokw\" role=\"link\" href=\"https:\/\/www.facebook.com\/hashtag\/llanera?__eep__=6&amp;__gid__=225313300642&amp;__cft__[0]=AZXH2IyPd-FZunDrZNqC53CO6ePkujxRW-ULhplTiXll7kiUSeqIl0V7oxj31gdQg1cOa5AFfFqHqim51n1a5vdlXPWT3mVXqnJQ2oIA2BgkHQEm6pou7eYY_hiE5QQM_1lyOXHsshZZB7mdwH1HAnvywKInXRmS6Q0AU1l43JTXm1hE_n25yqUt-qG71Si-eJo&amp;__tn__=*NK-R\">#Llanera<\/a> (<a class=\"oajrlxb2 g5ia77u1 qu0x051f esr5mh6w e9989ue4 r7d6kgcz rq0escxv nhd2j8a9 nc684nl6 p7hjln8o kvgmc6g5 cxmmr5t8 oygrvhab hcukyx3x jb3vyjys rz4wbd8a qt6c0cv9 a8nywdso i1ao9s8h esuyzwwr f1sip0of lzcic4wl gpro0wi8 py34i1dx\" role=\"link\" href=\"https:\/\/sede.asturias.es\/bopa\/2021\/12\/31\/2021-11353.pdf?fbclid=IwAR0iRZmh3Qr9oLJ7oVAVl7mm4CjqikdnXXW6tiIDzRMHwLw4Zb04uqC4Rk8\" target=\"_blank\" rel=\"nofollow noopener\">https:\/\/sede.asturias.es\/bopa\/2021\/12\/31\/2021-11353.pdf<\/a>) y<\/span><\/li>\n<li><span class=\"d2edcug0 hpfvmrgz qv66sw1b c1et5uql lr9zc1uh a8c37x1j keod5gw0 nxhoafnm aigsh9s9 fe6kdd0r mau55g9w c8b282yb d3f4x2em iv3no6db gfeo3gy3 a3bd9o3v b1v8xokw oo9gr5id hzawbc8m\" dir=\"auto\"> <a class=\"oajrlxb2 g5ia77u1 qu0x051f esr5mh6w e9989ue4 r7d6kgcz rq0escxv nhd2j8a9 nc684nl6 p7hjln8o kvgmc6g5 cxmmr5t8 oygrvhab hcukyx3x jb3vyjys rz4wbd8a qt6c0cv9 a8nywdso i1ao9s8h esuyzwwr f1sip0of lzcic4wl gpro0wi8 q66pz984 b1v8xokw\" role=\"link\" href=\"https:\/\/www.facebook.com\/hashtag\/elvallebaxudepe%C3%B1amellera?__eep__=6&amp;__gid__=225313300642&amp;__cft__[0]=AZXH2IyPd-FZunDrZNqC53CO6ePkujxRW-ULhplTiXll7kiUSeqIl0V7oxj31gdQg1cOa5AFfFqHqim51n1a5vdlXPWT3mVXqnJQ2oIA2BgkHQEm6pou7eYY_hiE5QQM_1lyOXHsshZZB7mdwH1HAnvywKInXRmS6Q0AU1l43JTXm1hE_n25yqUt-qG71Si-eJo&amp;__tn__=*NK-R\">#ElValleBaxudePe\u00f1amellera<\/a> (<a class=\"oajrlxb2 g5ia77u1 qu0x051f esr5mh6w e9989ue4 r7d6kgcz rq0escxv nhd2j8a9 nc684nl6 p7hjln8o kvgmc6g5 cxmmr5t8 oygrvhab hcukyx3x jb3vyjys rz4wbd8a qt6c0cv9 a8nywdso i1ao9s8h esuyzwwr f1sip0of lzcic4wl gpro0wi8 py34i1dx\" role=\"link\" href=\"https:\/\/sede.asturias.es\/bopa\/2021\/12\/31\/2021-11352.pdf?fbclid=IwAR0X6wIP3SNDs9bDG2eBo1MV2b9CSgV3FoAkiVExwyqHJTIh6fXov1xw4Sk\" target=\"_blank\" rel=\"nofollow noopener\">https:\/\/sede.asturias.es\/bopa\/2021\/12\/31\/2021-11352.pdf<\/a>)<\/span><\/li>\n<\/ul>\n<\/div>\n<div class=\"cxmmr5t8 oygrvhab hcukyx3x c1et5uql o9v6fnle ii04i59q\">\n<div dir=\"auto\">Los decretos han entrar en vigor a los venti d\u00edes de la so publicaci\u00f3n nel Bolet\u00edn Oficial del Princip\u00e1u d\u2019Asturies (BOPA). Dende esi momentu, les alministraciones p\u00fabliques van poder facer usu de los t\u00e9rminos oficializaos, tanto na cartograf\u00eda oficial como, pasu ente pasu, nes se\u00f1alizaciones y rotulaciones topon\u00edmiques.<\/div>\n<\/div>\n<\/div>\n<\/div>\n<\/div>\n<\/div>\n<\/div>\n<p>&nbsp;<\/p>\n","protected":false},"excerpt":{"rendered":"<p>El Conseyu de Gobiernu aprob\u00f3 na so reuni\u00f3n de g\u00fcei, 22 d\u2019avientu del 2021, la toponimia oficial de Llanera y El Valle Baju de Pe\u00f1amellera, depu\u00e9s de qu\u2019estos conceyos validaren el dictame emit\u00edu pola Xunta Asesora de Toponimia. Fonte noticia: Pol\u00edtica Lling\u00fc\u00edstica Pol\u00edtica Lling\u00fc\u00edstica \/\u00a0 facebook<\/p>\n","protected":false},"author":117,"featured_media":0,"comment_status":"open","ping_status":"open","sticky":false,"template":"","format":"standard","meta":{"footnotes":""},"categories":[17],"tags":[],"class_list":["post-791","post","type-post","status-publish","format-standard","hentry","category-toponimia","post-preview"],"_links":{"self":[{"href":"https:\/\/edublog.educastur.es\/llingua\/wp-json\/wp\/v2\/posts\/791","targetHints":{"allow":["GET"]}}],"collection":[{"href":"https:\/\/edublog.educastur.es\/llingua\/wp-json\/wp\/v2\/posts"}],"about":[{"href":"https:\/\/edublog.educastur.es\/llingua\/wp-json\/wp\/v2\/types\/post"}],"author":[{"embeddable":true,"href":"https:\/\/edublog.educastur.es\/llingua\/wp-json\/wp\/v2\/users\/117"}],"replies":[{"embeddable":true,"href":"https:\/\/edublog.educastur.es\/llingua\/wp-json\/wp\/v2\/comments?post=791"}],"version-history":[{"count":3,"href":"https:\/\/edublog.educastur.es\/llingua\/wp-json\/wp\/v2\/posts\/791\/revisions"}],"predecessor-version":[{"id":804,"href":"https:\/\/edublog.educastur.es\/llingua\/wp-json\/wp\/v2\/posts\/791\/revisions\/804"}],"wp:attachment":[{"href":"https:\/\/edublog.educastur.es\/llingua\/wp-json\/wp\/v2\/media?parent=791"}],"wp:term":[{"taxonomy":"category","embeddable":true,"href":"https:\/\/edublog.educastur.es\/llingua\/wp-json\/wp\/v2\/categories?post=791"},{"taxonomy":"post_tag","embeddable":true,"href":"https:\/\/edublog.educastur.es\/llingua\/wp-json\/wp\/v2\/tags?post=791"}],"curies":[{"name":"wp","href":"https:\/\/api.w.org\/{rel}","templated":true}]}}