{"id":805,"date":"2021-12-28T12:00:31","date_gmt":"2021-12-28T10:00:31","guid":{"rendered":"https:\/\/edublog.educastur.es\/llingua\/?p=805"},"modified":"2022-01-01T13:29:12","modified_gmt":"2022-01-01T11:29:12","slug":"andres-solar-marta-mori","status":"publish","type":"post","link":"https:\/\/edublog.educastur.es\/llingua\/andres-solar-marta-mori\/","title":{"rendered":"Andr\u00e9s Solar (Marta Mori)"},"content":{"rendered":"<div class=\"td_block_wrap tdb_title tdi_65 tdb-single-title td-pb-border-top td_block_template_1\" data-td-block-uid=\"tdi_65\">\n<div class=\"tdb-block-inner td-fix-index\">\n<h1 class=\"tdb-title-text\" style=\"text-align: center\"><a href=\"https:\/\/www.nortes.me\/2021\/12\/27\/andres-solar-lescritor-y-la-tierra\/\"><span style=\"color: #008080\"><em>Andr\u00e9s Solar: L\u2019escritor y la tierra<\/em><\/span><\/a><\/h1>\n<\/div>\n<\/div>\n<div class=\"td_block_wrap tdb_single_subtitle tdi_66 td-pb-border-top td_block_template_1\" data-td-block-uid=\"tdi_66\">\n<div class=\"tdb-block-inner td-fix-index\">\n<p>Con ventinueve a\u00f1os nam\u00e1s, Andres\u00edn el de Deva, que ye como se refer\u00eden a \u00e9l davezu, taba consider\u00e1u como una promesa de la lliteratura nueva n\u2019asturianu.<\/p>\n<\/div>\n<\/div>\n<div class=\"vc_row_inner tdi_68  vc_row vc_inner wpb_row td-pb-row\">\n<div class=\"vc_column_inner tdi_70  wpb_column vc_column_container tdc-inner-column td-pb-span6\">\n<div class=\"vc_column-inner\">\n<div class=\"wpb_wrapper\">\n<div class=\"td_block_wrap tdb_single_author tdi_71 td-pb-border-top td_block_template_1 tdb-post-meta\" data-td-block-uid=\"tdi_71\">\n<div class=\"tdb-block-inner td-fix-index\">\n<ul>\n<li class=\"tdb-author-name-wrap\"><span class=\"tdb-author-by\"><a href=\"https:\/\/www.nortes.me\/2021\/12\/27\/andres-solar-lescritor-y-la-tierra\/\">Fonte: Nortes.me<\/a> \/ Por<\/span> <a class=\"tdb-author-name\" href=\"https:\/\/www.nortes.me\/author\/mori\/\">Marta Mori<\/a><\/li>\n<\/ul>\n<\/div>\n<\/div>\n<\/div>\n<\/div>\n<\/div>\n<\/div>\n<div class=\"td_block_wrap tdb_single_featured_image tdi_77 tdb-content-horiz-left td-pb-border-top td_block_template_1\" data-td-block-uid=\"tdi_77\">\n<div class=\"tdb-block-inner td-fix-index\" style=\"text-align: center\">\n<figure><a href=\"https:\/\/www.nortes.me\/wp-content\/uploads\/2021\/12\/andres_solar3-1068x1068.jpg\"><img loading=\"lazy\" decoding=\"async\" class=\"entry-thumb ls-is-cached lazyloaded td-animation-stack-type0-2 alignnone\" title=\"andr\u00e9s_solar3\" src=\"https:\/\/www.nortes.me\/wp-content\/uploads\/2021\/12\/andres_solar3-1068x1068.jpg\" alt=\"\" width=\"470\" height=\"470\" data-src=\"https:\/\/www.nortes.me\/wp-content\/uploads\/2021\/12\/andres_solar3-1068x1068.jpg\" data-sizes=\"(max-width: 1068px) 100vw, 1068px\" \/><\/a><figcaption class=\"tdb-caption-text\"><em>Ilustraci\u00f3n: Se\u00f1ora Milton.<\/em><\/figcaption><\/figure>\n<\/div>\n<\/div>\n<div class=\"vc_row_inner tdi_79  vc_row vc_inner wpb_row td-pb-row\">\n<div class=\"vc_column_inner tdi_86  wpb_column vc_column_container tdc-inner-column td-pb-span8\">\n<div class=\"vc_column-inner\">\n<div class=\"wpb_wrapper\">\n<div class=\"td_block_wrap tdb_single_content tdi_87 td-pb-border-top td_block_template_1 td-post-content tagdiv-type\" data-td-block-uid=\"tdi_87\">\n<div class=\"tdb-block-inner td-fix-index\">\n<p><!--more--><\/p>\n<p>El 27 d\u2019avientu de 1984 muerre nun accidente de tr\u00e1ficu l\u2019escritor <strong>Andr\u00e9s Solar<\/strong>. La noticia causa un pesar indescribible nos ambientes asturianistes, onde yera bien conoc\u00edu. Con ventinueve a\u00f1os nam\u00e1s, <em>Andres\u00edn el de Deva<\/em>, que ye como se refer\u00eden a \u00e9l davezu, taba consider\u00e1u como una promesa de la lliteratura nueva n\u2019asturianu, la qu\u2019a partir de 1991 diba denomase, por iniciativa de <strong>Xuan Xos\u00e9 S\u00e1nchez Vicente<\/strong>, lliteratura del <em>Surdimientu<\/em>.<\/p>\n<figure class=\"wp-block-image size-large is-resized\"><img loading=\"lazy\" decoding=\"async\" class=\"wp-image-39412 td-animation-stack-type0-2 lazyloaded aligncenter\" src=\"https:\/\/www.nortes.me\/wp-content\/uploads\/2021\/12\/andres_solar2-1024x768.jpg\" alt=\"\" width=\"516\" height=\"387\" data-srcset=\"https:\/\/www.nortes.me\/wp-content\/uploads\/2021\/12\/andres_solar2-1024x768.jpg 1024w, https:\/\/www.nortes.me\/wp-content\/uploads\/2021\/12\/andres_solar2-300x225.jpg 300w, https:\/\/www.nortes.me\/wp-content\/uploads\/2021\/12\/andres_solar2-768x576.jpg 768w, https:\/\/www.nortes.me\/wp-content\/uploads\/2021\/12\/andres_solar2-150x113.jpg 150w, https:\/\/www.nortes.me\/wp-content\/uploads\/2021\/12\/andres_solar2-696x522.jpg 696w, https:\/\/www.nortes.me\/wp-content\/uploads\/2021\/12\/andres_solar2-1068x801.jpg 1068w, https:\/\/www.nortes.me\/wp-content\/uploads\/2021\/12\/andres_solar2-scaled.jpg 1200w\" data-src=\"https:\/\/www.nortes.me\/wp-content\/uploads\/2021\/12\/andres_solar2-1024x768.jpg\" data-sizes=\"(max-width: 516px) 100vw, 516px\" \/><\/figure>\n<p>Anque la obra publicada nun yera muncha y taba dispersa n\u2019antolox\u00edes y revistes como <em><strong>Lletres Asturianes<\/strong><\/em>, Andr\u00e9s Solar y\u00e1 gozaba naquel momentu del reconocimientu que-y dieran los distintos premios lliterarios ganaos como cuentista y la condici\u00f3n de collaborador nel <em><strong>Alitar Asturies<\/strong><\/em>, lo que-y vali\u00f3\u2019l nomamientu, en 1981, como miembru correspondiente de l\u2019Academia de la Llingua Asturiana. La publicaci\u00f3n, en 1986, por parte d\u2019esta instituci\u00f3n, del llibru <em><strong>Andr\u00e9s Solar: Obres in\u00e9dites<\/strong><\/em> diba descubrilu como \u00fan de los escritores m\u00e1s relevantes de la primera promoci\u00f3n del Surdimientu, autor de cuarenta poemes y alguna traducci\u00f3n, pero sobre too, d\u2019un pi\u00f1u de cuentos bien curiosu, en volume y en calid\u00e1.<\/p>\n<figure class=\"wp-block-image size-large\"><img loading=\"lazy\" decoding=\"async\" class=\"wp-image-21786 td-animation-stack-type0-2 lazyloaded aligncenter\" src=\"https:\/\/www.nortes.me\/wp-content\/uploads\/2021\/05\/bable_escueles-1024x706.jpg\" alt=\"\" width=\"1024\" height=\"706\" data-srcset=\"https:\/\/www.nortes.me\/wp-content\/uploads\/2021\/05\/bable_escueles-1024x706.jpg 1024w, https:\/\/www.nortes.me\/wp-content\/uploads\/2021\/05\/bable_escueles-300x207.jpg 300w, https:\/\/www.nortes.me\/wp-content\/uploads\/2021\/05\/bable_escueles-768x529.jpg 768w, https:\/\/www.nortes.me\/wp-content\/uploads\/2021\/05\/bable_escueles-150x103.jpg 150w, https:\/\/www.nortes.me\/wp-content\/uploads\/2021\/05\/bable_escueles-218x150.jpg 218w, https:\/\/www.nortes.me\/wp-content\/uploads\/2021\/05\/bable_escueles-696x480.jpg 696w, https:\/\/www.nortes.me\/wp-content\/uploads\/2021\/05\/bable_escueles-1068x736.jpg 1068w, https:\/\/www.nortes.me\/wp-content\/uploads\/2021\/05\/bable_escueles-100x70.jpg 100w, https:\/\/www.nortes.me\/wp-content\/uploads\/2021\/05\/bable_escueles.jpg 1200w\" data-src=\"https:\/\/www.nortes.me\/wp-content\/uploads\/2021\/05\/bable_escueles-1024x706.jpg\" data-sizes=\"(max-width: 1024px) 100vw, 1024px\" \/><figcaption>Manifestaci\u00f3n \u201cBable a la escuela. Autonom\u00eda rexonal\u201d, Xix\u00f3n, 1976.<\/figcaption><\/figure>\n<p>Andr\u00e9s Solar ye \u00fan de los pocos casos que se puen contar nes lletres asturianes d\u2019escritor de condici\u00f3n popular que combin\u00f3 la escritura lliteraria col trabayu de la tierra. La so obra narrativa espeya\u2019l mundu qu\u2019habit\u00f3: un mundu rural del que nun queden escluy\u00edes les referencies urbanes ocasionales -naci\u00f3 y vivi\u00f3 tola vida en Deva, a pocos quil\u00f3metros de la villa <strong>Xix\u00f3n<\/strong>-; un mundu, por ciertu, que taba cambiando muncho, dexando atr\u00e1s dellos rasgos de la tradici\u00f3n, como\u2019l dominiu paternu qu\u2019\u00e9l denuncia en dellos cuentos, y descubriendo otros, como les se\u00f1es d\u2019identid\u00e1 que proporcionaben la m\u00fasica y la llingua llariegues; un mundu, en definitiva, que daquella empezaba a representase pela primer vez de manera realista, evitando la caricatura y el clix\u00e9.<\/p>\n<blockquote class=\"wp-block-quote\"><p><em><span style=\"color: #008080\">\u201cYe \u00fan de los pocos casos que se puen contar nes lletres asturianes d\u2019escritor de condici\u00f3n popular que combin\u00f3 la escritura lliteraria col trabayu de la tierra\u201d<\/span><\/em><\/p><\/blockquote>\n<p>El fechu de qu\u2019Andr\u00e9s Solar fuera un paisanu que trabayaba nuna caser\u00eda pod\u00eda convertilu nun escritor ex\/c\u00e9ntricu, manch\u00e1u por una falta -la formaci\u00f3n universitaria qu\u2019adorna a la mayor\u00eda de los artistes- o marc\u00e1u por una anormalid\u00e1 -la de nun ser un esili\u00e1u na urbe, como lo son munchos escritores del Surdimientu-. En realid\u00e1, nunca foi asina. El movimientu de reivindicaci\u00f3n del asturianu qu\u2019abeyaba alredor de <strong>Conceyu Bable<\/strong>, organizaci\u00f3n onde s\u2019inxert\u00f3 a finales de los a\u00f1os setenta, valoraba enforma los conocimientos lling\u00fc\u00edsticos que ten\u00eda como falante patrimonial y ensiguida supo reconocer el so talentu natural y, por qu\u00e9 nun dicilo, el so talante combativu. Andr\u00e9s Solar nun yera un elementu accesoriu: taba nel centru del movimientu lling\u00fc\u00edsticu, lliterariu y pol\u00edticu que se taba desarrollando.<\/p>\n<figure class=\"wp-block-image size-large\"><img loading=\"lazy\" decoding=\"async\" class=\"wp-image-35867 lazyloaded td-animation-stack-type0-2\" src=\"https:\/\/www.nortes.me\/wp-content\/uploads\/2021\/10\/photo_2021-10-19_10-25-25-1024x576.jpg\" alt=\"\" width=\"1024\" height=\"576\" data-srcset=\"https:\/\/www.nortes.me\/wp-content\/uploads\/2021\/10\/photo_2021-10-19_10-25-25-1024x576.jpg 1024w, https:\/\/www.nortes.me\/wp-content\/uploads\/2021\/10\/photo_2021-10-19_10-25-25-300x169.jpg 300w, https:\/\/www.nortes.me\/wp-content\/uploads\/2021\/10\/photo_2021-10-19_10-25-25-768x432.jpg 768w, https:\/\/www.nortes.me\/wp-content\/uploads\/2021\/10\/photo_2021-10-19_10-25-25-150x84.jpg 150w, https:\/\/www.nortes.me\/wp-content\/uploads\/2021\/10\/photo_2021-10-19_10-25-25-696x392.jpg 696w, https:\/\/www.nortes.me\/wp-content\/uploads\/2021\/10\/photo_2021-10-19_10-25-25-1068x601.jpg 1068w, https:\/\/www.nortes.me\/wp-content\/uploads\/2021\/10\/photo_2021-10-19_10-25-25-scaled.jpg 1200w\" data-src=\"https:\/\/www.nortes.me\/wp-content\/uploads\/2021\/10\/photo_2021-10-19_10-25-25-1024x576.jpg\" data-sizes=\"(max-width: 1024px) 100vw, 1024px\" \/><figcaption>Pintada de Conceyu Bable na Transici\u00f3n<\/figcaption><\/figure>\n<p>Con too, ye angua\u00f1o, m\u00e1s de cuarenta a\u00f1os depu\u00e9s, nestos momentos en qu\u2019Asturies empieza a desprendese de la tensi\u00f3n simb\u00f3lica ente\u2019l campu y la ciud\u00e1, cuando tamos en condiciones d\u2019entender l\u2019algame de la so escritura. Andr\u00e9s Solar demostr\u00f3 cuantay\u00e1 que se pue escribir n\u2019asturianu sin ser el voceru d\u2019un mundu y una llingua agonizantes. Pue escribise n\u2019asturianu, como lo fizo \u00e9l, tratando cuestiones d\u2019inter\u00e9s xeneral, como la rebeli\u00f3n contra l\u2019autorid\u00e1 -la ilesia y la escuela franquistes de les que renegaba- o la soled\u00e1 esistencial, na llingua propia, aprendida en casa, y nel marcu d\u2019un paisaxe que conocemos, porque ye\u2019l nuestru. Pue escribise sobre l\u2019Asturies rural del nuestru tiempu, que nun ye nin meyor nin peor que la de les ciudaes o la d\u2019anta\u00f1u, faciendo una representaci\u00f3n <em>dende dientro<\/em>, non colos g\u00fceyos emprestaos que fixen sobre n\u00f3s dende fuera d\u2019Asturies, mesmo cuando somos n\u00f3s quien falamos. Pue facese y facelo ye dafechamente contempor\u00e1neo.<\/p>\n<\/div>\n<\/div>\n<\/div>\n<\/div>\n<\/div>\n<\/div>\n<p>&nbsp;<\/p>\n","protected":false},"excerpt":{"rendered":"<p>Andr\u00e9s Solar: L\u2019escritor y la tierra Con ventinueve a\u00f1os nam\u00e1s, Andres\u00edn el de Deva, que ye como se refer\u00eden a \u00e9l davezu, taba consider\u00e1u como una promesa de la lliteratura nueva n\u2019asturianu. Fonte: Nortes.me \/ Por Marta Mori Ilustraci\u00f3n: Se\u00f1ora Milton.<\/p>\n","protected":false},"author":117,"featured_media":0,"comment_status":"open","ping_status":"open","sticky":false,"template":"","format":"standard","meta":{"footnotes":""},"categories":[1],"tags":[],"class_list":["post-805","post","type-post","status-publish","format-standard","hentry","category-sin-categoria","post-preview"],"_links":{"self":[{"href":"https:\/\/edublog.educastur.es\/llingua\/wp-json\/wp\/v2\/posts\/805","targetHints":{"allow":["GET"]}}],"collection":[{"href":"https:\/\/edublog.educastur.es\/llingua\/wp-json\/wp\/v2\/posts"}],"about":[{"href":"https:\/\/edublog.educastur.es\/llingua\/wp-json\/wp\/v2\/types\/post"}],"author":[{"embeddable":true,"href":"https:\/\/edublog.educastur.es\/llingua\/wp-json\/wp\/v2\/users\/117"}],"replies":[{"embeddable":true,"href":"https:\/\/edublog.educastur.es\/llingua\/wp-json\/wp\/v2\/comments?post=805"}],"version-history":[{"count":1,"href":"https:\/\/edublog.educastur.es\/llingua\/wp-json\/wp\/v2\/posts\/805\/revisions"}],"predecessor-version":[{"id":806,"href":"https:\/\/edublog.educastur.es\/llingua\/wp-json\/wp\/v2\/posts\/805\/revisions\/806"}],"wp:attachment":[{"href":"https:\/\/edublog.educastur.es\/llingua\/wp-json\/wp\/v2\/media?parent=805"}],"wp:term":[{"taxonomy":"category","embeddable":true,"href":"https:\/\/edublog.educastur.es\/llingua\/wp-json\/wp\/v2\/categories?post=805"},{"taxonomy":"post_tag","embeddable":true,"href":"https:\/\/edublog.educastur.es\/llingua\/wp-json\/wp\/v2\/tags?post=805"}],"curies":[{"name":"wp","href":"https:\/\/api.w.org\/{rel}","templated":true}]}}