{"id":818,"date":"2022-01-12T22:52:41","date_gmt":"2022-01-12T20:52:41","guid":{"rendered":"https:\/\/edublog.educastur.es\/llingua\/?p=818"},"modified":"2022-01-12T22:54:43","modified_gmt":"2022-01-12T20:54:43","slug":"la-verdadera-calificacion-llinguistica-del-asturianu-segun-xovellanos","status":"publish","type":"post","link":"https:\/\/edublog.educastur.es\/llingua\/la-verdadera-calificacion-llinguistica-del-asturianu-segun-xovellanos\/","title":{"rendered":"\u00abLa verdadera calificaci\u00f3n lling\u00fc\u00edstica del asturianu seg\u00fan Xovellanos\u00bb,"},"content":{"rendered":"<div class=\"kvgmc6g5 cxmmr5t8 oygrvhab hcukyx3x c1et5uql ii04i59q\">\n<div dir=\"auto\" style=\"text-align: center\">\n<!-- iframe plugin v.6.0 wordpress.org\/plugins\/iframe\/ -->\n<iframe loading=\"lazy\" src=\"https:\/\/www.facebook.com\/plugins\/post.php?href=https%3A%2F%2Fwww.facebook.com%2Finiciativapolasturianu%2Fphotos%2Fa.193115490783077%2F4910783795682866%2F%3Ftype%3D3&#038;show_text=true&#038;width=500\" width=\"500\" height=\"498\" style=\"border:none;overflow:hidden\" scrolling=\"no\" frameborder=\"0\" allowfullscreen=\"true\" allow=\"autoplay; clipboard-write; encrypted-media; picture-in-picture; web-share\" 0=\"\/iframe\" class=\"iframe-class\"><\/iframe>\n<\/div>\n<div dir=\"auto\">\u00abLa verdadera calificaci\u00f3n lling\u00fc\u00edstica del asturianu seg\u00fan Xovellanos\u00bb, art\u00edculu de Daniel Garc\u00eda-Pedrayes nel n\u00famberu 15 de la revista Fri\u00faz.<\/div>\n<\/div>\n<div class=\"cxmmr5t8 oygrvhab hcukyx3x c1et5uql o9v6fnle ii04i59q\">\n<div dir=\"auto\"><span class=\"pq6dq46d tbxw36s4 knj5qynh kvgmc6g5 ditlmg2l oygrvhab nvdbi5me sf5mxxl7 gl3lb2sf hhz5lgdu\"><img loading=\"lazy\" decoding=\"async\" src=\"https:\/\/static.xx.fbcdn.net\/images\/emoji.php\/v9\/taa\/1.5\/16\/1f449.png\" alt=\"?\" width=\"16\" height=\"16\" \/><\/span> Llee equ\u00ed l&#8217;art\u00edculu y espardi <span class=\"pq6dq46d tbxw36s4 knj5qynh kvgmc6g5 ditlmg2l oygrvhab nvdbi5me sf5mxxl7 gl3lb2sf hhz5lgdu\"><img loading=\"lazy\" decoding=\"async\" src=\"https:\/\/static.xx.fbcdn.net\/images\/emoji.php\/v9\/t19\/1.5\/16\/2935.png\" alt=\"\u2935\ufe0f\" width=\"16\" height=\"16\" \/><\/span><\/div>\n<ul>\n<li><a href=\"https:\/\/www.facebook.com\/iniciativapolasturianu\/photos\/pcb.4910783905682855\/4910783795682866\/\">Fonte: Iniciativa pol Asturianu<\/a><\/li>\n<li><a href=\"http:\/\/www.ateneovillaviciosa.es\/wp-content\/uploads\/2021\/12\/Friuz.15.pdf\">Descarga N\u00ba 15 revista Fri\u00faz<\/a> (<a href=\"http:\/\/www.ateneovillaviciosa.es\/numberu-15-de-la-revista-friuz\/\">web<\/a>)<\/li>\n<\/ul>\n<\/div>\n","protected":false},"excerpt":{"rendered":"<p>\u00abLa verdadera calificaci\u00f3n lling\u00fc\u00edstica del asturianu seg\u00fan Xovellanos\u00bb, art\u00edculu de Daniel Garc\u00eda-Pedrayes nel n\u00famberu 15 de la revista Fri\u00faz. Llee equ\u00ed l&#8217;art\u00edculu y espardi Fonte: Iniciativa pol Asturianu Descarga N\u00ba 15 revista Fri\u00faz (web)<\/p>\n","protected":false},"author":117,"featured_media":0,"comment_status":"open","ping_status":"open","sticky":false,"template":"","format":"standard","meta":{"footnotes":""},"categories":[22],"tags":[],"class_list":["post-818","post","type-post","status-publish","format-standard","hentry","category-iniciativa-pol-asturianu","post-preview"],"_links":{"self":[{"href":"https:\/\/edublog.educastur.es\/llingua\/wp-json\/wp\/v2\/posts\/818","targetHints":{"allow":["GET"]}}],"collection":[{"href":"https:\/\/edublog.educastur.es\/llingua\/wp-json\/wp\/v2\/posts"}],"about":[{"href":"https:\/\/edublog.educastur.es\/llingua\/wp-json\/wp\/v2\/types\/post"}],"author":[{"embeddable":true,"href":"https:\/\/edublog.educastur.es\/llingua\/wp-json\/wp\/v2\/users\/117"}],"replies":[{"embeddable":true,"href":"https:\/\/edublog.educastur.es\/llingua\/wp-json\/wp\/v2\/comments?post=818"}],"version-history":[{"count":3,"href":"https:\/\/edublog.educastur.es\/llingua\/wp-json\/wp\/v2\/posts\/818\/revisions"}],"predecessor-version":[{"id":821,"href":"https:\/\/edublog.educastur.es\/llingua\/wp-json\/wp\/v2\/posts\/818\/revisions\/821"}],"wp:attachment":[{"href":"https:\/\/edublog.educastur.es\/llingua\/wp-json\/wp\/v2\/media?parent=818"}],"wp:term":[{"taxonomy":"category","embeddable":true,"href":"https:\/\/edublog.educastur.es\/llingua\/wp-json\/wp\/v2\/categories?post=818"},{"taxonomy":"post_tag","embeddable":true,"href":"https:\/\/edublog.educastur.es\/llingua\/wp-json\/wp\/v2\/tags?post=818"}],"curies":[{"name":"wp","href":"https:\/\/api.w.org\/{rel}","templated":true}]}}