{"id":822,"date":"2022-01-14T19:57:44","date_gmt":"2022-01-14T17:57:44","guid":{"rendered":"https:\/\/edublog.educastur.es\/llingua\/?p=822"},"modified":"2022-01-14T20:01:39","modified_gmt":"2022-01-14T18:01:39","slug":"nacho-vegas-llanzal-so-trabayu-nuevu","status":"publish","type":"post","link":"https:\/\/edublog.educastur.es\/llingua\/nacho-vegas-llanzal-so-trabayu-nuevu\/","title":{"rendered":"Nacho Vegas llanza\u2019l so trabayu nuevu"},"content":{"rendered":"<ul>\n<li><a href=\"https:\/\/musicasturiana.com\/nacho-vegas-llanzal-so-trabayu-nuevu-quinclui-dos-temes-nasturianu-escritos-por-pablo-texon\/\">Fonte: MusicAsturiana.com<\/a><\/li>\n<\/ul>\n<div class=\"qode-post-text-main\">\n<h2 class=\"entry-title qode-post-title\"><span style=\"font-size: 14pt\"><em><a href=\"https:\/\/es.wikipedia.org\/wiki\/Nacho_Garc%C3%ADa_Vega\">Nacho Vegas<\/a> llanza\u2019l so trabayu nuevu, qu\u2019incl\u00fai dos temes n\u2019asturianu escritos por Pablo Tex\u00f3n<\/em><\/span><\/h2>\n<p style=\"text-align: center\"><a href=\"https:\/\/www.efeeme.com\/wp-content\/uploads\/2018\/05\/nacho-vegas-28-05-18-a.jpg\"><img loading=\"lazy\" decoding=\"async\" class=\"alignnone\" src=\"https:\/\/www.efeeme.com\/wp-content\/uploads\/2018\/05\/nacho-vegas-28-05-18-a.jpg\" alt=\"\" width=\"519\" height=\"371\" \/><\/a><\/p>\n<\/div>\n<p>\u2018<strong>Mundos Inm\u00f3viles Derrumb\u00e1ndose<\/strong>\u2018 ye\u2019l discu nuevu de <a href=\"https:\/\/musicasturiana.com\/wp-content\/uploads\/2022\/01\/nacho-vegas-promo-2022.jpg\"><strong>Nacho Vegas<\/strong><\/a> qu\u2019asoleya esti vienres 14 de xineru. El <strong>cantautor xixon\u00e9s <\/strong>regresa col so novenu \u00e1lbum de llarga duraci\u00f3n en solitario y n\u00e9l destaca qu\u2019incorpora <strong>dos cantares n\u2019asturianu<\/strong> con lletra firmada por <strong>Pablo Tex\u00f3n<\/strong>.<\/p>\n<p><!--more--><\/p>\n<p>\u00abS\u00e9 qu\u2019\u00e9l va munchos a\u00f1os que sigue la mio obra y llevo vi\u00e9ndolu dende 1996, que foi la primer vez que fui a un conciertu de Manta Ray\u00bb, comenta l\u2019escritor sobre l\u2019orixe d\u2019esta <strong>collaboraci\u00f3n ente los dos<\/strong>.<\/p>\n<p>\u00abCuando escribo lletres, siempre trabayo por encargu y eso ye lo que m\u00e1s me presta, ser a asumir una personalid\u00e1 distinta de la mio ensin perder la identid\u00e1 propia. Ent\u00f3s, eso de mano: <strong>Nacho pidi\u00f3me una versi\u00f3n del \u201cSummer\u2019s end\u201d, de John Prine y una a\u00f1ada cruel<\/strong>\u00bb, desplica Tex\u00f3n. La versi\u00f3n \u201c<strong>Muerre\u2019l branu<\/strong>\u201d nam\u00e1s se pue sentir nel discu en <strong>formatu f\u00edsicu<\/strong> y l\u2019escritor esclaria que s\u2019adapta \u00abal esquema m\u00e9tricu del orixinal de John Prine, pero la<strong> lletra ye nueva dafechu<\/strong> (nun ye una traducci\u00f3n) y nun tien nada que ver col orixinal. Ye un testu nuevu enllenu, por cierto, de referencies a la narrativa de Raymond Carver\u00bb.<\/p>\n<p>Sobre l\u2019otru de los cantares n\u2019asturianu del discu, \u201c<strong>Un principiu de crueld\u00e1<\/strong>\u201c, Pablo Tex\u00f3n a\u00f1ade que \u00abye una <strong>a\u00f1ada cruel y tr\u00e1xica<\/strong>, con un t\u00edtulu bas\u00e1u nel conceptu acu\u00f1\u00e1u por Cl\u00e9ment Rosser\u00bb. \u00abNesti casu trabay\u00e9 sobre la melod\u00eda tarariada por Nacho pa marcar la m\u00e9trica\u00bb, matiza l\u2019escritor ayer\u00e1n.<\/p>\n<p><strong>Compromisu lling\u00fc\u00edsticu<\/strong><\/p>\n<p>\u201cUn principiu de crueld\u00e1\u201d y \u201cMuerre\u2019l branu\u201d s\u00famase al <strong>llist\u00e1u de temes <\/strong>que Nacho Vegas -\u00fan de los cantautores m\u00e1s reconoc\u00edos del panorama<strong> indie estatal <\/strong>y con milenta siguidores en Llatinoam\u00e9rica- <strong>comp\u00f3n n\u2019asturianu<\/strong>. \u201c<strong>Lluz d\u2019agostu en Xix\u00f3n<\/strong>\u201d (Oro Salitre y Carb\u00f3n, 2020), \u201c<strong>A les rexes de la c\u00e1rcel<\/strong>\u201d (2019), \u201c<strong>Hipop\u00f3tamu Llambion\u00f3tamu<\/strong>\u201d (nel compilatoriu <a href=\"https:\/\/musicasturiana.com\/producto\/vv-aa-cd-bestiariu-2\/\" target=\"_blank\" rel=\"noreferrer noopener\">Bestiariu 2<\/a>, 2016), \u201c<strong>L\u2019Afogu\u00edn<\/strong>\u201d (Canciones Populistas, 2015), son dalgunes de les pieces que\u2019l xixon\u00e9s interpreta dafechu na llingua aut\u00f3ctona y que s\u2019amesten a <strong>otres con fragmentos n\u2019asturianu<\/strong> como \u201c<strong>Big Crunch<\/strong>\u201d (Mundos Inm\u00f3viles Derrumb\u00e1ndose, 2022), \u201c<strong>Aida<\/strong>\u201d (Viol\u00e9tica, 2018), o \u201c<strong>Vinu, cantares y amor<\/strong>\u201d (Canciones Populistas, 2015).<\/p>\n<div class=\"wp-block-spacer\" aria-hidden=\"true\"><\/div>\n<p>Am\u00e1s, Vegas tien participao en <strong>proyectos musicales n\u2019asturianu<\/strong> como <strong><a href=\"https:\/\/open.spotify.com\/artist\/5VRYHQIsJMhl7b9TS2I1ap?si=9jFcdIhwRiirdttb8dSWlA\" target=\"_blank\" rel=\"noreferrer noopener\">Diariu<\/a><\/strong>, fechu a medies col m\u00fasicu, escritor y realizador audiovisual <strong>Ram\u00f3n Lluis Bande<\/strong>, y col qu\u2019asoley\u00f3 dos discos en 1997 y 1999. <strong><a href=\"https:\/\/musicasturiana.com\/producto\/lucas-15-cd-lucas-15\/\" target=\"_blank\" rel=\"noreferrer noopener\">Lucas 15<\/a> <\/strong>ye otra d\u2019estes esperiencies cola que llanz\u00f3 un discu de sonad\u00eda en 2008. Nella, \u00e9l y <strong>Xel Pereda<\/strong> (Llan de Cubel, Felpeyu), reellaboraron temes del <strong>cancioneru popular asturianu <\/strong>dende una perspectiva de rock alternativu. Tami\u00e9n el<a href=\"https:\/\/www.instagram.com\/alaltulalleva\/\" target=\"_blank\" rel=\"noreferrer noopener\"> <strong>Coru Antifacista Al Altu La lleva<\/strong><\/a>, qu\u2019acompa\u00f1a al cantautor en dellos de los sos conciertos, grabaciones y acciones de denuncia, ye otru nome vencey\u00e1u a esti m\u00fasicu qu\u2019usa l\u2019asturianu na so trayectoria.<\/p>\n<div class=\"wp-block-spacer\" aria-hidden=\"true\"><\/div>\n<p>Gracies a estos <strong>cantares y proyectos<\/strong>, a<strong> declaraciones p\u00fabliques<\/strong> en defensa del asturianu, y a participar n\u2019eventos como\u2019l <strong>Conciertu Pola Oficialid\u00e1<\/strong>, Nacho Vegas ye \u00fan de los nomes de la m\u00fasica fecha n\u2019Asturies que, anque componga mayoritariamente en castellanu, <strong>visibiliza la realid\u00e1 del idioma aut\u00f3ctonu<\/strong> fuera de les fronteres asturianes.<\/p>\n<div class=\"wp-block-spacer\" aria-hidden=\"true\"><\/div>\n<p><strong>L-R, banda invitada en Xix\u00f3n<\/strong><\/p>\n<p>\u2018Mundos Inm\u00f3viles Derrumb\u00e1ndose\u2019 ye un discu qu\u2019esti m\u00fasicu xixon\u00e9s<strong> compuso en Cua\u00f1a<\/strong> y por eso nun ye casualid\u00e1 que la <strong>xira <\/strong>arranque\u2019l pr\u00f3ximu<strong> 28 de xineru nel Teatru Fantasio de Navia<\/strong>. Tres pasar per delles ciudaes del Est\u00e1u y M\u00e9xicu, va aportar al <strong>Teatru Xovellanos de Xix\u00f3n<\/strong> el 4 de marzu. Nesti conciertu, pal que y\u00e1 t\u00e1n les entraes a la venta, el <strong>d\u00fau post-folk<a href=\"https:\/\/musicasturiana.com\/l-r\"> L-R<\/a><\/strong> va ser la banda invitada p\u2019actuar enantes que\u2019l cantautor.<\/p>\n<h3 style=\"text-align: center\"><span style=\"font-size: 14pt\"><em>Sienti\u2019l discu nes plataformes dixitales<\/em><\/span><\/h3>\n<p style=\"text-align: center\">\n<!-- iframe plugin v.6.0 wordpress.org\/plugins\/iframe\/ -->\n<iframe loading=\"lazy\" src=\"https:\/\/open.spotify.com\/embed?uri=spotify%3Aalbum%3A73kq0BQGLHlbefVFRbVSGw\" width=\"300\" height=\"380\" frameborder=\"0\" allowtransparency=\"true\" allow=\"encrypted-media\" 0=\"\/iframe\" scrolling=\"yes\" class=\"iframe-class\"><\/iframe>\n<\/p>\n<div class=\"qode-post-text-main\">\n<p>&nbsp;<\/p>\n<\/div>\n<p>&nbsp;<\/p>\n<p>&nbsp;<\/p>\n","protected":false},"excerpt":{"rendered":"<p>Fonte: MusicAsturiana.com Nacho Vegas llanza\u2019l so trabayu nuevu, qu\u2019incl\u00fai dos temes n\u2019asturianu escritos por Pablo Tex\u00f3n \u2018Mundos Inm\u00f3viles Derrumb\u00e1ndose\u2018 ye\u2019l discu nuevu de Nacho Vegas qu\u2019asoleya esti vienres 14 de xineru. El cantautor xixon\u00e9s regresa col so novenu \u00e1lbum de llarga duraci\u00f3n en solitario y n\u00e9l destaca qu\u2019incorpora dos cantares n\u2019asturianu con lletra firmada por [&hellip;]<\/p>\n","protected":false},"author":117,"featured_media":0,"comment_status":"open","ping_status":"open","sticky":false,"template":"","format":"standard","meta":{"footnotes":""},"categories":[8],"tags":[],"class_list":["post-822","post","type-post","status-publish","format-standard","hentry","category-musica","post-preview"],"_links":{"self":[{"href":"https:\/\/edublog.educastur.es\/llingua\/wp-json\/wp\/v2\/posts\/822","targetHints":{"allow":["GET"]}}],"collection":[{"href":"https:\/\/edublog.educastur.es\/llingua\/wp-json\/wp\/v2\/posts"}],"about":[{"href":"https:\/\/edublog.educastur.es\/llingua\/wp-json\/wp\/v2\/types\/post"}],"author":[{"embeddable":true,"href":"https:\/\/edublog.educastur.es\/llingua\/wp-json\/wp\/v2\/users\/117"}],"replies":[{"embeddable":true,"href":"https:\/\/edublog.educastur.es\/llingua\/wp-json\/wp\/v2\/comments?post=822"}],"version-history":[{"count":4,"href":"https:\/\/edublog.educastur.es\/llingua\/wp-json\/wp\/v2\/posts\/822\/revisions"}],"predecessor-version":[{"id":826,"href":"https:\/\/edublog.educastur.es\/llingua\/wp-json\/wp\/v2\/posts\/822\/revisions\/826"}],"wp:attachment":[{"href":"https:\/\/edublog.educastur.es\/llingua\/wp-json\/wp\/v2\/media?parent=822"}],"wp:term":[{"taxonomy":"category","embeddable":true,"href":"https:\/\/edublog.educastur.es\/llingua\/wp-json\/wp\/v2\/categories?post=822"},{"taxonomy":"post_tag","embeddable":true,"href":"https:\/\/edublog.educastur.es\/llingua\/wp-json\/wp\/v2\/tags?post=822"}],"curies":[{"name":"wp","href":"https:\/\/api.w.org\/{rel}","templated":true}]}}